{"id":27756,"date":"2022-08-30T16:22:16","date_gmt":"2022-08-30T16:22:16","guid":{"rendered":"https:\/\/www.istituto-bellieni.it\/ninetta-bartoli-contu-de-una-femina-in-politica\/"},"modified":"2022-08-30T16:47:23","modified_gmt":"2022-08-30T16:47:23","slug":"ninetta-bartoli-contu-de-una-femina-in-politica","status":"publish","type":"post","link":"https:\/\/www.istituto-bellieni.it\/sc\/ninetta-bartoli-contu-de-una-femina-in-politica\/","title":{"rendered":"Ninetta Bartoli: contu de una f\u00e8mina in pol\u00ectica"},"content":{"rendered":"\t\t<div data-elementor-type=\"wp-post\" data-elementor-id=\"27756\" class=\"elementor elementor-27756 elementor-27724\" data-elementor-post-type=\"post\">\n\t\t\t\t\t\t<section class=\"elementor-section elementor-top-section elementor-element elementor-element-42758450 elementor-section-boxed elementor-section-height-default elementor-section-height-default\" data-id=\"42758450\" data-element_type=\"section\" data-e-type=\"section\">\n\t\t\t\t\t\t<div class=\"elementor-container elementor-column-gap-default\">\n\t\t\t\t\t<div class=\"elementor-column elementor-col-100 elementor-top-column elementor-element elementor-element-f862549\" data-id=\"f862549\" data-element_type=\"column\" data-e-type=\"column\">\n\t\t\t<div class=\"elementor-widget-wrap elementor-element-populated\">\n\t\t\t\t\t\t<div class=\"elementor-element elementor-element-7a23bef9 elementor-widget elementor-widget-text-editor\" data-id=\"7a23bef9\" data-element_type=\"widget\" data-e-type=\"widget\" data-settings=\"{&quot;ekit_we_effect_on&quot;:&quot;none&quot;}\" data-widget_type=\"text-editor.default\">\n\t\t\t\t<div class=\"elementor-widget-container\">\n\t\t\t\t\t\t\t\t\t\n          <p>\n            <strong>de Adriana Cocco<\/strong>\n          <\/p>\n          <hr>\n        \t\t\t\t\t\t\t\t<\/div>\n\t\t\t\t<\/div>\n\t\t\t\t<div class=\"elementor-element elementor-element-745ce51 elementor-widget elementor-widget-text-editor\" data-id=\"745ce51\" data-element_type=\"widget\" data-e-type=\"widget\" data-settings=\"{&quot;ekit_we_effect_on&quot;:&quot;none&quot;}\" data-widget_type=\"text-editor.default\">\n\t\t\t\t<div class=\"elementor-widget-container\">\n\t\t\t\t\t\t\t\t\t\n          <h2 style=\"text-align: left;\" align=\"JUSTIFY\">Su periodu ist\u00f2ricu<\/h2>\n          <p align=\"JUSTIFY\">\n            <span style=\"font-size: medium;\">In su <strong>1946<\/strong> in beranu pro sa prima borta in It\u00e0lia <strong>sas f\u00e8minas podent gosare de s&#8217;eletoradu ativu e passivu:<\/strong> duos decretos reghentes ant dadu a sa populatzione feminile diritos chi in antis tocaiant a sos \u00f2mines ebbia. <\/span>\n          <\/p>\n          <p><strong>In deghe sunt resurtadas a si f\u00e0ghere s\u00ecndigas,<\/strong> duas in Sardigna, ais a pensare in carchi logu modernu e cun gente meda ma no est gasi: Margherita Sanna mastra antifascista l&#8217;ant el\u00e8gida <strong>in Orune<\/strong> e sa Nobildonna Giuanna Bartoli <strong>in Borutta<\/strong>, duas biddigheddas in su coro de s&#8217;\u00ecsula, una in prov\u00ecntzia de N\u00f9goro s&#8217;\u00e0tera de T\u00e0tari.<\/p>\n          <p>Carlo Levi in su libru <i>Tutto il miele \u00e8 finito<\/i> faeddat de sa bidda de Orune de cussos tempos: &lt;&lt;&#8220;\u00c8 un paese antico e chiuso, dove permangono, forse pi\u00f9 che in ogni altro, gli usi, le abitudini, i costumi, le tradizioni popolari pi\u00f9 lontane, e l&#8217;intelligenza e il valore di una vita tanto pi\u00f9 energica quanto pi\u00f9 limitata, piena di capacit\u00e0 espressiva, di potenza individuale e di solitudine. Il vento soffiava nelle stradette vuote, i monti curvavano i dorsi neri sotto il cielo notturno. Dal municipio usc\u00ec una donna dai capelli grigi, avvolta in uno scialle da contadina: era il sindaco di Orune&#8221;.&gt;&gt;.<\/p>\n          <figure id=\"attachment_27734\" aria-describedby=\"caption-attachment-27734\" style=\"width: 430px\" class=\"wp-caption aligncenter\"><img fetchpriority=\"high\" decoding=\"async\" class=\"wp-image-27734\" src=\"https:\/\/www.istituto-bellieni.it\/wp-content\/uploads\/2022\/08\/Progetto-senza-titolo-60.png\" alt=\"\" width=\"430\" height=\"658\"><figcaption id=\"caption-attachment-27734\" class=\"wp-caption-text\">Ninetta Bartoli<\/figcaption><\/figure>\n          <h2>Dae sos primos annos de Ninetta Bartoli finas a su comintzu de s&#8217;impignu pol\u00ecticu<\/h2>\n          <p>Gente arraighinada in su tempus coladu ma chi ischit collire su bonu de sas cosas noas, gasi etotu podimus pensare de Boruta. Inoghe est n\u00e0schida <strong>Giuanna Bartoli in s&#8217;at\u00f2ngiu de su 1896,<\/strong> una bidda de su Meilogu, collocada in sa badde de su Riu Frida intre su montigru de Sorres e su Monte Pelau. Sos de Bartoli <strong>fiant n\u00f2biles<\/strong> e forsis sunt l\u00f2mpidos in Sardigna dae sa C\u00f2rsica e si sunt firmos in su Logudoro, <strong>teniant propiedades mannas<\/strong> e podiant mudare sa sorte econ\u00f2mica e sotziale de sa populatzione.<\/p>\n          <p>A Giuanna totus li naraiant Nineta e l&#8217;ant pesada comente tocaiat a sas pitzinnas de fam\u00ecllia rica in tempos de tando: nos la figuramus gioghende cun Maria, sa sorre manna, in sos aposentos e in sa corte de domo issoro. <strong>Pro la f\u00e0ghere istudiare nche l&#8217;ant posta in su coll\u00e8giu<\/strong> de sas F\u00ecgias de Maria, un&#8217;iscola de fide cat\u00f2lica, sa prus de importu de T\u00e0tari. Gasi <strong>at connotu a Padre Manzella, mission\u00e0riu<\/strong> de nadia lumbarda ma sardu in s&#8217;\u00e0nima e in su coro chi cun sacrif\u00ectziu mannu at traballadu pro dare una megiorada a sa Sardigna: est resurtadu a f\u00e0ghere asilos, orfanotr\u00f2fios e ric\u00f2veros pro sos betzos.<\/p>\n          <p>E Nineta ponet fatu: a poi de sa prima gherra <strong>faghet in Boruta unu ric\u00f2veru e sa cooperativa \u201cLatteria sociale del Meilogu\u201d,<\/strong> cosa manna giai chi in cussos tretos sos pastores fiant meda. Benit a \u00e8ssere presidente de sas Damas de Caridade e <strong>faghet \u00f2peras de formatzione e assist\u00e8ntzia.<\/strong><\/p>\n          <p>Cando fiat istudiende at \u00e0pidu sa sorte de \u00e8ssere <strong>cump\u00e0ngia de Laura Carta<\/strong>: una trat\u00e0ntzia chi <strong>l&#8217;at agiuada a si fraigare unu benidore de pol\u00ectica e religione;<\/strong> fedales, issa puru de fam\u00ecllia n\u00f2bile cun propiedades mannas, f\u00e8mina de cr\u00e8sia. Laura a 25 annos si c\u00f2juat cun Antoni Segni, <strong>gasi<\/strong> <strong>Donna Nineta comintzat a travigare in sa Democratzia Cristiana tataresa.<\/strong> Oramai torrada a bidda sua, in su 1945, la faghent segret\u00e0ria de sa setzione locale de su partidu.<br><strong>In su &#8217;46<\/strong> <strong>si podet candidare a s\u00ecndiga.<\/strong><\/p>\n          <figure id=\"attachment_27738\" aria-describedby=\"caption-attachment-27738\" style=\"width: 600px\" class=\"wp-caption alignnone\"><img decoding=\"async\" class=\"wp-image-27738\" src=\"https:\/\/www.istituto-bellieni.it\/wp-content\/uploads\/2022\/08\/912023-2.png\" alt=\"\" width=\"600\" height=\"392\" srcset=\"https:\/\/www.istituto-bellieni.it\/wp-content\/uploads\/2022\/08\/912023-2.png 710w, https:\/\/www.istituto-bellieni.it\/wp-content\/uploads\/2022\/08\/912023-2-600x392.png 600w\" sizes=\"(max-width: 600px) 100vw, 600px\" \/><figcaption id=\"caption-attachment-27738\" class=\"wp-caption-text\">Donna Ninetta Bartoli cun Mussegnore Arcangelo Mazzotti<\/figcaption><\/figure>\n          <h2 style=\"text-align: left;\">S&#8217;eletzione a S\u00ecndiga<\/h2>\n          <p>Est una f\u00e8mina de chimbanta annos, sa gente la rispetat, agiumai la timet e lompet a ot\u00e8nnere 332 votos in 371, <strong>cun s&#8217;amparu de sa DC<\/strong> lassat farfar\u00f9gias ebbia a sas \u00e0teras duas listas una sardista e una tz\u00ecvica. Sunt sos annos a poi de sa gherra, in sas biddas bi mancaiat cada cosa e sa <strong>s\u00ecndiga si ponet a traballare.<\/strong><br>Sos chi l&#8217;ant connota si l&#8217;ammentant tzuchende in carrotza pro contivigiare su bene sou e pro acumprire a sos doveres amministrativos: <strong>faghet fraigare s&#8217;acuedotu, su sistema de sas fognas, sas domos populares e s&#8217;iscola, faghet l\u00f2mpere s&#8217;energia el\u00e8trica a sa bidda.<\/strong><\/p>\n          <p>F\u00e8mina abbista e religiosa non s&#8217;est firma a nche catzare sas dificultades de una vida arretrada fatende infrastruturas. <strong>Sa cosa prus manna<\/strong> l&#8217;at fata amparende su patrim\u00f2niu chi sos antigos aiant lassadu in su territ\u00f2riu.<\/p>\n          <figure id=\"attachment_27736\" aria-describedby=\"caption-attachment-27736\" style=\"width: 710px\" class=\"wp-caption alignnone\"><img decoding=\"async\" class=\"size-full wp-image-27736\" src=\"https:\/\/www.istituto-bellieni.it\/wp-content\/uploads\/2022\/08\/912023-1.png\" alt=\"\" width=\"710\" height=\"464\" srcset=\"https:\/\/www.istituto-bellieni.it\/wp-content\/uploads\/2022\/08\/912023-1.png 710w, https:\/\/www.istituto-bellieni.it\/wp-content\/uploads\/2022\/08\/912023-1-600x392.png 600w\" sizes=\"(max-width: 710px) 100vw, 710px\" \/><figcaption id=\"caption-attachment-27736\" class=\"wp-caption-text\">Santu Pedru de Sorres<\/figcaption><\/figure>\n          <h3>Sa Bas\u00eclica de Santu Pedru de Sorres e sa l\u00f2mpida de sos Benedetinos<\/h3>\n          <p>In Sorres, testim\u00f2ngia de unu tempus coladu bene assortadu, b&#8217;est sa bas\u00eclica rom\u00e0nico pisana de Santu Pedru oramai derruta, est istada sede de su p\u00ecscamu fintzas a su 1505 e pustis at comintzadu sa dec\u00e0dida. <strong>Nineta bi ponet aficu mannu<\/strong> e bonu coro <strong>pro torrare in ch\u00ecgia sa cr\u00e8sia.<\/strong><\/p>\n          <p>Traballat cun Mussegnore Arcangelo Mazzotti p\u00ecscamu de T\u00e0tari e pro m\u00e8diu sou <strong>in su mese de martzu de su 1948 connoschet a Padre Austinu Lanzani<\/strong> chi fiat un&#8217;ingegneri indiosadu a <strong>f\u00e0ghere una fundatzione benedetina in Sardigna<\/strong>. Intre sas cr\u00e8sias chi aiat leadu a consideru est Santu Pedru sa prus chi li tocat su coro. A Nineta non li paret a beru, <strong>est cuntenta de fundare unu monast\u00e8riu<\/strong> e cheret torrare a fraigare de busciaca sua una parte de sa can\u00f2nica antiga e campare, fintzas a cando est in vida, sos primos padres.<\/p>\n          <p>In su 1950 <strong>sas sorres Bartoli c\u00f2mporant su terrinu<\/strong> a l\u00e0cana cun sa bas\u00eclica e <strong>lu donant a sa comunidade mon\u00e0stica.<\/strong> Sos traballos pro restaurare e pro torrare a fraigare sos domin\u00e0rios derrutos comintzant in su mese de Santu Gaine de su matessi annu e <strong>in su &#8217;55 sos benedetinos<\/strong>, chi mancaiant dae sa Sardigna dae bator s\u00e8culos, <strong>lompent a Boruta<\/strong>, Nineta los collit in s&#8217;intrada de sa bidda cun cuntentesa manna.<\/p>\n          <p>Abarrat s\u00ecndiga fintzas a su 1958 ma non traighet mai s&#8217;\u00ecndula sua e sighit a traballare pro chistiones religiosas e sotziales.<\/p>\n          <p>Morit in su 1978, est interrada in su campu santu de Boruta a ogros a Sorres, in una capella de su matessi sestu de sa bas\u00eclica, comente chi no apat tzessadu mai de adorare su logu chi at torradu a vida.<\/p>\n        \t\t\t\t\t\t\t\t<\/div>\n\t\t\t\t<\/div>\n\t\t\t\t\t<\/div>\n\t\t<\/div>\n\t\t\t\t\t<\/div>\n\t\t<\/section>\n\t\t\t\t<\/div>\n\t\t","protected":false},"excerpt":{"rendered":"<p>de Adriana Cocco Su periodu ist\u00f2ricu In su 1946 in beranu pro sa prima borta in It\u00e0lia sas f\u00e8minas podent [&hellip;]<\/p>\n","protected":false},"author":26,"featured_media":27747,"comment_status":"open","ping_status":"closed","sticky":false,"template":"","format":"standard","meta":{"footnotes":""},"categories":[116],"tags":[],"class_list":["post-27756","post","type-post","status-publish","format-standard","has-post-thumbnail","hentry","category-blog-sc"],"yoast_head":"<!-- This site is optimized with the Yoast SEO plugin v27.4 - https:\/\/yoast.com\/product\/yoast-seo-wordpress\/ -->\n<title>Ninetta Bartoli: contu de una f\u00e8mina in pol\u00ectica - Istituto Camillo Bellieni Sassari<\/title>\n<meta name=\"description\" content=\"Ninetta Bartoli \u00e8 stata una delle prime due donne sindache in Sardegna. A lei si devono la realizzazione di molte infrastrutture e il ripristino della Basilica di San Pietro di Sorres.\" \/>\n<meta name=\"robots\" content=\"index, follow, max-snippet:-1, max-image-preview:large, max-video-preview:-1\" \/>\n<link rel=\"canonical\" href=\"https:\/\/www.istituto-bellieni.it\/sc\/ninetta-bartoli-contu-de-una-femina-in-politica\/\" \/>\n<meta property=\"og:locale\" content=\"en_US\" \/>\n<meta property=\"og:type\" content=\"article\" \/>\n<meta property=\"og:title\" content=\"Ninetta Bartoli: contu de una f\u00e8mina in pol\u00ectica\" \/>\n<meta property=\"og:description\" content=\"Ninetta Bartoli \u00e8 stata una delle prime due donne sindache in Sardegna. A lei si devono la realizzazione di molte infrastrutture e il ripristino della Basilica di San Pietro di Sorres.\" \/>\n<meta property=\"og:url\" content=\"https:\/\/www.istituto-bellieni.it\/sc\/ninetta-bartoli-contu-de-una-femina-in-politica\/\" \/>\n<meta property=\"og:site_name\" content=\"Istituto Camillo Bellieni Sassari\" \/>\n<meta property=\"article:publisher\" content=\"https:\/\/www.facebook.com\/IstitutoBellieni\" \/>\n<meta property=\"article:published_time\" content=\"2022-08-30T16:22:16+00:00\" \/>\n<meta property=\"article:modified_time\" content=\"2022-08-30T16:47:23+00:00\" \/>\n<meta property=\"og:image\" content=\"https:\/\/www.istituto-bellieni.it\/wp-content\/uploads\/2022\/08\/articolo-donna-ninetta.png\" \/>\n<meta name=\"author\" content=\"isbe\" \/>\n<meta name=\"twitter:card\" content=\"summary_large_image\" \/>\n<meta name=\"twitter:label1\" content=\"Written by\" \/>\n\t<meta name=\"twitter:data1\" content=\"isbe\" \/>\n\t<meta name=\"twitter:label2\" content=\"Est. reading time\" \/>\n\t<meta name=\"twitter:data2\" content=\"5 minutes\" \/>\n<script type=\"application\/ld+json\" class=\"yoast-schema-graph\">{\"@context\":\"https:\\\/\\\/schema.org\",\"@graph\":[{\"@type\":\"Article\",\"@id\":\"https:\\\/\\\/www.istituto-bellieni.it\\\/sc\\\/ninetta-bartoli-contu-de-una-femina-in-politica\\\/#article\",\"isPartOf\":{\"@id\":\"https:\\\/\\\/www.istituto-bellieni.it\\\/sc\\\/ninetta-bartoli-contu-de-una-femina-in-politica\\\/\"},\"author\":{\"name\":\"isbe\",\"@id\":\"https:\\\/\\\/www.istituto-bellieni.it\\\/#\\\/schema\\\/person\\\/05182d683b9284e2b8772df5c6b77c58\"},\"headline\":\"Ninetta Bartoli: contu de una f\u00e8mina in pol\u00ectica\",\"datePublished\":\"2022-08-30T16:22:16+00:00\",\"dateModified\":\"2022-08-30T16:47:23+00:00\",\"mainEntityOfPage\":{\"@id\":\"https:\\\/\\\/www.istituto-bellieni.it\\\/sc\\\/ninetta-bartoli-contu-de-una-femina-in-politica\\\/\"},\"wordCount\":1107,\"commentCount\":0,\"publisher\":{\"@id\":\"https:\\\/\\\/www.istituto-bellieni.it\\\/#organization\"},\"image\":{\"@id\":\"https:\\\/\\\/www.istituto-bellieni.it\\\/sc\\\/ninetta-bartoli-contu-de-una-femina-in-politica\\\/#primaryimage\"},\"thumbnailUrl\":\"https:\\\/\\\/www.istituto-bellieni.it\\\/wp-content\\\/uploads\\\/2022\\\/08\\\/articolo-donna-ninetta.png\",\"articleSection\":[\"Blog\"],\"inLanguage\":\"sc-SC\",\"potentialAction\":[{\"@type\":\"CommentAction\",\"name\":\"Comment\",\"target\":[\"https:\\\/\\\/www.istituto-bellieni.it\\\/sc\\\/ninetta-bartoli-contu-de-una-femina-in-politica\\\/#respond\"]}]},{\"@type\":\"WebPage\",\"@id\":\"https:\\\/\\\/www.istituto-bellieni.it\\\/sc\\\/ninetta-bartoli-contu-de-una-femina-in-politica\\\/\",\"url\":\"https:\\\/\\\/www.istituto-bellieni.it\\\/sc\\\/ninetta-bartoli-contu-de-una-femina-in-politica\\\/\",\"name\":\"Ninetta Bartoli: contu de una f\u00e8mina in pol\u00ectica - Istituto Camillo Bellieni Sassari\",\"isPartOf\":{\"@id\":\"https:\\\/\\\/www.istituto-bellieni.it\\\/#website\"},\"primaryImageOfPage\":{\"@id\":\"https:\\\/\\\/www.istituto-bellieni.it\\\/sc\\\/ninetta-bartoli-contu-de-una-femina-in-politica\\\/#primaryimage\"},\"image\":{\"@id\":\"https:\\\/\\\/www.istituto-bellieni.it\\\/sc\\\/ninetta-bartoli-contu-de-una-femina-in-politica\\\/#primaryimage\"},\"thumbnailUrl\":\"https:\\\/\\\/www.istituto-bellieni.it\\\/wp-content\\\/uploads\\\/2022\\\/08\\\/articolo-donna-ninetta.png\",\"datePublished\":\"2022-08-30T16:22:16+00:00\",\"dateModified\":\"2022-08-30T16:47:23+00:00\",\"description\":\"Ninetta Bartoli \u00e8 stata una delle prime due donne sindache in Sardegna. A lei si devono la realizzazione di molte infrastrutture e il ripristino della Basilica di San Pietro di Sorres.\",\"breadcrumb\":{\"@id\":\"https:\\\/\\\/www.istituto-bellieni.it\\\/sc\\\/ninetta-bartoli-contu-de-una-femina-in-politica\\\/#breadcrumb\"},\"inLanguage\":\"sc-SC\",\"potentialAction\":[{\"@type\":\"ReadAction\",\"target\":[\"https:\\\/\\\/www.istituto-bellieni.it\\\/sc\\\/ninetta-bartoli-contu-de-una-femina-in-politica\\\/\"]}]},{\"@type\":\"ImageObject\",\"inLanguage\":\"sc-SC\",\"@id\":\"https:\\\/\\\/www.istituto-bellieni.it\\\/sc\\\/ninetta-bartoli-contu-de-una-femina-in-politica\\\/#primaryimage\",\"url\":\"https:\\\/\\\/www.istituto-bellieni.it\\\/wp-content\\\/uploads\\\/2022\\\/08\\\/articolo-donna-ninetta.png\",\"contentUrl\":\"https:\\\/\\\/www.istituto-bellieni.it\\\/wp-content\\\/uploads\\\/2022\\\/08\\\/articolo-donna-ninetta.png\",\"width\":960,\"height\":712,\"caption\":\"Ninetta Bartoli storia di una donna in politica\"},{\"@type\":\"BreadcrumbList\",\"@id\":\"https:\\\/\\\/www.istituto-bellieni.it\\\/sc\\\/ninetta-bartoli-contu-de-una-femina-in-politica\\\/#breadcrumb\",\"itemListElement\":[{\"@type\":\"ListItem\",\"position\":1,\"name\":\"Home\",\"item\":\"https:\\\/\\\/www.istituto-bellieni.it\\\/sc\\\/\"},{\"@type\":\"ListItem\",\"position\":2,\"name\":\"Ninetta Bartoli: contu de una f\u00e8mina in pol\u00ectica\"}]},{\"@type\":\"WebSite\",\"@id\":\"https:\\\/\\\/www.istituto-bellieni.it\\\/#website\",\"url\":\"https:\\\/\\\/www.istituto-bellieni.it\\\/\",\"name\":\"Istituto Camillo Bellieni Sassari\",\"description\":\"Il sito web dell&#039;Istituto di studi e ricerche Camillo Bellieni di Sassari\",\"publisher\":{\"@id\":\"https:\\\/\\\/www.istituto-bellieni.it\\\/#organization\"},\"potentialAction\":[{\"@type\":\"SearchAction\",\"target\":{\"@type\":\"EntryPoint\",\"urlTemplate\":\"https:\\\/\\\/www.istituto-bellieni.it\\\/?s={search_term_string}\"},\"query-input\":{\"@type\":\"PropertyValueSpecification\",\"valueRequired\":true,\"valueName\":\"search_term_string\"}}],\"inLanguage\":\"sc-SC\"},{\"@type\":\"Organization\",\"@id\":\"https:\\\/\\\/www.istituto-bellieni.it\\\/#organization\",\"name\":\"Istituto di Studi e Ricerce Camillo Bellieni Sassari\",\"url\":\"https:\\\/\\\/www.istituto-bellieni.it\\\/\",\"logo\":{\"@type\":\"ImageObject\",\"inLanguage\":\"sc-SC\",\"@id\":\"https:\\\/\\\/www.istituto-bellieni.it\\\/#\\\/schema\\\/logo\\\/image\\\/\",\"url\":\"https:\\\/\\\/www.istituto-bellieni.it\\\/wp-content\\\/uploads\\\/2022\\\/02\\\/logo-vect.svg\",\"contentUrl\":\"https:\\\/\\\/www.istituto-bellieni.it\\\/wp-content\\\/uploads\\\/2022\\\/02\\\/logo-vect.svg\",\"width\":305.021,\"height\":176.34,\"caption\":\"Istituto di Studi e Ricerce Camillo Bellieni Sassari\"},\"image\":{\"@id\":\"https:\\\/\\\/www.istituto-bellieni.it\\\/#\\\/schema\\\/logo\\\/image\\\/\"},\"sameAs\":[\"https:\\\/\\\/www.facebook.com\\\/IstitutoBellieni\"]},{\"@type\":\"Person\",\"@id\":\"https:\\\/\\\/www.istituto-bellieni.it\\\/#\\\/schema\\\/person\\\/05182d683b9284e2b8772df5c6b77c58\",\"name\":\"isbe\",\"image\":{\"@type\":\"ImageObject\",\"inLanguage\":\"sc-SC\",\"@id\":\"https:\\\/\\\/secure.gravatar.com\\\/avatar\\\/7f0d2600bc10059e19b51580798135f89ad927666a2b6ca81f585bcb3b098c59?s=96&d=mm&r=g\",\"url\":\"https:\\\/\\\/secure.gravatar.com\\\/avatar\\\/7f0d2600bc10059e19b51580798135f89ad927666a2b6ca81f585bcb3b098c59?s=96&d=mm&r=g\",\"contentUrl\":\"https:\\\/\\\/secure.gravatar.com\\\/avatar\\\/7f0d2600bc10059e19b51580798135f89ad927666a2b6ca81f585bcb3b098c59?s=96&d=mm&r=g\",\"caption\":\"isbe\"},\"url\":\"https:\\\/\\\/www.istituto-bellieni.it\\\/sc\\\/author\\\/isbe\\\/\"}]}<\/script>\n<!-- \/ Yoast SEO plugin. -->","yoast_head_json":{"title":"Ninetta Bartoli: contu de una f\u00e8mina in pol\u00ectica - Istituto Camillo Bellieni Sassari","description":"Ninetta Bartoli \u00e8 stata una delle prime due donne sindache in Sardegna. A lei si devono la realizzazione di molte infrastrutture e il ripristino della Basilica di San Pietro di Sorres.","robots":{"index":"index","follow":"follow","max-snippet":"max-snippet:-1","max-image-preview":"max-image-preview:large","max-video-preview":"max-video-preview:-1"},"canonical":"https:\/\/www.istituto-bellieni.it\/sc\/ninetta-bartoli-contu-de-una-femina-in-politica\/","og_locale":"en_US","og_type":"article","og_title":"Ninetta Bartoli: contu de una f\u00e8mina in pol\u00ectica","og_description":"Ninetta Bartoli \u00e8 stata una delle prime due donne sindache in Sardegna. A lei si devono la realizzazione di molte infrastrutture e il ripristino della Basilica di San Pietro di Sorres.","og_url":"https:\/\/www.istituto-bellieni.it\/sc\/ninetta-bartoli-contu-de-una-femina-in-politica\/","og_site_name":"Istituto Camillo Bellieni Sassari","article_publisher":"https:\/\/www.facebook.com\/IstitutoBellieni","article_published_time":"2022-08-30T16:22:16+00:00","article_modified_time":"2022-08-30T16:47:23+00:00","og_image":[{"url":"https:\/\/www.istituto-bellieni.it\/wp-content\/uploads\/2022\/08\/articolo-donna-ninetta.png","type":"","width":"","height":""}],"author":"isbe","twitter_card":"summary_large_image","twitter_misc":{"Written by":"isbe","Est. reading time":"5 minutes"},"schema":{"@context":"https:\/\/schema.org","@graph":[{"@type":"Article","@id":"https:\/\/www.istituto-bellieni.it\/sc\/ninetta-bartoli-contu-de-una-femina-in-politica\/#article","isPartOf":{"@id":"https:\/\/www.istituto-bellieni.it\/sc\/ninetta-bartoli-contu-de-una-femina-in-politica\/"},"author":{"name":"isbe","@id":"https:\/\/www.istituto-bellieni.it\/#\/schema\/person\/05182d683b9284e2b8772df5c6b77c58"},"headline":"Ninetta Bartoli: contu de una f\u00e8mina in pol\u00ectica","datePublished":"2022-08-30T16:22:16+00:00","dateModified":"2022-08-30T16:47:23+00:00","mainEntityOfPage":{"@id":"https:\/\/www.istituto-bellieni.it\/sc\/ninetta-bartoli-contu-de-una-femina-in-politica\/"},"wordCount":1107,"commentCount":0,"publisher":{"@id":"https:\/\/www.istituto-bellieni.it\/#organization"},"image":{"@id":"https:\/\/www.istituto-bellieni.it\/sc\/ninetta-bartoli-contu-de-una-femina-in-politica\/#primaryimage"},"thumbnailUrl":"https:\/\/www.istituto-bellieni.it\/wp-content\/uploads\/2022\/08\/articolo-donna-ninetta.png","articleSection":["Blog"],"inLanguage":"sc-SC","potentialAction":[{"@type":"CommentAction","name":"Comment","target":["https:\/\/www.istituto-bellieni.it\/sc\/ninetta-bartoli-contu-de-una-femina-in-politica\/#respond"]}]},{"@type":"WebPage","@id":"https:\/\/www.istituto-bellieni.it\/sc\/ninetta-bartoli-contu-de-una-femina-in-politica\/","url":"https:\/\/www.istituto-bellieni.it\/sc\/ninetta-bartoli-contu-de-una-femina-in-politica\/","name":"Ninetta Bartoli: contu de una f\u00e8mina in pol\u00ectica - Istituto Camillo Bellieni Sassari","isPartOf":{"@id":"https:\/\/www.istituto-bellieni.it\/#website"},"primaryImageOfPage":{"@id":"https:\/\/www.istituto-bellieni.it\/sc\/ninetta-bartoli-contu-de-una-femina-in-politica\/#primaryimage"},"image":{"@id":"https:\/\/www.istituto-bellieni.it\/sc\/ninetta-bartoli-contu-de-una-femina-in-politica\/#primaryimage"},"thumbnailUrl":"https:\/\/www.istituto-bellieni.it\/wp-content\/uploads\/2022\/08\/articolo-donna-ninetta.png","datePublished":"2022-08-30T16:22:16+00:00","dateModified":"2022-08-30T16:47:23+00:00","description":"Ninetta Bartoli \u00e8 stata una delle prime due donne sindache in Sardegna. A lei si devono la realizzazione di molte infrastrutture e il ripristino della Basilica di San Pietro di Sorres.","breadcrumb":{"@id":"https:\/\/www.istituto-bellieni.it\/sc\/ninetta-bartoli-contu-de-una-femina-in-politica\/#breadcrumb"},"inLanguage":"sc-SC","potentialAction":[{"@type":"ReadAction","target":["https:\/\/www.istituto-bellieni.it\/sc\/ninetta-bartoli-contu-de-una-femina-in-politica\/"]}]},{"@type":"ImageObject","inLanguage":"sc-SC","@id":"https:\/\/www.istituto-bellieni.it\/sc\/ninetta-bartoli-contu-de-una-femina-in-politica\/#primaryimage","url":"https:\/\/www.istituto-bellieni.it\/wp-content\/uploads\/2022\/08\/articolo-donna-ninetta.png","contentUrl":"https:\/\/www.istituto-bellieni.it\/wp-content\/uploads\/2022\/08\/articolo-donna-ninetta.png","width":960,"height":712,"caption":"Ninetta Bartoli storia di una donna in politica"},{"@type":"BreadcrumbList","@id":"https:\/\/www.istituto-bellieni.it\/sc\/ninetta-bartoli-contu-de-una-femina-in-politica\/#breadcrumb","itemListElement":[{"@type":"ListItem","position":1,"name":"Home","item":"https:\/\/www.istituto-bellieni.it\/sc\/"},{"@type":"ListItem","position":2,"name":"Ninetta Bartoli: contu de una f\u00e8mina in pol\u00ectica"}]},{"@type":"WebSite","@id":"https:\/\/www.istituto-bellieni.it\/#website","url":"https:\/\/www.istituto-bellieni.it\/","name":"Istituto Camillo Bellieni Sassari","description":"Il sito web dell&#039;Istituto di studi e ricerche Camillo Bellieni di Sassari","publisher":{"@id":"https:\/\/www.istituto-bellieni.it\/#organization"},"potentialAction":[{"@type":"SearchAction","target":{"@type":"EntryPoint","urlTemplate":"https:\/\/www.istituto-bellieni.it\/?s={search_term_string}"},"query-input":{"@type":"PropertyValueSpecification","valueRequired":true,"valueName":"search_term_string"}}],"inLanguage":"sc-SC"},{"@type":"Organization","@id":"https:\/\/www.istituto-bellieni.it\/#organization","name":"Istituto di Studi e Ricerce Camillo Bellieni Sassari","url":"https:\/\/www.istituto-bellieni.it\/","logo":{"@type":"ImageObject","inLanguage":"sc-SC","@id":"https:\/\/www.istituto-bellieni.it\/#\/schema\/logo\/image\/","url":"https:\/\/www.istituto-bellieni.it\/wp-content\/uploads\/2022\/02\/logo-vect.svg","contentUrl":"https:\/\/www.istituto-bellieni.it\/wp-content\/uploads\/2022\/02\/logo-vect.svg","width":305.021,"height":176.34,"caption":"Istituto di Studi e Ricerce Camillo Bellieni Sassari"},"image":{"@id":"https:\/\/www.istituto-bellieni.it\/#\/schema\/logo\/image\/"},"sameAs":["https:\/\/www.facebook.com\/IstitutoBellieni"]},{"@type":"Person","@id":"https:\/\/www.istituto-bellieni.it\/#\/schema\/person\/05182d683b9284e2b8772df5c6b77c58","name":"isbe","image":{"@type":"ImageObject","inLanguage":"sc-SC","@id":"https:\/\/secure.gravatar.com\/avatar\/7f0d2600bc10059e19b51580798135f89ad927666a2b6ca81f585bcb3b098c59?s=96&d=mm&r=g","url":"https:\/\/secure.gravatar.com\/avatar\/7f0d2600bc10059e19b51580798135f89ad927666a2b6ca81f585bcb3b098c59?s=96&d=mm&r=g","contentUrl":"https:\/\/secure.gravatar.com\/avatar\/7f0d2600bc10059e19b51580798135f89ad927666a2b6ca81f585bcb3b098c59?s=96&d=mm&r=g","caption":"isbe"},"url":"https:\/\/www.istituto-bellieni.it\/sc\/author\/isbe\/"}]}},"_links":{"self":[{"href":"https:\/\/www.istituto-bellieni.it\/sc\/wp-json\/wp\/v2\/posts\/27756","targetHints":{"allow":["GET"]}}],"collection":[{"href":"https:\/\/www.istituto-bellieni.it\/sc\/wp-json\/wp\/v2\/posts"}],"about":[{"href":"https:\/\/www.istituto-bellieni.it\/sc\/wp-json\/wp\/v2\/types\/post"}],"author":[{"embeddable":true,"href":"https:\/\/www.istituto-bellieni.it\/sc\/wp-json\/wp\/v2\/users\/26"}],"replies":[{"embeddable":true,"href":"https:\/\/www.istituto-bellieni.it\/sc\/wp-json\/wp\/v2\/comments?post=27756"}],"version-history":[{"count":1,"href":"https:\/\/www.istituto-bellieni.it\/sc\/wp-json\/wp\/v2\/posts\/27756\/revisions"}],"predecessor-version":[{"id":27757,"href":"https:\/\/www.istituto-bellieni.it\/sc\/wp-json\/wp\/v2\/posts\/27756\/revisions\/27757"}],"wp:featuredmedia":[{"embeddable":true,"href":"https:\/\/www.istituto-bellieni.it\/sc\/wp-json\/wp\/v2\/media\/27747"}],"wp:attachment":[{"href":"https:\/\/www.istituto-bellieni.it\/sc\/wp-json\/wp\/v2\/media?parent=27756"}],"wp:term":[{"taxonomy":"category","embeddable":true,"href":"https:\/\/www.istituto-bellieni.it\/sc\/wp-json\/wp\/v2\/categories?post=27756"},{"taxonomy":"post_tag","embeddable":true,"href":"https:\/\/www.istituto-bellieni.it\/sc\/wp-json\/wp\/v2\/tags?post=27756"}],"curies":[{"name":"wp","href":"https:\/\/api.w.org\/{rel}","templated":true}]}}