{"id":27837,"date":"2022-09-29T21:49:24","date_gmt":"2022-09-29T21:49:24","guid":{"rendered":"https:\/\/www.istituto-bellieni.it\/su-sessu-est-cunsensu-netzessidade-de-una-reforma-de-sordinamentu-nostru\/"},"modified":"2022-09-30T10:43:57","modified_gmt":"2022-09-30T10:43:57","slug":"su-sessu-est-cunsensu-netzessidade-de-una-reforma-de-sordinamentu-nostru","status":"publish","type":"post","link":"https:\/\/www.istituto-bellieni.it\/sc\/su-sessu-est-cunsensu-netzessidade-de-una-reforma-de-sordinamentu-nostru\/","title":{"rendered":"Su sessu est cunsensu. Netzessidade de una reforma de s&#8217;ordinamentu nostru."},"content":{"rendered":"\t\t<div data-elementor-type=\"wp-post\" data-elementor-id=\"27837\" class=\"elementor elementor-27837 elementor-27811\" data-elementor-post-type=\"post\">\n\t\t\t\t\t\t<section class=\"elementor-section elementor-top-section elementor-element elementor-element-42758450 elementor-section-boxed elementor-section-height-default elementor-section-height-default\" data-id=\"42758450\" data-element_type=\"section\" data-e-type=\"section\">\n\t\t\t\t\t\t<div class=\"elementor-container elementor-column-gap-default\">\n\t\t\t\t\t<div class=\"elementor-column elementor-col-100 elementor-top-column elementor-element elementor-element-f862549\" data-id=\"f862549\" data-element_type=\"column\" data-e-type=\"column\">\n\t\t\t<div class=\"elementor-widget-wrap elementor-element-populated\">\n\t\t\t\t\t\t<div class=\"elementor-element elementor-element-7a23bef9 elementor-widget elementor-widget-text-editor\" data-id=\"7a23bef9\" data-element_type=\"widget\" data-e-type=\"widget\" data-settings=\"{&quot;ekit_we_effect_on&quot;:&quot;none&quot;}\" data-widget_type=\"text-editor.default\">\n\t\t\t\t<div class=\"elementor-widget-container\">\n\t\t\t\t\t\t\t\t\t\n          <p>\n            <strong>de Attilio Pinna<\/strong>\n          <\/p>\n          <hr>\n        \t\t\t\t\t\t\t\t<\/div>\n\t\t\t\t<\/div>\n\t\t\t\t<div class=\"elementor-element elementor-element-745ce51 elementor-widget elementor-widget-text-editor\" data-id=\"745ce51\" data-element_type=\"widget\" data-e-type=\"widget\" data-settings=\"{&quot;ekit_we_effect_on&quot;:&quot;none&quot;}\" data-widget_type=\"text-editor.default\">\n\t\t\t\t<div class=\"elementor-widget-container\">\n\t\t\t\t\t\t\t\t\t\n          <h2>\n            <strong>Deo lu pedo. Su printz\u00ecpiu de su cunsensu in sos raportos sessuales<\/strong>\n          <\/h2>\n          <p>De unos cantos meses <strong>Amnesty International<\/strong> est sustenende una <strong>faina de importu mannu: \u201cDeo lu pedo\u201d<\/strong>, overas un&#8217;apellu a su Ministru de sa Giust\u00ectzia pro chi b\u00e8ngiat revisionadu s&#8217;art\u00ecculu 609-bis de su c\u00f2dighe penale in manera chi <strong>cale si chi siat atu sessuale non consensuale siat pun\u00ecbile.<\/strong><\/p>\n          <p>S&#8217;art\u00ecculu in chistione istabilit chi \u201cCale si siat, cun viol\u00e8ntzia o minetza o mediante abusu de autoridade custringhet calicunu a acumprire o subire atos sessuales est punidu cun sa presone pro unu tempus chi andat dae ses a d\u00f2ighi annos\u201d.<\/p>\n          <p>Nos agatamus duncas cara a una definitzione de istupru basada subra s&#8217;impreu de sa viol\u00e8ntzia ebbia, de sa fortza, de sa minetza de impreu de sa fortza o de sa coertzitzione, sena calicunu riferimentu a su <strong>printz\u00ecpiu de su cunsensu<\/strong>, gasi comente prev\u00ecdidu dae s&#8217;art\u00ecculu 36 de sa Cunventzione de Istanbul, ratificada dae su paisu nostru in su 2014.<\/p>\n          <h3>Sa Cunventzione de Istanb\u00f9l<\/h3>\n          <p>Sa Cunventzione de Istanb\u00f9l est unu <strong>est unu tratadu internatzionale<\/strong> innovativu e adotadu in manera giur\u00ecdica vinculante dae su Cuss\u00ecgiu de Europa \u2013 sa printzipale istitutzione interguvernativa de su Continente in mat\u00e8ria de defensa e afortiamentu de sos deretos umanos, de sa democratzia e de s&#8217;Istadu de deretu &#8211; chi persighit<strong>s&#8217;obietivu de irraighinare sa viol\u00e8ntzia contra sas f\u00e8minas, sa viol\u00e8ntzia dom\u00e8stica<\/strong> e tenet una portada mundiale.<\/p>\n          <p>Cale si chi siat Istadu bi podet aderire o l&#8217;impreare comente a modellu pro sa legislatzione e sas pol\u00ecticas natzionales e regionales. A s&#8217;art\u00ecculu 36 previdet chi \u201cSas Partes (de su tratadu n.d.r.) adotant medidas legislativas o de \u00e0teru tipu netzess\u00e0rias pro persighire in manera penale sos respons\u00e0biles de sos a sighentes fatos de prop\u00f2situ: a) atu sessuale non consensuale cun penetratzione vaginale, anale o orale acumpridu subra de un\u2019\u00e0tera persone cun una si siat parte de su corpus o cun un&#8217;ogetu; b) unos \u00e0teros atos sessuales acumpridos subra de una persone sena su cunsensu suo; c) su fatu de custr\u00ecnghere una persone chi non siant de acordu a acumprire atos sessuales cun un\u2019\u00e0tera persone chi non siat su molestadore.<\/p>\n          <p><strong>Su cunsensu devet \u00e8ssere dadu in manera volunt\u00e0ria<\/strong>, cale manifestatzione l\u00ecbera de sa voluntade de sa persone, e devet \u00e8ssere valutadu tenende in cunsideru sa situatzione e de su cuntestu\u201d.<\/p>\n          <p><strong>Su cunsensu duncas devet \u00e8ssere l\u00ecberu e revoc\u00e0bile, craru o impl\u00ectzitu<\/strong><strong>.<\/strong> <br>In su primu situatzione s&#8217;at a t\u00e8nnere unu cunsensu manifestadu a par\u00e0ulas. In su segunda situatzione, prus cumplessu, su cunsensu si cumprendet dae sos signales de su cumportamentu de sa persone, de sa compostura, de sa situatzione, de su cuntestu. Pro chi bi siat cunsensu tocat chi bi sient su respetu de s&#8217;\u00e0teru e su respetu de sas l\u00e0canas f\u00ecsicas e psicol\u00f2gicos de ognunu.<\/p>\n          <p align=\"JUSTIFY\">Prus de in craru, <strong>su cunsensu est unu s\u00e8beru chi si faghet sena obrigu e fortzadura, manipoladura o sena s&#8217;influ\u00e8ntzia de una carchi droga o \u00e0lcolu<\/strong>.<\/p>\n          <p align=\"JUSTIFY\"><strong>Est revers\u00ecbile<\/strong>: cale si siat persone podet cambiare opinione, in cale si siat momentu.<\/p>\n          <p align=\"JUSTIFY\"><strong>Est informadu<\/strong>: si podet acunsentire a calicuna rechesta ebbia si si tenet unu cuadru de sa situatzione. Pro esempru, si calicunu narat chi at a impreare su preservativu, ma durante su raportu nde lu bogat (pr\u00e0tica connota comente <em>stealthing<\/em>), non b&#8217;at cunsensu prenu.<\/p>\n          <p align=\"JUSTIFY\"><strong>Est in manera isp\u00e8tzifica<\/strong>: n\u00e0rrere eja a una rechesta (s&#8217;iscambiare unu basu) non cheret n\u00e0rrere \u00e0ere naradu eja a unos \u00e0teros atos (t\u00e8nnere unu raportu sessuale).<\/p>\n          <h2>\n            <strong>Sos ritardos de su legislatore italianu<\/strong>\n          <\/h2>\n          <p>S&#8217;<strong>It\u00e0lia at ratificadu sa Cunventzione<\/strong> de Istanbul cun sa lege 27 l\u00e0mpadas 2013 n. 77 ma in realidade sas introduidas fatas dae sa lege 77\/2013 <strong>sunt istadas petzi mudas lenas<\/strong> a sos disponimentos giai presentes. Difatis, <strong>s&#8217;est prefertu introduire ingraviamentos a sas tzircust\u00e0ntzias e c\u00e0rculos noos de pena<\/strong> imbetzes de torrare a leare in manu sa legislatzione intrea pro m\u00e8diu de su puntu de annotu de sa Cunventzione. <\/p>\n          <p>Sunt passodos deghe (10) annos est no est cambiadu nudda<strong>.<\/strong> <strong>Sa chistione prus manna in die de oe est sa farta de sa definitzione de cunsensu in \u00e0mbitu sessuale<\/strong>, e finas sa grandu aus\u00e8ntzia sua in su panorama de sas normas chi regulant sa viol\u00e8ntzia sessuale.<\/p>\n          <p>Cunfrontende sos disponimentos de sa Cunventzione e de su C\u00f2dighe penale si bidet una <strong>incongru\u00e8ntzia importante e grave:<\/strong> <strong>in s&#8217;art. 36 de sa Cunventzione<\/strong> si faghet riferimentu espressadu a su <strong>cunsensu comente<\/strong> a crit\u00e8riu de identificatzione de sa viol\u00e8ntzia sessuale e definidu comente a \u201cmanifestatzione <strong>l\u00ecbera e ladina de sa voluntade de sa persone<\/strong>\u201d, cando chi<strong>in s&#8217;art. 609-bis c.p.<\/strong> si faghet riferimentu a <strong>crit\u00e8rios de \u201cviol\u00e8ntzia, minetza, abusu o custringhidura\u201d.<\/strong><\/p>\n          <p>Pro cantu pertocat custu puntu, resurtant emblem\u00e0ticu s\u2019avertimentu chi aiat espressadu sa Corte europea de sos deretos de s&#8217;\u00f2mine in sa pron\u00f9ntzia<em>\u201cM.C. v. Bulgaria\u201d<\/em><a name=\"_ftnref22\"><\/a>de su 4 de nadale 2003. Sos gi\u00f9ighes de Istrasburgu ant ammentadu chi, comente est in s\u2019ist\u00f2ria de custu reatu, sa proa de sa viol\u00e8ntzia fata dae su molestatore, gasi comente sa proa de una resist\u00e8ntzia de sa v\u00ectima, sunt istados pro tempus meda cunsiderados rechisidos carater\u00ecsticos de su reatu de viol\u00e8ntzia sessuale in medas paisos ma a oe cussos matessi non podent prus \u00e8ssere cunsiderados in custa manera dae sos Istados Membros, gasi chi ogni riferimentu a sa fortza f\u00ecsica diat d\u00e8vere \u00e8ssere cantzelladu dae su deretu positivu.<\/p>\n          <p>Segundu sa Corte, in manera contr\u00e0ria a cantu si registrat in sos ordinamentos de unos cantos paisos cando chi sa notzione de viol\u00e8ntzia sessuale sighit a cunt\u00e8nnere riferimentos a sa viol\u00e8ntzia o a sa minetza impreada dae su molestadore, est sa farta de cunsensu e non sa pres\u00e8ntzia de viol\u00e8ntzia a d\u00e8vere caraterizare custu reatu.<\/p>\n          <p>Acrarende de prus, sa Corte at evidentziadu chi <strong>petzi mediante sa cundenna de totu sos atos sessuales non acunsentidos<\/strong> \u2013 in manera indipendente de sa resist\u00e8ntzia espressada dae sa persone ofesa \u2013 <strong>est poss\u00ecbile garantire un\u2019amparu beru pro sas f\u00e8minas v\u00ectimas de viol\u00e8ntzia e,<\/strong> in custu sentidu, totu sas legislatziones natzionales diant d\u00e8vere tando afortiare sas previsiones internas pr\u00f2pias.<\/p>\n          <h2 style=\"text-align: left;\">\n            <strong>Su printz\u00ecpiu de su cunsensu in sa giurisprud\u00e8ntzia italiana<\/strong>\n          <\/h2>\n          <p>Nointames su ritardu de su legislatore, in It\u00e0lia sa <strong>giurisprud\u00e8ntzia paret \u00e0ere oramai achiridu su printz\u00ecpiu de su cunsensu<\/strong> in sos raportos sessuales. <br>De custu puntu de annotu sunt <strong>emblem\u00e0ticas unas cantas sent\u00e8ntzias<\/strong> <strong>in mat\u00e8ria de cunsensu a su raportu sessuale<\/strong> suta de s&#8217;efetu de sust\u00e0ntzias alc\u00f2licas, tema cumplessu meda chi in tempos reghentes at pigadu importu in su dibatu p\u00f9blicu pro more de unos cantos fatos n\u00f2didos de sa cr\u00f2naca.<\/p>\n          <p>E difatis sa Corte de Cassatzione cun sa sent\u00e8ntzia 45589\/2017 at afirmadu chi <strong>un&#8217;istadu de infermidade ps\u00ecchica podet \u00e8ssere determinadu dae s&#8217;assuntzione de \u00e0lculu<\/strong><em><strong>\u201cmancari sa parte ofesa at in manera volunt\u00e0ria ass\u00f9midu \u00e0lcolu e drogas,<\/strong> mustrende petzi sa cunditzione sua de inferioridade ps\u00ecchica o f\u00ecsica sighente a s&#8217;assuntzione de custas sust\u00e0ntzias\u201d.<\/em>\u201d.<\/p>\n          <p>Difatis sa cunditzione de sa v\u00ectima, non cunsiderende chie l&#8217;apat provocada, podet \u00e8ssere istrumentalizada pro su satisfamentu de sos impulsos sessuales de su culp\u00e8vole. Si sutal\u00ecniat posca chi <em>\u201cs&#8217;istadu de imbreagadura (e fintzas su de pigare drogas) petzi (in sas l\u00e0canas de una \u201cimbreaghera ordin\u00e0ria\u201d) non mustrat de manera tzerta una cunditzione de inferioridade f\u00ecsica o ps\u00ecchica tale de eliminare unu cunsensu a su raportu sessuale\u201d.<\/em> Difatis custu chi rilevat unu cumportamentu de su sugetu ativu de sas atziones costituidas dae s&#8217;induida e de s&#8217;abusu de sas cunditziones de imbrigadura in cale s&#8217;agatat su sugetu passivu.<\/p>\n          <p>Est in una sent\u00e8ntzia pretzedente chi sa Corte ispetz\u00ecfica chi s&#8217;induida si realizat cando, cun un&#8217;\u00f2pera de persuasione s&#8217;ispissu s\u00f9tile e muitza, su molestadore ispinghet o c\u00f2nchinat su partner a sutastare a atos chi in manera diversa non diat \u00e0ere acumpridu. S&#8217;abusu, ateretantu, s&#8217;av\u00e8rguat cando sas cunditziones de menomatzione sunt istrumentalizadas pro atz\u00e8dere a parta \u00ecntima de sa persone chi, ghetende in situatzione de dificultade, benit a \u00e8ssere reduida a m\u00e8diu de satisfamentu de sa sessualidade de \u00e0tere.<\/p>\n          <p>In custa pron\u00f9ntzia sa Corte sutal\u00ecniat comente a afirmare chi cando s&#8217;est bufadu non s&#8217;est mai in gradu de prestare cunsensu diat creare unu pretzedente perigulosu chi diat gi\u00f9ghere a torrare a classificare unu n\u00f9meru mannu meda de epis\u00f2dios comente a viol\u00e8ntzia. Una \u201cimbriagadura ordin\u00e0ria\u201d de sola non si podet cuunsiderare unu reatu de viol\u00e8ntzia sessuale. Tzertamente s<strong>u tzentru de s&#8217;atzertamentu devet \u00e8ssere sa cunditzione de sa persone chi prestat su cunsensu e s&#8217;intentzione de s&#8217;\u00e0tere de isfrutare tale cunditzione a su fine de satisf\u00e0ghere sos impulsos sessuales pr\u00f2pios<\/strong><strong>.<\/strong><\/p>\n          <h2>\n            <strong>Netzessidade de una reforma de su c\u00f2dighe penale<\/strong>\n          <\/h2>\n          <p>A sa fine resurtat oramai paghiosu chi su cunsensu de sa v\u00ectima non potzat \u00e8ssere deduidu de elementos diferentes de su cunsensu matessi, su cale devet \u00e8ssere l\u00ecberu de si formare e s&#8217;espressare a manera crara e ladina, <strong>diventat netzess\u00e0ria una reforma de s&#8217;art. 609 <em>bis<\/em> de su c\u00f2dighe penale<\/strong> indiritzada a insertare in su disponimentu matessi sa locutzione \u00abcontra su cunsensu de sa persone ofesa\u00bb, a su fine de <strong>is\u00f2rvere ogni \u00e0teruna du<a name=\"_ftnref28\"><\/a>da belle s&#8217;interpretatzione sua.<\/strong><\/p>\n          <p>Sa <strong>viol\u00e8ntzia contra sas f\u00e8minas<\/strong> abarrat intre sas <strong>violatziones de sos deretos umanos prus difusas a su mundu.<\/strong> Pertocat sas f\u00e8minas de ogni livellu sotziale, in manera indipendente de su cuntestu culturale, religiosu, econ\u00f2micu, sotziale o geogr\u00e0ficu. <strong>In Europa non si faghet etzetzione.<\/strong><\/p>\n          <p>A fitianu f\u00e8minas meda de su continente subint <strong>viol\u00e8ntzias psicol\u00f2gicas e f\u00ecsicas<\/strong>, <strong>atos persecut\u00f2rios, benint istupradas, sunt mutiladas, custrintas a su matrim\u00f2niu de sa fam\u00eclia o isterilizadas contra sa voluntade issoro.<\/strong> <\/p>\n          <p>Fintzas pro custu est fundamentale sustentare Amnesty International in sa batalla sua e sutascr\u00ecere s&#8217;apellu suo subra<\/p>\n          <p> <a href=\"https:\/\/www.amnesty.it\/campagne\/iolochiedo\/\">~de https:\/\/www.amnesty.it\/sartos\/iolochiedo\/ .<\/a><\/p>\n        \t\t\t\t\t\t\t\t<\/div>\n\t\t\t\t<\/div>\n\t\t\t\t\t<\/div>\n\t\t<\/div>\n\t\t\t\t\t<\/div>\n\t\t<\/section>\n\t\t\t\t<\/div>\n\t\t","protected":false},"excerpt":{"rendered":"<p>de Attilio Pinna Deo lu pedo. Su printz\u00ecpiu de su cunsensu in sos raportos sessuales De unos cantos meses Amnesty [&hellip;]<\/p>\n","protected":false},"author":1,"featured_media":27823,"comment_status":"open","ping_status":"closed","sticky":false,"template":"","format":"standard","meta":{"footnotes":""},"categories":[116],"tags":[],"class_list":["post-27837","post","type-post","status-publish","format-standard","has-post-thumbnail","hentry","category-blog-sc"],"yoast_head":"<!-- This site is optimized with the Yoast SEO plugin v27.4 - https:\/\/yoast.com\/product\/yoast-seo-wordpress\/ -->\n<title>Su sessu est cunsensu. Netzessidade de una reforma de s&#039;ordinamentu nostru.<\/title>\n<meta name=\"description\" content=\"\u201cIo lo chiedo\u201d est s&#039;apellu de Amnesty a su Ministru de sa Giust\u00ectzia pro chi b\u00e8ngiat revisionadu s&#039;art\u00ecculu 609-bis de su c\u00f2dighe penale in manera chi cale si chi siat atu sessuale non consensuale siat pun\u00ecbile. Proite est netzess\u00e0ria una reforma de s&#039;ordinamentu nostru subra custa chistione.\" \/>\n<meta name=\"robots\" content=\"index, follow, max-snippet:-1, max-image-preview:large, max-video-preview:-1\" \/>\n<link rel=\"canonical\" href=\"https:\/\/www.istituto-bellieni.it\/sc\/su-sessu-est-cunsensu-netzessidade-de-una-reforma-de-sordinamentu-nostru\/\" \/>\n<meta property=\"og:locale\" content=\"en_US\" \/>\n<meta property=\"og:type\" content=\"article\" \/>\n<meta property=\"og:title\" content=\"Su sessu est cunsensu. Netzessidade de una reforma de s&#039;ordinamentu nostru.\" \/>\n<meta property=\"og:description\" content=\"\u201cDeu lo pedo\u201d est sa faina de importu mannu de Amnesty chi faghet un apellu a su Ministru de sa Giust\u00ectzia pro chi b\u00e8ngiat revisionadu s&#039;art\u00ecculu 609-bis de su c\u00f2dighe penale in manera chi cale si chi siat atu sessuale non consensuale siat pun\u00ecbile. Pro ite est netzess\u00e0ria una reforma de s&#039;ordinamentu nostru subra custa chistione.\" \/>\n<meta property=\"og:url\" content=\"https:\/\/www.istituto-bellieni.it\/sc\/su-sessu-est-cunsensu-netzessidade-de-una-reforma-de-sordinamentu-nostru\/\" \/>\n<meta property=\"og:site_name\" content=\"Istituto Camillo Bellieni Sassari\" \/>\n<meta property=\"article:publisher\" content=\"https:\/\/www.facebook.com\/IstitutoBellieni\" \/>\n<meta property=\"article:published_time\" content=\"2022-09-29T21:49:24+00:00\" \/>\n<meta property=\"article:modified_time\" content=\"2022-09-30T10:43:57+00:00\" \/>\n<meta property=\"og:image\" content=\"https:\/\/www.istituto-bellieni.it\/wp-content\/uploads\/2022\/09\/iolochiedo.png\" \/>\n<meta name=\"author\" content=\"admin\" \/>\n<meta name=\"twitter:card\" content=\"summary_large_image\" \/>\n<meta name=\"twitter:label1\" content=\"Written by\" \/>\n\t<meta name=\"twitter:data1\" content=\"admin\" \/>\n\t<meta name=\"twitter:label2\" content=\"Est. reading time\" \/>\n\t<meta name=\"twitter:data2\" content=\"9 minutes\" \/>\n<script type=\"application\/ld+json\" class=\"yoast-schema-graph\">{\"@context\":\"https:\\\/\\\/schema.org\",\"@graph\":[{\"@type\":\"Article\",\"@id\":\"https:\\\/\\\/www.istituto-bellieni.it\\\/sc\\\/su-sessu-est-cunsensu-netzessidade-de-una-reforma-de-sordinamentu-nostru\\\/#article\",\"isPartOf\":{\"@id\":\"https:\\\/\\\/www.istituto-bellieni.it\\\/sc\\\/su-sessu-est-cunsensu-netzessidade-de-una-reforma-de-sordinamentu-nostru\\\/\"},\"author\":{\"name\":\"admin\",\"@id\":\"https:\\\/\\\/www.istituto-bellieni.it\\\/#\\\/schema\\\/person\\\/ad5e2af9b2c2e2673c3d93d608b4dc7b\"},\"headline\":\"Su sessu est cunsensu. Netzessidade de una reforma de s&#8217;ordinamentu nostru.\",\"datePublished\":\"2022-09-29T21:49:24+00:00\",\"dateModified\":\"2022-09-30T10:43:57+00:00\",\"mainEntityOfPage\":{\"@id\":\"https:\\\/\\\/www.istituto-bellieni.it\\\/sc\\\/su-sessu-est-cunsensu-netzessidade-de-una-reforma-de-sordinamentu-nostru\\\/\"},\"wordCount\":1758,\"commentCount\":0,\"publisher\":{\"@id\":\"https:\\\/\\\/www.istituto-bellieni.it\\\/#organization\"},\"image\":{\"@id\":\"https:\\\/\\\/www.istituto-bellieni.it\\\/sc\\\/su-sessu-est-cunsensu-netzessidade-de-una-reforma-de-sordinamentu-nostru\\\/#primaryimage\"},\"thumbnailUrl\":\"https:\\\/\\\/www.istituto-bellieni.it\\\/wp-content\\\/uploads\\\/2022\\\/09\\\/iolochiedo.png\",\"articleSection\":[\"Blog\"],\"inLanguage\":\"sc-SC\",\"potentialAction\":[{\"@type\":\"CommentAction\",\"name\":\"Comment\",\"target\":[\"https:\\\/\\\/www.istituto-bellieni.it\\\/sc\\\/su-sessu-est-cunsensu-netzessidade-de-una-reforma-de-sordinamentu-nostru\\\/#respond\"]}]},{\"@type\":\"WebPage\",\"@id\":\"https:\\\/\\\/www.istituto-bellieni.it\\\/sc\\\/su-sessu-est-cunsensu-netzessidade-de-una-reforma-de-sordinamentu-nostru\\\/\",\"url\":\"https:\\\/\\\/www.istituto-bellieni.it\\\/sc\\\/su-sessu-est-cunsensu-netzessidade-de-una-reforma-de-sordinamentu-nostru\\\/\",\"name\":\"Su sessu est cunsensu. Netzessidade de una reforma de s'ordinamentu nostru.\",\"isPartOf\":{\"@id\":\"https:\\\/\\\/www.istituto-bellieni.it\\\/#website\"},\"primaryImageOfPage\":{\"@id\":\"https:\\\/\\\/www.istituto-bellieni.it\\\/sc\\\/su-sessu-est-cunsensu-netzessidade-de-una-reforma-de-sordinamentu-nostru\\\/#primaryimage\"},\"image\":{\"@id\":\"https:\\\/\\\/www.istituto-bellieni.it\\\/sc\\\/su-sessu-est-cunsensu-netzessidade-de-una-reforma-de-sordinamentu-nostru\\\/#primaryimage\"},\"thumbnailUrl\":\"https:\\\/\\\/www.istituto-bellieni.it\\\/wp-content\\\/uploads\\\/2022\\\/09\\\/iolochiedo.png\",\"datePublished\":\"2022-09-29T21:49:24+00:00\",\"dateModified\":\"2022-09-30T10:43:57+00:00\",\"description\":\"\u201cIo lo chiedo\u201d est s'apellu de Amnesty a su Ministru de sa Giust\u00ectzia pro chi b\u00e8ngiat revisionadu s'art\u00ecculu 609-bis de su c\u00f2dighe penale in manera chi cale si chi siat atu sessuale non consensuale siat pun\u00ecbile. Proite est netzess\u00e0ria una reforma de s'ordinamentu nostru subra custa chistione.\",\"breadcrumb\":{\"@id\":\"https:\\\/\\\/www.istituto-bellieni.it\\\/sc\\\/su-sessu-est-cunsensu-netzessidade-de-una-reforma-de-sordinamentu-nostru\\\/#breadcrumb\"},\"inLanguage\":\"sc-SC\",\"potentialAction\":[{\"@type\":\"ReadAction\",\"target\":[\"https:\\\/\\\/www.istituto-bellieni.it\\\/sc\\\/su-sessu-est-cunsensu-netzessidade-de-una-reforma-de-sordinamentu-nostru\\\/\"]}]},{\"@type\":\"ImageObject\",\"inLanguage\":\"sc-SC\",\"@id\":\"https:\\\/\\\/www.istituto-bellieni.it\\\/sc\\\/su-sessu-est-cunsensu-netzessidade-de-una-reforma-de-sordinamentu-nostru\\\/#primaryimage\",\"url\":\"https:\\\/\\\/www.istituto-bellieni.it\\\/wp-content\\\/uploads\\\/2022\\\/09\\\/iolochiedo.png\",\"contentUrl\":\"https:\\\/\\\/www.istituto-bellieni.it\\\/wp-content\\\/uploads\\\/2022\\\/09\\\/iolochiedo.png\",\"width\":960,\"height\":712},{\"@type\":\"BreadcrumbList\",\"@id\":\"https:\\\/\\\/www.istituto-bellieni.it\\\/sc\\\/su-sessu-est-cunsensu-netzessidade-de-una-reforma-de-sordinamentu-nostru\\\/#breadcrumb\",\"itemListElement\":[{\"@type\":\"ListItem\",\"position\":1,\"name\":\"Home\",\"item\":\"https:\\\/\\\/www.istituto-bellieni.it\\\/sc\\\/\"},{\"@type\":\"ListItem\",\"position\":2,\"name\":\"Su sessu est cunsensu. Netzessidade de una reforma de s&#8217;ordinamentu nostru.\"}]},{\"@type\":\"WebSite\",\"@id\":\"https:\\\/\\\/www.istituto-bellieni.it\\\/#website\",\"url\":\"https:\\\/\\\/www.istituto-bellieni.it\\\/\",\"name\":\"Istituto Camillo Bellieni Sassari\",\"description\":\"Il sito web dell&#039;Istituto di studi e ricerche Camillo Bellieni di Sassari\",\"publisher\":{\"@id\":\"https:\\\/\\\/www.istituto-bellieni.it\\\/#organization\"},\"potentialAction\":[{\"@type\":\"SearchAction\",\"target\":{\"@type\":\"EntryPoint\",\"urlTemplate\":\"https:\\\/\\\/www.istituto-bellieni.it\\\/?s={search_term_string}\"},\"query-input\":{\"@type\":\"PropertyValueSpecification\",\"valueRequired\":true,\"valueName\":\"search_term_string\"}}],\"inLanguage\":\"sc-SC\"},{\"@type\":\"Organization\",\"@id\":\"https:\\\/\\\/www.istituto-bellieni.it\\\/#organization\",\"name\":\"Istituto di Studi e Ricerce Camillo Bellieni Sassari\",\"url\":\"https:\\\/\\\/www.istituto-bellieni.it\\\/\",\"logo\":{\"@type\":\"ImageObject\",\"inLanguage\":\"sc-SC\",\"@id\":\"https:\\\/\\\/www.istituto-bellieni.it\\\/#\\\/schema\\\/logo\\\/image\\\/\",\"url\":\"https:\\\/\\\/www.istituto-bellieni.it\\\/wp-content\\\/uploads\\\/2022\\\/02\\\/logo-vect.svg\",\"contentUrl\":\"https:\\\/\\\/www.istituto-bellieni.it\\\/wp-content\\\/uploads\\\/2022\\\/02\\\/logo-vect.svg\",\"width\":305.021,\"height\":176.34,\"caption\":\"Istituto di Studi e Ricerce Camillo Bellieni Sassari\"},\"image\":{\"@id\":\"https:\\\/\\\/www.istituto-bellieni.it\\\/#\\\/schema\\\/logo\\\/image\\\/\"},\"sameAs\":[\"https:\\\/\\\/www.facebook.com\\\/IstitutoBellieni\"]},{\"@type\":\"Person\",\"@id\":\"https:\\\/\\\/www.istituto-bellieni.it\\\/#\\\/schema\\\/person\\\/ad5e2af9b2c2e2673c3d93d608b4dc7b\",\"name\":\"admin\",\"image\":{\"@type\":\"ImageObject\",\"inLanguage\":\"sc-SC\",\"@id\":\"https:\\\/\\\/secure.gravatar.com\\\/avatar\\\/6c3757f6686398e5a09f7b3113e4e325728a02ba358a49d250222878791cf4e7?s=96&d=mm&r=g\",\"url\":\"https:\\\/\\\/secure.gravatar.com\\\/avatar\\\/6c3757f6686398e5a09f7b3113e4e325728a02ba358a49d250222878791cf4e7?s=96&d=mm&r=g\",\"contentUrl\":\"https:\\\/\\\/secure.gravatar.com\\\/avatar\\\/6c3757f6686398e5a09f7b3113e4e325728a02ba358a49d250222878791cf4e7?s=96&d=mm&r=g\",\"caption\":\"admin\"},\"sameAs\":[\"https:\\\/\\\/www.istituto-bellieni.it\\\/\"],\"url\":\"https:\\\/\\\/www.istituto-bellieni.it\\\/sc\\\/author\\\/admin\\\/\"}]}<\/script>\n<!-- \/ Yoast SEO plugin. -->","yoast_head_json":{"title":"Su sessu est cunsensu. Netzessidade de una reforma de s'ordinamentu nostru.","description":"\u201cIo lo chiedo\u201d est s'apellu de Amnesty a su Ministru de sa Giust\u00ectzia pro chi b\u00e8ngiat revisionadu s'art\u00ecculu 609-bis de su c\u00f2dighe penale in manera chi cale si chi siat atu sessuale non consensuale siat pun\u00ecbile. Proite est netzess\u00e0ria una reforma de s'ordinamentu nostru subra custa chistione.","robots":{"index":"index","follow":"follow","max-snippet":"max-snippet:-1","max-image-preview":"max-image-preview:large","max-video-preview":"max-video-preview:-1"},"canonical":"https:\/\/www.istituto-bellieni.it\/sc\/su-sessu-est-cunsensu-netzessidade-de-una-reforma-de-sordinamentu-nostru\/","og_locale":"en_US","og_type":"article","og_title":"Su sessu est cunsensu. Netzessidade de una reforma de s'ordinamentu nostru.","og_description":"\u201cDeu lo pedo\u201d est sa faina de importu mannu de Amnesty chi faghet un apellu a su Ministru de sa Giust\u00ectzia pro chi b\u00e8ngiat revisionadu s'art\u00ecculu 609-bis de su c\u00f2dighe penale in manera chi cale si chi siat atu sessuale non consensuale siat pun\u00ecbile. Pro ite est netzess\u00e0ria una reforma de s'ordinamentu nostru subra custa chistione.","og_url":"https:\/\/www.istituto-bellieni.it\/sc\/su-sessu-est-cunsensu-netzessidade-de-una-reforma-de-sordinamentu-nostru\/","og_site_name":"Istituto Camillo Bellieni Sassari","article_publisher":"https:\/\/www.facebook.com\/IstitutoBellieni","article_published_time":"2022-09-29T21:49:24+00:00","article_modified_time":"2022-09-30T10:43:57+00:00","og_image":[{"url":"https:\/\/www.istituto-bellieni.it\/wp-content\/uploads\/2022\/09\/iolochiedo.png","type":"","width":"","height":""}],"author":"admin","twitter_card":"summary_large_image","twitter_misc":{"Written by":"admin","Est. reading time":"9 minutes"},"schema":{"@context":"https:\/\/schema.org","@graph":[{"@type":"Article","@id":"https:\/\/www.istituto-bellieni.it\/sc\/su-sessu-est-cunsensu-netzessidade-de-una-reforma-de-sordinamentu-nostru\/#article","isPartOf":{"@id":"https:\/\/www.istituto-bellieni.it\/sc\/su-sessu-est-cunsensu-netzessidade-de-una-reforma-de-sordinamentu-nostru\/"},"author":{"name":"admin","@id":"https:\/\/www.istituto-bellieni.it\/#\/schema\/person\/ad5e2af9b2c2e2673c3d93d608b4dc7b"},"headline":"Su sessu est cunsensu. Netzessidade de una reforma de s&#8217;ordinamentu nostru.","datePublished":"2022-09-29T21:49:24+00:00","dateModified":"2022-09-30T10:43:57+00:00","mainEntityOfPage":{"@id":"https:\/\/www.istituto-bellieni.it\/sc\/su-sessu-est-cunsensu-netzessidade-de-una-reforma-de-sordinamentu-nostru\/"},"wordCount":1758,"commentCount":0,"publisher":{"@id":"https:\/\/www.istituto-bellieni.it\/#organization"},"image":{"@id":"https:\/\/www.istituto-bellieni.it\/sc\/su-sessu-est-cunsensu-netzessidade-de-una-reforma-de-sordinamentu-nostru\/#primaryimage"},"thumbnailUrl":"https:\/\/www.istituto-bellieni.it\/wp-content\/uploads\/2022\/09\/iolochiedo.png","articleSection":["Blog"],"inLanguage":"sc-SC","potentialAction":[{"@type":"CommentAction","name":"Comment","target":["https:\/\/www.istituto-bellieni.it\/sc\/su-sessu-est-cunsensu-netzessidade-de-una-reforma-de-sordinamentu-nostru\/#respond"]}]},{"@type":"WebPage","@id":"https:\/\/www.istituto-bellieni.it\/sc\/su-sessu-est-cunsensu-netzessidade-de-una-reforma-de-sordinamentu-nostru\/","url":"https:\/\/www.istituto-bellieni.it\/sc\/su-sessu-est-cunsensu-netzessidade-de-una-reforma-de-sordinamentu-nostru\/","name":"Su sessu est cunsensu. Netzessidade de una reforma de s'ordinamentu nostru.","isPartOf":{"@id":"https:\/\/www.istituto-bellieni.it\/#website"},"primaryImageOfPage":{"@id":"https:\/\/www.istituto-bellieni.it\/sc\/su-sessu-est-cunsensu-netzessidade-de-una-reforma-de-sordinamentu-nostru\/#primaryimage"},"image":{"@id":"https:\/\/www.istituto-bellieni.it\/sc\/su-sessu-est-cunsensu-netzessidade-de-una-reforma-de-sordinamentu-nostru\/#primaryimage"},"thumbnailUrl":"https:\/\/www.istituto-bellieni.it\/wp-content\/uploads\/2022\/09\/iolochiedo.png","datePublished":"2022-09-29T21:49:24+00:00","dateModified":"2022-09-30T10:43:57+00:00","description":"\u201cIo lo chiedo\u201d est s'apellu de Amnesty a su Ministru de sa Giust\u00ectzia pro chi b\u00e8ngiat revisionadu s'art\u00ecculu 609-bis de su c\u00f2dighe penale in manera chi cale si chi siat atu sessuale non consensuale siat pun\u00ecbile. Proite est netzess\u00e0ria una reforma de s'ordinamentu nostru subra custa chistione.","breadcrumb":{"@id":"https:\/\/www.istituto-bellieni.it\/sc\/su-sessu-est-cunsensu-netzessidade-de-una-reforma-de-sordinamentu-nostru\/#breadcrumb"},"inLanguage":"sc-SC","potentialAction":[{"@type":"ReadAction","target":["https:\/\/www.istituto-bellieni.it\/sc\/su-sessu-est-cunsensu-netzessidade-de-una-reforma-de-sordinamentu-nostru\/"]}]},{"@type":"ImageObject","inLanguage":"sc-SC","@id":"https:\/\/www.istituto-bellieni.it\/sc\/su-sessu-est-cunsensu-netzessidade-de-una-reforma-de-sordinamentu-nostru\/#primaryimage","url":"https:\/\/www.istituto-bellieni.it\/wp-content\/uploads\/2022\/09\/iolochiedo.png","contentUrl":"https:\/\/www.istituto-bellieni.it\/wp-content\/uploads\/2022\/09\/iolochiedo.png","width":960,"height":712},{"@type":"BreadcrumbList","@id":"https:\/\/www.istituto-bellieni.it\/sc\/su-sessu-est-cunsensu-netzessidade-de-una-reforma-de-sordinamentu-nostru\/#breadcrumb","itemListElement":[{"@type":"ListItem","position":1,"name":"Home","item":"https:\/\/www.istituto-bellieni.it\/sc\/"},{"@type":"ListItem","position":2,"name":"Su sessu est cunsensu. Netzessidade de una reforma de s&#8217;ordinamentu nostru."}]},{"@type":"WebSite","@id":"https:\/\/www.istituto-bellieni.it\/#website","url":"https:\/\/www.istituto-bellieni.it\/","name":"Istituto Camillo Bellieni Sassari","description":"Il sito web dell&#039;Istituto di studi e ricerche Camillo Bellieni di Sassari","publisher":{"@id":"https:\/\/www.istituto-bellieni.it\/#organization"},"potentialAction":[{"@type":"SearchAction","target":{"@type":"EntryPoint","urlTemplate":"https:\/\/www.istituto-bellieni.it\/?s={search_term_string}"},"query-input":{"@type":"PropertyValueSpecification","valueRequired":true,"valueName":"search_term_string"}}],"inLanguage":"sc-SC"},{"@type":"Organization","@id":"https:\/\/www.istituto-bellieni.it\/#organization","name":"Istituto di Studi e Ricerce Camillo Bellieni Sassari","url":"https:\/\/www.istituto-bellieni.it\/","logo":{"@type":"ImageObject","inLanguage":"sc-SC","@id":"https:\/\/www.istituto-bellieni.it\/#\/schema\/logo\/image\/","url":"https:\/\/www.istituto-bellieni.it\/wp-content\/uploads\/2022\/02\/logo-vect.svg","contentUrl":"https:\/\/www.istituto-bellieni.it\/wp-content\/uploads\/2022\/02\/logo-vect.svg","width":305.021,"height":176.34,"caption":"Istituto di Studi e Ricerce Camillo Bellieni Sassari"},"image":{"@id":"https:\/\/www.istituto-bellieni.it\/#\/schema\/logo\/image\/"},"sameAs":["https:\/\/www.facebook.com\/IstitutoBellieni"]},{"@type":"Person","@id":"https:\/\/www.istituto-bellieni.it\/#\/schema\/person\/ad5e2af9b2c2e2673c3d93d608b4dc7b","name":"admin","image":{"@type":"ImageObject","inLanguage":"sc-SC","@id":"https:\/\/secure.gravatar.com\/avatar\/6c3757f6686398e5a09f7b3113e4e325728a02ba358a49d250222878791cf4e7?s=96&d=mm&r=g","url":"https:\/\/secure.gravatar.com\/avatar\/6c3757f6686398e5a09f7b3113e4e325728a02ba358a49d250222878791cf4e7?s=96&d=mm&r=g","contentUrl":"https:\/\/secure.gravatar.com\/avatar\/6c3757f6686398e5a09f7b3113e4e325728a02ba358a49d250222878791cf4e7?s=96&d=mm&r=g","caption":"admin"},"sameAs":["https:\/\/www.istituto-bellieni.it\/"],"url":"https:\/\/www.istituto-bellieni.it\/sc\/author\/admin\/"}]}},"_links":{"self":[{"href":"https:\/\/www.istituto-bellieni.it\/sc\/wp-json\/wp\/v2\/posts\/27837","targetHints":{"allow":["GET"]}}],"collection":[{"href":"https:\/\/www.istituto-bellieni.it\/sc\/wp-json\/wp\/v2\/posts"}],"about":[{"href":"https:\/\/www.istituto-bellieni.it\/sc\/wp-json\/wp\/v2\/types\/post"}],"author":[{"embeddable":true,"href":"https:\/\/www.istituto-bellieni.it\/sc\/wp-json\/wp\/v2\/users\/1"}],"replies":[{"embeddable":true,"href":"https:\/\/www.istituto-bellieni.it\/sc\/wp-json\/wp\/v2\/comments?post=27837"}],"version-history":[{"count":1,"href":"https:\/\/www.istituto-bellieni.it\/sc\/wp-json\/wp\/v2\/posts\/27837\/revisions"}],"predecessor-version":[{"id":27838,"href":"https:\/\/www.istituto-bellieni.it\/sc\/wp-json\/wp\/v2\/posts\/27837\/revisions\/27838"}],"wp:featuredmedia":[{"embeddable":true,"href":"https:\/\/www.istituto-bellieni.it\/sc\/wp-json\/wp\/v2\/media\/27823"}],"wp:attachment":[{"href":"https:\/\/www.istituto-bellieni.it\/sc\/wp-json\/wp\/v2\/media?parent=27837"}],"wp:term":[{"taxonomy":"category","embeddable":true,"href":"https:\/\/www.istituto-bellieni.it\/sc\/wp-json\/wp\/v2\/categories?post=27837"},{"taxonomy":"post_tag","embeddable":true,"href":"https:\/\/www.istituto-bellieni.it\/sc\/wp-json\/wp\/v2\/tags?post=27837"}],"curies":[{"name":"wp","href":"https:\/\/api.w.org\/{rel}","templated":true}]}}