{"id":28087,"date":"2022-12-21T18:11:25","date_gmt":"2022-12-21T18:11:25","guid":{"rendered":"https:\/\/www.istituto-bellieni.it\/surtima-proibudura-sa-tudadura-de-su-cuntzetu-de-morte-e-sa-timoria-pro-sa-dispidida-simbolica\/"},"modified":"2022-12-21T19:19:38","modified_gmt":"2022-12-21T19:19:38","slug":"surtima-proibudura-sa-tudadura-de-su-cuntzetu-de-morte-e-sa-timoria-pro-sa-dispidida-simbolica","status":"publish","type":"post","link":"https:\/\/www.istituto-bellieni.it\/sc\/surtima-proibudura-sa-tudadura-de-su-cuntzetu-de-morte-e-sa-timoria-pro-sa-dispidida-simbolica\/","title":{"rendered":"S&#8217;\u00f9rtima proibudura: sa tudadura de su cuntzetu de morte e sa timoria pro sa dispidida simb\u00f2lica"},"content":{"rendered":"\t\t<div data-elementor-type=\"wp-post\" data-elementor-id=\"28087\" class=\"elementor elementor-28087 elementor-28061\" data-elementor-post-type=\"post\">\n\t\t\t\t\t\t<section class=\"elementor-section elementor-top-section elementor-element elementor-element-42758450 elementor-section-boxed elementor-section-height-default elementor-section-height-default\" data-id=\"42758450\" data-element_type=\"section\" data-e-type=\"section\">\n\t\t\t\t\t\t<div class=\"elementor-container elementor-column-gap-default\">\n\t\t\t\t\t<div class=\"elementor-column elementor-col-100 elementor-top-column elementor-element elementor-element-f862549\" data-id=\"f862549\" data-element_type=\"column\" data-e-type=\"column\">\n\t\t\t<div class=\"elementor-widget-wrap elementor-element-populated\">\n\t\t\t\t\t\t<div class=\"elementor-element elementor-element-7a23bef9 elementor-widget elementor-widget-text-editor\" data-id=\"7a23bef9\" data-element_type=\"widget\" data-e-type=\"widget\" data-settings=\"{&quot;ekit_we_effect_on&quot;:&quot;none&quot;}\" data-widget_type=\"text-editor.default\">\n\t\t\t\t<div class=\"elementor-widget-container\">\n\t\t\t\t\t\t\t\t\t<p>\n            <strong>de Daniela Masia Urgu<\/strong>\n          <\/p>\n<hr>\n\t\t\t\t\t\t\t\t<\/div>\n\t\t\t\t<\/div>\n\t\t\t\t<div class=\"elementor-element elementor-element-745ce51 elementor-widget elementor-widget-text-editor\" data-id=\"745ce51\" data-element_type=\"widget\" data-e-type=\"widget\" data-settings=\"{&quot;ekit_we_effect_on&quot;:&quot;none&quot;}\" data-widget_type=\"text-editor.default\">\n\t\t\t\t<div class=\"elementor-widget-container\">\n\t\t\t\t\t\t\t\t\t<p align=\"CENTER\">\n            <b>L\u00ecnias pro un\u2019acurtziadura a su meledu subra de sa morte e su rec\u00f9peru de s&#8217;umanidade<\/b>\n          <\/p>\n<h2>\n            <strong>S&#8217;\u00f9rtima proibudura: sa tudadura de su cuntzetu de morte e sa timoria pro sa dispidida simb\u00f2lica <\/strong><br \/>\n          <\/h2>\n<p align=\"JUSTIFY\">\n            <span style=\"color: #000000;\">Su cabudanni coladu su mundu intreu s\u2019est firmadu cara a sa morte de sa Regina Elisabetta II de Inghilterra. Su mundu intreu nd&#8217;at connotu sa pres\u00e8ntzia pro 70 annos de regnu. Su mundu s&#8217;est firmadu e at partetzipadu a sa dispidida, a unu saludu chi a medas est p\u00e0rfidu un\u2019ispet\u00e0culu, mentres in sa pr\u00e0tica de su protocollu pro sa sepultada de sos res est un&#8217;eventu chi est abarradu semper su matessi finas dae temp\u00f2rios.<\/span>\n          <\/p>\n<p align=\"JUSTIFY\">\n            <span style=\"color: #000000;\"><strong>Sa morte<\/strong> in sa cultura antiga est semper istada <strong>un\u2019eventu importante meda<\/strong> in sa vida de sas pessones, antis in sas culturas cl\u00e0ssicas s&#8217;eventu morte fiat sa cosa prus importante de sa vida, in su sentidu chi fiat craru a totus chi un\u2018eventu comente a sa vida, in sa possibilidade, sua non si podiat p\u00f2nnere a paragone cun s\u2019eventu mannu de sa morte in sa tzertesa sua. <\/span>\n          <\/p>\n<p align=\"JUSTIFY\">\n            <span style=\"color: #000000;\">Duncas <strong>durante sa vida<\/strong> bi fiat una <strong>preparatzione pr\u00f2priu a sa morte<\/strong>, a su <strong>cultu de su <i>saludu<\/i><\/strong>, a custa dispidida simb\u00f2lica chi est importante meda non petzi pro sos addolimados e incunsertados dae s\u2019iscansu.<\/span>\n          <\/p>\n<p align=\"JUSTIFY\">\n            <span style=\"color: #000000;\">Gasi s&#8217;ist\u00f2ria nche contat su panorama mannu chi a su cultu de sos mortos est deputadu, siat in sa richesa chi in sa povertade, custu eventu no at mai lassadu isfainados. <strong>Su respetu pro sa sacralidade de sa vida<\/strong> est postu craru craru dae <strong>sa traditzione de s&#8217;acumpangiamentu a s\u2019iscansu.<\/strong> Totu sas culturas e sas tziviltades ant connotu e praticadu custos ritos siat intro de sa fide chi in sa ladicade.<\/span>\n          <\/p>\n<p align=\"JUSTIFY\">\n            <span style=\"color: #000000;\">Difatis si sa fide o sas religiones si sunt ass\u00f9midas s&#8217;inc\u00e0rrigu de tratare sa morte <strong>pro sos l\u00e0dicos est sa literadura a meledare e a cunsentire sa tratatzione de su tema de sa morte<\/strong>in sa mediatzione netzess\u00e0ria a chi sa dispidida de sos caros si potzat atzetare.<\/span>\n          <\/p>\n<p align=\"JUSTIFY\">\n            <span style=\"color: #000000;\"><strong>Ma su tempus de oe cale lig\u00e0mine tenet cun sa morte? Cantu tempus est dedicadu a sa dispidida simb\u00f2lica? .<\/strong> Cantu e comente est cunsideradu su tempus de su corrutu, de su dolu?<\/span>\n          <\/p>\n<p align=\"JUSTIFY\">\n            <span style=\"color: #000000;\">C\u00e0pitat chi non cherende e nen prus podende pensare sa morte comente eventu de fundamentu e chi non si podet vitire, e duncas in totu su sentidu tr\u00e0gicu suo, su <strong>tempus cuntempor\u00e0neu reduit sa morte<\/strong> e la faghet ispet\u00e0culu. <\/span>\n          <\/p>\n<p align=\"JUSTIFY\">\n            <span style=\"color: #000000;\">Paris cun s\u2019ispetacularizatzione fintzas <strong>su sentidu suo benit ammodigadu,<\/strong> gasi cun issa <strong>non faghet a s\u2019istentare tempus meda,<\/strong>, ca su tempus curret (gasi comente si cheret) e non cunsentit de s\u2019istentare in su sentidu profundu de sa p\u00e8rdida de sa pessone istimada; sigomente <strong>su tempus pro su dolu e de sa dispidida,<\/strong>, in antis de su bi\u00e0giu inconnotu chi a totus at a tocare, <i>de su corrutu,<\/i>custa est sa par\u00e0ula \u201ctabuica\u201d, chi non si podet mancu n\u00e0rrere, chi acump\u00e0ngiat sa p\u00e8rdida chi ligada pro afetu, in manera psicol\u00f2gica, in manera emotiva e bisestrat s&#8217;\u00e0nimu de chie abarrat, <strong>est isortu in un\u2019idea iscient\u00ecfica de sa morte,<\/strong>chi dat unu responsu fritu de su corpus, una carena chi at sessadu sas funtziones vitales suas.<\/span>\n          <\/p>\n<p align=\"JUSTIFY\">\n            <span style=\"color: #000000;\">Duncas s&#8217;est tentu <strong>custa transidura de su cuntzetu de sa morte comente a eventu tr\u00e0gicu<\/strong> insertadu a sa vida,(ligadu a sa fide e a sa literadura pro chi in una fide non si reconnoschet) <strong>a s&#8217;isci\u00e8ntzia chi non tenet interessamentu a sa idea tr\u00e0gica<\/strong> de sa morte, antis tenet su fine de marcare, s&#8217;eventu sa morte, boghende\u00b7nche\u00b7la dae su chi li pertocat in contu de rituales e atividades pro sos mortos e pro sos bios. <\/span>\n          <\/p>\n<p align=\"JUSTIFY\">\n            <span style=\"color: #000000;\"><strong>E duncas su tempus cuntempor\u00e0neu non tenet prus trastos mannos pro cumpr\u00e8ndere su sentidu tr\u00e0gicu de sa morte<\/strong>, colada a eventu naturale ebbia. In prus pro chi non si nde faeddet cun sentidu profundu <strong>nd&#8217;at fraigadu ispet\u00e0culu<\/strong> chi tenet comente iscopu <strong>su<\/strong> <strong>de reduire su sentidu tr\u00e0gicu de sa p\u00e8rdida e de sa dispidida simb\u00f2lica<\/strong> pro ismanniare su contu de s&#8217;ammentu.<\/span>\n          <\/p>\n<p align=\"JUSTIFY\">\n            <span style=\"color: #000000;\"><strong>B\u2019at s\u2019ispera<\/strong> de <strong>s\u2019istentare e de acollire su meledu<\/strong> comente <strong>elementu chi s\u2019incurat finas de s\u2019addolimu,<\/strong>custu non ca in su s\u2019addolime si devat istentare ma ca <strong>de sa cumprensione de s\u2019addolimu podet torrare a n\u00e0schere unu sentidu umanu nou,<\/strong>unu raportu nou cun su sacru chi ligat paris sa vida e sa morte e sas pessones a sos ammentos, ma ammentos profundos e mem\u00f2rias sens\u00ecbiles.<\/span>\n          <\/p>\n<p align=\"JUSTIFY\">\n\t\t\t\t\t\t\t\t<\/div>\n\t\t\t\t<\/div>\n\t\t\t\t\t<\/div>\n\t\t<\/div>\n\t\t\t\t\t<\/div>\n\t\t<\/section>\n\t\t\t\t<\/div>\n\t\t","protected":false},"excerpt":{"rendered":"<p>de Daniela Masia Urgu L\u00ecnias pro un\u2019acurtziadura a su meledu subra de sa morte e su rec\u00f9peru de s&#8217;umanidade S&#8217;\u00f9rtima [&hellip;]<\/p>\n","protected":false},"author":1,"featured_media":28085,"comment_status":"open","ping_status":"closed","sticky":false,"template":"","format":"standard","meta":{"footnotes":""},"categories":[116],"tags":[],"class_list":["post-28087","post","type-post","status-publish","format-standard","has-post-thumbnail","hentry","category-blog-sc"],"yoast_head":"<!-- This site is optimized with the Yoast SEO plugin v27.4 - https:\/\/yoast.com\/product\/yoast-seo-wordpress\/ -->\n<title>S&#039;\u00f9rtima proibudura: sa tudadura de su cuntzetu de morte e sa timoria pro sa dispidida simb\u00f2lica<\/title>\n<meta name=\"description\" content=\"Ma su tempus de oe cale lig\u00e0mine tenet cun sa morte? Cantu tempus est dedicadu a sa dispidida simb\u00f2lica? L\u00ecnias pro un\u2019acurtziadura a su meledu subra de sa morte e su rec\u00f9peru de s&#039;umanidade\" \/>\n<meta name=\"robots\" content=\"index, follow, max-snippet:-1, max-image-preview:large, max-video-preview:-1\" \/>\n<link rel=\"canonical\" href=\"https:\/\/www.istituto-bellieni.it\/sc\/surtima-proibudura-sa-tudadura-de-su-cuntzetu-de-morte-e-sa-timoria-pro-sa-dispidida-simbolica\/\" \/>\n<meta property=\"og:locale\" content=\"en_US\" \/>\n<meta property=\"og:type\" content=\"article\" \/>\n<meta property=\"og:title\" content=\"S&#039;\u00f9rtima proibudura: sa tudadura de su cuntzetu de morte e sa timoria pro sa dispidida simb\u00f2lica\" \/>\n<meta property=\"og:description\" content=\"Ma su tempus de oe cale lig\u00e0mine tenet cun sa morte? Cantu tempus est dedicadu a sa dispidida simb\u00f2lica? L\u00ecnias pro un\u2019acurtziadura a su meledu subra de sa morte e su rec\u00f9peru de s&#039;umanidade\" \/>\n<meta property=\"og:url\" content=\"https:\/\/www.istituto-bellieni.it\/sc\/surtima-proibudura-sa-tudadura-de-su-cuntzetu-de-morte-e-sa-timoria-pro-sa-dispidida-simbolica\/\" \/>\n<meta property=\"og:site_name\" content=\"Istituto Camillo Bellieni Sassari\" \/>\n<meta property=\"article:publisher\" content=\"https:\/\/www.facebook.com\/IstitutoBellieni\" \/>\n<meta property=\"article:published_time\" content=\"2022-12-21T18:11:25+00:00\" \/>\n<meta property=\"article:modified_time\" content=\"2022-12-21T19:19:38+00:00\" \/>\n<meta property=\"og:image\" content=\"https:\/\/www.istituto-bellieni.it\/wp-content\/uploads\/2022\/12\/tabu-congedo-simbolico.png\" \/>\n<meta name=\"author\" content=\"admin\" \/>\n<meta name=\"twitter:card\" content=\"summary_large_image\" \/>\n<meta name=\"twitter:label1\" content=\"Written by\" \/>\n\t<meta name=\"twitter:data1\" content=\"admin\" \/>\n\t<meta name=\"twitter:label2\" content=\"Est. reading time\" \/>\n\t<meta name=\"twitter:data2\" content=\"4 minutes\" \/>\n<script type=\"application\/ld+json\" class=\"yoast-schema-graph\">{\"@context\":\"https:\\\/\\\/schema.org\",\"@graph\":[{\"@type\":\"Article\",\"@id\":\"https:\\\/\\\/www.istituto-bellieni.it\\\/sc\\\/surtima-proibudura-sa-tudadura-de-su-cuntzetu-de-morte-e-sa-timoria-pro-sa-dispidida-simbolica\\\/#article\",\"isPartOf\":{\"@id\":\"https:\\\/\\\/www.istituto-bellieni.it\\\/sc\\\/surtima-proibudura-sa-tudadura-de-su-cuntzetu-de-morte-e-sa-timoria-pro-sa-dispidida-simbolica\\\/\"},\"author\":{\"name\":\"admin\",\"@id\":\"https:\\\/\\\/www.istituto-bellieni.it\\\/#\\\/schema\\\/person\\\/ad5e2af9b2c2e2673c3d93d608b4dc7b\"},\"headline\":\"S&#8217;\u00f9rtima proibudura: sa tudadura de su cuntzetu de morte e sa timoria pro sa dispidida simb\u00f2lica\",\"datePublished\":\"2022-12-21T18:11:25+00:00\",\"dateModified\":\"2022-12-21T19:19:38+00:00\",\"mainEntityOfPage\":{\"@id\":\"https:\\\/\\\/www.istituto-bellieni.it\\\/sc\\\/surtima-proibudura-sa-tudadura-de-su-cuntzetu-de-morte-e-sa-timoria-pro-sa-dispidida-simbolica\\\/\"},\"wordCount\":823,\"commentCount\":0,\"publisher\":{\"@id\":\"https:\\\/\\\/www.istituto-bellieni.it\\\/#organization\"},\"image\":{\"@id\":\"https:\\\/\\\/www.istituto-bellieni.it\\\/sc\\\/surtima-proibudura-sa-tudadura-de-su-cuntzetu-de-morte-e-sa-timoria-pro-sa-dispidida-simbolica\\\/#primaryimage\"},\"thumbnailUrl\":\"https:\\\/\\\/www.istituto-bellieni.it\\\/wp-content\\\/uploads\\\/2022\\\/12\\\/tabu-congedo-simbolico.png\",\"articleSection\":[\"Blog\"],\"inLanguage\":\"sc-SC\",\"potentialAction\":[{\"@type\":\"CommentAction\",\"name\":\"Comment\",\"target\":[\"https:\\\/\\\/www.istituto-bellieni.it\\\/sc\\\/surtima-proibudura-sa-tudadura-de-su-cuntzetu-de-morte-e-sa-timoria-pro-sa-dispidida-simbolica\\\/#respond\"]}]},{\"@type\":\"WebPage\",\"@id\":\"https:\\\/\\\/www.istituto-bellieni.it\\\/sc\\\/surtima-proibudura-sa-tudadura-de-su-cuntzetu-de-morte-e-sa-timoria-pro-sa-dispidida-simbolica\\\/\",\"url\":\"https:\\\/\\\/www.istituto-bellieni.it\\\/sc\\\/surtima-proibudura-sa-tudadura-de-su-cuntzetu-de-morte-e-sa-timoria-pro-sa-dispidida-simbolica\\\/\",\"name\":\"S'\u00f9rtima proibudura: sa tudadura de su cuntzetu de morte e sa timoria pro sa dispidida simb\u00f2lica\",\"isPartOf\":{\"@id\":\"https:\\\/\\\/www.istituto-bellieni.it\\\/#website\"},\"primaryImageOfPage\":{\"@id\":\"https:\\\/\\\/www.istituto-bellieni.it\\\/sc\\\/surtima-proibudura-sa-tudadura-de-su-cuntzetu-de-morte-e-sa-timoria-pro-sa-dispidida-simbolica\\\/#primaryimage\"},\"image\":{\"@id\":\"https:\\\/\\\/www.istituto-bellieni.it\\\/sc\\\/surtima-proibudura-sa-tudadura-de-su-cuntzetu-de-morte-e-sa-timoria-pro-sa-dispidida-simbolica\\\/#primaryimage\"},\"thumbnailUrl\":\"https:\\\/\\\/www.istituto-bellieni.it\\\/wp-content\\\/uploads\\\/2022\\\/12\\\/tabu-congedo-simbolico.png\",\"datePublished\":\"2022-12-21T18:11:25+00:00\",\"dateModified\":\"2022-12-21T19:19:38+00:00\",\"description\":\"Ma su tempus de oe cale lig\u00e0mine tenet cun sa morte? Cantu tempus est dedicadu a sa dispidida simb\u00f2lica? L\u00ecnias pro un\u2019acurtziadura a su meledu subra de sa morte e su rec\u00f9peru de s'umanidade\",\"breadcrumb\":{\"@id\":\"https:\\\/\\\/www.istituto-bellieni.it\\\/sc\\\/surtima-proibudura-sa-tudadura-de-su-cuntzetu-de-morte-e-sa-timoria-pro-sa-dispidida-simbolica\\\/#breadcrumb\"},\"inLanguage\":\"sc-SC\",\"potentialAction\":[{\"@type\":\"ReadAction\",\"target\":[\"https:\\\/\\\/www.istituto-bellieni.it\\\/sc\\\/surtima-proibudura-sa-tudadura-de-su-cuntzetu-de-morte-e-sa-timoria-pro-sa-dispidida-simbolica\\\/\"]}]},{\"@type\":\"ImageObject\",\"inLanguage\":\"sc-SC\",\"@id\":\"https:\\\/\\\/www.istituto-bellieni.it\\\/sc\\\/surtima-proibudura-sa-tudadura-de-su-cuntzetu-de-morte-e-sa-timoria-pro-sa-dispidida-simbolica\\\/#primaryimage\",\"url\":\"https:\\\/\\\/www.istituto-bellieni.it\\\/wp-content\\\/uploads\\\/2022\\\/12\\\/tabu-congedo-simbolico.png\",\"contentUrl\":\"https:\\\/\\\/www.istituto-bellieni.it\\\/wp-content\\\/uploads\\\/2022\\\/12\\\/tabu-congedo-simbolico.png\",\"width\":960,\"height\":712,\"caption\":\"L\u2019ultimo tab\u00f9: l\u2019estinzione del concetto di morte e la demonizzazione del congedo simbolico\"},{\"@type\":\"BreadcrumbList\",\"@id\":\"https:\\\/\\\/www.istituto-bellieni.it\\\/sc\\\/surtima-proibudura-sa-tudadura-de-su-cuntzetu-de-morte-e-sa-timoria-pro-sa-dispidida-simbolica\\\/#breadcrumb\",\"itemListElement\":[{\"@type\":\"ListItem\",\"position\":1,\"name\":\"Home\",\"item\":\"https:\\\/\\\/www.istituto-bellieni.it\\\/sc\\\/\"},{\"@type\":\"ListItem\",\"position\":2,\"name\":\"S&#8217;\u00f9rtima proibudura: sa tudadura de su cuntzetu de morte e sa timoria pro sa dispidida simb\u00f2lica\"}]},{\"@type\":\"WebSite\",\"@id\":\"https:\\\/\\\/www.istituto-bellieni.it\\\/#website\",\"url\":\"https:\\\/\\\/www.istituto-bellieni.it\\\/\",\"name\":\"Istituto Camillo Bellieni Sassari\",\"description\":\"Il sito web dell&#039;Istituto di studi e ricerche Camillo Bellieni di Sassari\",\"publisher\":{\"@id\":\"https:\\\/\\\/www.istituto-bellieni.it\\\/#organization\"},\"potentialAction\":[{\"@type\":\"SearchAction\",\"target\":{\"@type\":\"EntryPoint\",\"urlTemplate\":\"https:\\\/\\\/www.istituto-bellieni.it\\\/?s={search_term_string}\"},\"query-input\":{\"@type\":\"PropertyValueSpecification\",\"valueRequired\":true,\"valueName\":\"search_term_string\"}}],\"inLanguage\":\"sc-SC\"},{\"@type\":\"Organization\",\"@id\":\"https:\\\/\\\/www.istituto-bellieni.it\\\/#organization\",\"name\":\"Istituto di Studi e Ricerce Camillo Bellieni Sassari\",\"url\":\"https:\\\/\\\/www.istituto-bellieni.it\\\/\",\"logo\":{\"@type\":\"ImageObject\",\"inLanguage\":\"sc-SC\",\"@id\":\"https:\\\/\\\/www.istituto-bellieni.it\\\/#\\\/schema\\\/logo\\\/image\\\/\",\"url\":\"https:\\\/\\\/www.istituto-bellieni.it\\\/wp-content\\\/uploads\\\/2022\\\/02\\\/logo-vect.svg\",\"contentUrl\":\"https:\\\/\\\/www.istituto-bellieni.it\\\/wp-content\\\/uploads\\\/2022\\\/02\\\/logo-vect.svg\",\"width\":305.021,\"height\":176.34,\"caption\":\"Istituto di Studi e Ricerce Camillo Bellieni Sassari\"},\"image\":{\"@id\":\"https:\\\/\\\/www.istituto-bellieni.it\\\/#\\\/schema\\\/logo\\\/image\\\/\"},\"sameAs\":[\"https:\\\/\\\/www.facebook.com\\\/IstitutoBellieni\"]},{\"@type\":\"Person\",\"@id\":\"https:\\\/\\\/www.istituto-bellieni.it\\\/#\\\/schema\\\/person\\\/ad5e2af9b2c2e2673c3d93d608b4dc7b\",\"name\":\"admin\",\"image\":{\"@type\":\"ImageObject\",\"inLanguage\":\"sc-SC\",\"@id\":\"https:\\\/\\\/secure.gravatar.com\\\/avatar\\\/6c3757f6686398e5a09f7b3113e4e325728a02ba358a49d250222878791cf4e7?s=96&d=mm&r=g\",\"url\":\"https:\\\/\\\/secure.gravatar.com\\\/avatar\\\/6c3757f6686398e5a09f7b3113e4e325728a02ba358a49d250222878791cf4e7?s=96&d=mm&r=g\",\"contentUrl\":\"https:\\\/\\\/secure.gravatar.com\\\/avatar\\\/6c3757f6686398e5a09f7b3113e4e325728a02ba358a49d250222878791cf4e7?s=96&d=mm&r=g\",\"caption\":\"admin\"},\"sameAs\":[\"https:\\\/\\\/www.istituto-bellieni.it\\\/\"],\"url\":\"https:\\\/\\\/www.istituto-bellieni.it\\\/sc\\\/author\\\/admin\\\/\"}]}<\/script>\n<!-- \/ Yoast SEO plugin. -->","yoast_head_json":{"title":"S'\u00f9rtima proibudura: sa tudadura de su cuntzetu de morte e sa timoria pro sa dispidida simb\u00f2lica","description":"Ma su tempus de oe cale lig\u00e0mine tenet cun sa morte? Cantu tempus est dedicadu a sa dispidida simb\u00f2lica? L\u00ecnias pro un\u2019acurtziadura a su meledu subra de sa morte e su rec\u00f9peru de s'umanidade","robots":{"index":"index","follow":"follow","max-snippet":"max-snippet:-1","max-image-preview":"max-image-preview:large","max-video-preview":"max-video-preview:-1"},"canonical":"https:\/\/www.istituto-bellieni.it\/sc\/surtima-proibudura-sa-tudadura-de-su-cuntzetu-de-morte-e-sa-timoria-pro-sa-dispidida-simbolica\/","og_locale":"en_US","og_type":"article","og_title":"S'\u00f9rtima proibudura: sa tudadura de su cuntzetu de morte e sa timoria pro sa dispidida simb\u00f2lica","og_description":"Ma su tempus de oe cale lig\u00e0mine tenet cun sa morte? Cantu tempus est dedicadu a sa dispidida simb\u00f2lica? L\u00ecnias pro un\u2019acurtziadura a su meledu subra de sa morte e su rec\u00f9peru de s'umanidade","og_url":"https:\/\/www.istituto-bellieni.it\/sc\/surtima-proibudura-sa-tudadura-de-su-cuntzetu-de-morte-e-sa-timoria-pro-sa-dispidida-simbolica\/","og_site_name":"Istituto Camillo Bellieni Sassari","article_publisher":"https:\/\/www.facebook.com\/IstitutoBellieni","article_published_time":"2022-12-21T18:11:25+00:00","article_modified_time":"2022-12-21T19:19:38+00:00","og_image":[{"url":"https:\/\/www.istituto-bellieni.it\/wp-content\/uploads\/2022\/12\/tabu-congedo-simbolico.png","type":"","width":"","height":""}],"author":"admin","twitter_card":"summary_large_image","twitter_misc":{"Written by":"admin","Est. reading time":"4 minutes"},"schema":{"@context":"https:\/\/schema.org","@graph":[{"@type":"Article","@id":"https:\/\/www.istituto-bellieni.it\/sc\/surtima-proibudura-sa-tudadura-de-su-cuntzetu-de-morte-e-sa-timoria-pro-sa-dispidida-simbolica\/#article","isPartOf":{"@id":"https:\/\/www.istituto-bellieni.it\/sc\/surtima-proibudura-sa-tudadura-de-su-cuntzetu-de-morte-e-sa-timoria-pro-sa-dispidida-simbolica\/"},"author":{"name":"admin","@id":"https:\/\/www.istituto-bellieni.it\/#\/schema\/person\/ad5e2af9b2c2e2673c3d93d608b4dc7b"},"headline":"S&#8217;\u00f9rtima proibudura: sa tudadura de su cuntzetu de morte e sa timoria pro sa dispidida simb\u00f2lica","datePublished":"2022-12-21T18:11:25+00:00","dateModified":"2022-12-21T19:19:38+00:00","mainEntityOfPage":{"@id":"https:\/\/www.istituto-bellieni.it\/sc\/surtima-proibudura-sa-tudadura-de-su-cuntzetu-de-morte-e-sa-timoria-pro-sa-dispidida-simbolica\/"},"wordCount":823,"commentCount":0,"publisher":{"@id":"https:\/\/www.istituto-bellieni.it\/#organization"},"image":{"@id":"https:\/\/www.istituto-bellieni.it\/sc\/surtima-proibudura-sa-tudadura-de-su-cuntzetu-de-morte-e-sa-timoria-pro-sa-dispidida-simbolica\/#primaryimage"},"thumbnailUrl":"https:\/\/www.istituto-bellieni.it\/wp-content\/uploads\/2022\/12\/tabu-congedo-simbolico.png","articleSection":["Blog"],"inLanguage":"sc-SC","potentialAction":[{"@type":"CommentAction","name":"Comment","target":["https:\/\/www.istituto-bellieni.it\/sc\/surtima-proibudura-sa-tudadura-de-su-cuntzetu-de-morte-e-sa-timoria-pro-sa-dispidida-simbolica\/#respond"]}]},{"@type":"WebPage","@id":"https:\/\/www.istituto-bellieni.it\/sc\/surtima-proibudura-sa-tudadura-de-su-cuntzetu-de-morte-e-sa-timoria-pro-sa-dispidida-simbolica\/","url":"https:\/\/www.istituto-bellieni.it\/sc\/surtima-proibudura-sa-tudadura-de-su-cuntzetu-de-morte-e-sa-timoria-pro-sa-dispidida-simbolica\/","name":"S'\u00f9rtima proibudura: sa tudadura de su cuntzetu de morte e sa timoria pro sa dispidida simb\u00f2lica","isPartOf":{"@id":"https:\/\/www.istituto-bellieni.it\/#website"},"primaryImageOfPage":{"@id":"https:\/\/www.istituto-bellieni.it\/sc\/surtima-proibudura-sa-tudadura-de-su-cuntzetu-de-morte-e-sa-timoria-pro-sa-dispidida-simbolica\/#primaryimage"},"image":{"@id":"https:\/\/www.istituto-bellieni.it\/sc\/surtima-proibudura-sa-tudadura-de-su-cuntzetu-de-morte-e-sa-timoria-pro-sa-dispidida-simbolica\/#primaryimage"},"thumbnailUrl":"https:\/\/www.istituto-bellieni.it\/wp-content\/uploads\/2022\/12\/tabu-congedo-simbolico.png","datePublished":"2022-12-21T18:11:25+00:00","dateModified":"2022-12-21T19:19:38+00:00","description":"Ma su tempus de oe cale lig\u00e0mine tenet cun sa morte? Cantu tempus est dedicadu a sa dispidida simb\u00f2lica? L\u00ecnias pro un\u2019acurtziadura a su meledu subra de sa morte e su rec\u00f9peru de s'umanidade","breadcrumb":{"@id":"https:\/\/www.istituto-bellieni.it\/sc\/surtima-proibudura-sa-tudadura-de-su-cuntzetu-de-morte-e-sa-timoria-pro-sa-dispidida-simbolica\/#breadcrumb"},"inLanguage":"sc-SC","potentialAction":[{"@type":"ReadAction","target":["https:\/\/www.istituto-bellieni.it\/sc\/surtima-proibudura-sa-tudadura-de-su-cuntzetu-de-morte-e-sa-timoria-pro-sa-dispidida-simbolica\/"]}]},{"@type":"ImageObject","inLanguage":"sc-SC","@id":"https:\/\/www.istituto-bellieni.it\/sc\/surtima-proibudura-sa-tudadura-de-su-cuntzetu-de-morte-e-sa-timoria-pro-sa-dispidida-simbolica\/#primaryimage","url":"https:\/\/www.istituto-bellieni.it\/wp-content\/uploads\/2022\/12\/tabu-congedo-simbolico.png","contentUrl":"https:\/\/www.istituto-bellieni.it\/wp-content\/uploads\/2022\/12\/tabu-congedo-simbolico.png","width":960,"height":712,"caption":"L\u2019ultimo tab\u00f9: l\u2019estinzione del concetto di morte e la demonizzazione del congedo simbolico"},{"@type":"BreadcrumbList","@id":"https:\/\/www.istituto-bellieni.it\/sc\/surtima-proibudura-sa-tudadura-de-su-cuntzetu-de-morte-e-sa-timoria-pro-sa-dispidida-simbolica\/#breadcrumb","itemListElement":[{"@type":"ListItem","position":1,"name":"Home","item":"https:\/\/www.istituto-bellieni.it\/sc\/"},{"@type":"ListItem","position":2,"name":"S&#8217;\u00f9rtima proibudura: sa tudadura de su cuntzetu de morte e sa timoria pro sa dispidida simb\u00f2lica"}]},{"@type":"WebSite","@id":"https:\/\/www.istituto-bellieni.it\/#website","url":"https:\/\/www.istituto-bellieni.it\/","name":"Istituto Camillo Bellieni Sassari","description":"Il sito web dell&#039;Istituto di studi e ricerche Camillo Bellieni di Sassari","publisher":{"@id":"https:\/\/www.istituto-bellieni.it\/#organization"},"potentialAction":[{"@type":"SearchAction","target":{"@type":"EntryPoint","urlTemplate":"https:\/\/www.istituto-bellieni.it\/?s={search_term_string}"},"query-input":{"@type":"PropertyValueSpecification","valueRequired":true,"valueName":"search_term_string"}}],"inLanguage":"sc-SC"},{"@type":"Organization","@id":"https:\/\/www.istituto-bellieni.it\/#organization","name":"Istituto di Studi e Ricerce Camillo Bellieni Sassari","url":"https:\/\/www.istituto-bellieni.it\/","logo":{"@type":"ImageObject","inLanguage":"sc-SC","@id":"https:\/\/www.istituto-bellieni.it\/#\/schema\/logo\/image\/","url":"https:\/\/www.istituto-bellieni.it\/wp-content\/uploads\/2022\/02\/logo-vect.svg","contentUrl":"https:\/\/www.istituto-bellieni.it\/wp-content\/uploads\/2022\/02\/logo-vect.svg","width":305.021,"height":176.34,"caption":"Istituto di Studi e Ricerce Camillo Bellieni Sassari"},"image":{"@id":"https:\/\/www.istituto-bellieni.it\/#\/schema\/logo\/image\/"},"sameAs":["https:\/\/www.facebook.com\/IstitutoBellieni"]},{"@type":"Person","@id":"https:\/\/www.istituto-bellieni.it\/#\/schema\/person\/ad5e2af9b2c2e2673c3d93d608b4dc7b","name":"admin","image":{"@type":"ImageObject","inLanguage":"sc-SC","@id":"https:\/\/secure.gravatar.com\/avatar\/6c3757f6686398e5a09f7b3113e4e325728a02ba358a49d250222878791cf4e7?s=96&d=mm&r=g","url":"https:\/\/secure.gravatar.com\/avatar\/6c3757f6686398e5a09f7b3113e4e325728a02ba358a49d250222878791cf4e7?s=96&d=mm&r=g","contentUrl":"https:\/\/secure.gravatar.com\/avatar\/6c3757f6686398e5a09f7b3113e4e325728a02ba358a49d250222878791cf4e7?s=96&d=mm&r=g","caption":"admin"},"sameAs":["https:\/\/www.istituto-bellieni.it\/"],"url":"https:\/\/www.istituto-bellieni.it\/sc\/author\/admin\/"}]}},"_links":{"self":[{"href":"https:\/\/www.istituto-bellieni.it\/sc\/wp-json\/wp\/v2\/posts\/28087","targetHints":{"allow":["GET"]}}],"collection":[{"href":"https:\/\/www.istituto-bellieni.it\/sc\/wp-json\/wp\/v2\/posts"}],"about":[{"href":"https:\/\/www.istituto-bellieni.it\/sc\/wp-json\/wp\/v2\/types\/post"}],"author":[{"embeddable":true,"href":"https:\/\/www.istituto-bellieni.it\/sc\/wp-json\/wp\/v2\/users\/1"}],"replies":[{"embeddable":true,"href":"https:\/\/www.istituto-bellieni.it\/sc\/wp-json\/wp\/v2\/comments?post=28087"}],"version-history":[{"count":3,"href":"https:\/\/www.istituto-bellieni.it\/sc\/wp-json\/wp\/v2\/posts\/28087\/revisions"}],"predecessor-version":[{"id":28090,"href":"https:\/\/www.istituto-bellieni.it\/sc\/wp-json\/wp\/v2\/posts\/28087\/revisions\/28090"}],"wp:featuredmedia":[{"embeddable":true,"href":"https:\/\/www.istituto-bellieni.it\/sc\/wp-json\/wp\/v2\/media\/28085"}],"wp:attachment":[{"href":"https:\/\/www.istituto-bellieni.it\/sc\/wp-json\/wp\/v2\/media?parent=28087"}],"wp:term":[{"taxonomy":"category","embeddable":true,"href":"https:\/\/www.istituto-bellieni.it\/sc\/wp-json\/wp\/v2\/categories?post=28087"},{"taxonomy":"post_tag","embeddable":true,"href":"https:\/\/www.istituto-bellieni.it\/sc\/wp-json\/wp\/v2\/tags?post=28087"}],"curies":[{"name":"wp","href":"https:\/\/api.w.org\/{rel}","templated":true}]}}