{"id":30199,"date":"2025-04-15T09:44:18","date_gmt":"2025-04-15T09:44:18","guid":{"rendered":"https:\/\/www.istituto-bellieni.it\/giovanni-maria-angioy-una-serata-dedicata-alla-storia-e-allidentita-locale\/"},"modified":"2025-04-15T10:38:15","modified_gmt":"2025-04-15T10:38:15","slug":"giovanni-maria-angioy-una-serata-dedicata-alla-storia-e-allidentita-locale","status":"publish","type":"post","link":"https:\/\/www.istituto-bellieni.it\/sc\/giovanni-maria-angioy-una-serata-dedicata-alla-storia-e-allidentita-locale\/","title":{"rendered":"Giuanne Maria Angioy \u2013 Una serada dedicada a s&#8217;ist\u00f2ria e a s&#8217;identidade de su logu"},"content":{"rendered":"\t\t<div data-elementor-type=\"wp-post\" data-elementor-id=\"30199\" class=\"elementor elementor-30199 elementor-30190\" data-elementor-post-type=\"post\">\n\t\t\t\t\t\t<section class=\"elementor-section elementor-top-section elementor-element elementor-element-42758450 elementor-section-boxed elementor-section-height-default elementor-section-height-default\" data-id=\"42758450\" data-element_type=\"section\" data-e-type=\"section\">\n\t\t\t\t\t\t<div class=\"elementor-container elementor-column-gap-default\">\n\t\t\t\t\t<div class=\"elementor-column elementor-col-100 elementor-top-column elementor-element elementor-element-f862549\" data-id=\"f862549\" data-element_type=\"column\" data-e-type=\"column\">\n\t\t\t<div class=\"elementor-widget-wrap elementor-element-populated\">\n\t\t\t\t\t\t<div class=\"elementor-element elementor-element-7a23bef9 elementor-widget elementor-widget-text-editor\" data-id=\"7a23bef9\" data-element_type=\"widget\" data-e-type=\"widget\" data-settings=\"{&quot;ekit_we_effect_on&quot;:&quot;none&quot;}\" data-widget_type=\"text-editor.default\">\n\t\t\t\t<div class=\"elementor-widget-container\">\n\t\t\t\t\t\t\t\t\t<p>Pro <strong>sa Sa Die de sa Sardigna<\/strong>, lunis 28 de abrile 2025 a sas 6 de sero, su Palatu de su Barone de Ossi at a istranzare un&#8217;avenimentu ispetziale dedicadu a <strong>Giuanne Maria Angioy<\/strong>, figura s\u00ecmbulu de <strong>s&#8217;ist\u00f2ria<\/strong> e de sa <strong>cuss\u00e8ntzia sarda<\/strong>.<\/p><p>Un&#8217;oportunidade de importu pro nde torrare a pizu sas raighinas de su territ\u00f2riu nostru , meledare subra s\u2019identidade culturale de su logu e dare valore a sa limba sarda.<\/p><p>S\u2019initziativa est organizada dae <strong>s&#8217;Isportellu Lingu\u00ecsticu de Ossi<\/strong>, coordinadu dae s\u2019<strong>Istitutu Camillo Bellieni<\/strong> de T\u00e0tari, paris a sa <strong>Biblioteca Comunale de Ossi<\/strong>.<\/p><p><strong>PROGRAMMA DE SA SERADA<\/strong><\/p><p><strong>Angelo Fancellu<\/strong> <em>Presidente de su Cons\u00ecgiu Comunale de Ossi,<br><\/em>Saludos istitutzionales<\/p><p><strong>Daniela Masia<\/strong> <em>Operadora Is.Be.<\/em><br>Giuanne Maria Angioy in Ossi in \u201cQuaderni di Storia n.3\u201d<\/p><p><strong>Anna Laura Pirisi<\/strong> <em>Operadora Is.Be.<\/em><br>Presentada de su giassu internet \u201cIn sos Logos de Angioy\u201d, chi est a disponimentu in sardu, italianu e inglesu: unu progetu pro prom\u00f2vere sa limba e sa cultura sarda.<\/p><p><strong>Maria Doloretta Lai<\/strong> <em>Presidente Is.Be.<\/em><br>Cunsigna de sas targas de su caminu de turismo identit\u00e0riu \u201cIn sos logos de Angioy\u201d, chi valorizat sos logos ist\u00f2ricos ligados a sa mem\u00f2ria comune de Ossi.<\/p><p>At a moderare s&#8217;abboju <strong>Francesca Sini<\/strong>, <em>Operadora de s&#8217;Isportellu Lingu\u00ecsticu<\/em>,<br>chi at a ghiare su p\u00f9blicu in sos diversos interventos.<\/p><p>Un\u2019ocasione de non p\u00e8rdere pro conn\u00f2schere m\u00e8gius sa figura de Angioy, intrare a intro de sos benes de sa cultura de Ossi e tzelebrare s\u2019import\u00e0ntzia de sa limba sarda.<\/p><p><strong>Particulares de s&#8217;avenimentu:<\/strong><br>\ud83d\udcc5 Data: 28 abrile 2025<br>\ud83d\udd55 Orariu: 6:00 de sero<br>\ud83d\udccd Lugu: Palatu de su Barone de Ossi<br><br><\/p><p>Ti isetamus pro cumpartzire umpare una serada de ist\u00f2ria, cultura e identidade!<\/p>\t\t\t\t\t\t\t\t<\/div>\n\t\t\t\t<\/div>\n\t\t\t\t\t<\/div>\n\t\t<\/div>\n\t\t\t\t\t<\/div>\n\t\t<\/section>\n\t\t\t\t<section class=\"elementor-section elementor-top-section elementor-element elementor-element-a8892cf elementor-section-boxed elementor-section-height-default elementor-section-height-default\" data-id=\"a8892cf\" data-element_type=\"section\" data-e-type=\"section\">\n\t\t\t\t\t\t<div class=\"elementor-container elementor-column-gap-default\">\n\t\t\t\t\t<div class=\"elementor-column elementor-col-100 elementor-top-column elementor-element elementor-element-e9c6700\" data-id=\"e9c6700\" data-element_type=\"column\" data-e-type=\"column\">\n\t\t\t<div class=\"elementor-widget-wrap\">\n\t\t\t\t\t\t\t<\/div>\n\t\t<\/div>\n\t\t\t\t\t<\/div>\n\t\t<\/section>\n\t\t\t\t<\/div>\n\t\t","protected":false},"excerpt":{"rendered":"<p>Serata dedicata a Giovanni Maria Angioy a Ossi il 28 aprile 2025: storia, lingua sarda e identit\u00e0 locale in occasione de Sa Die de sa Sardigna.<\/p>\n","protected":false},"author":1,"featured_media":30194,"comment_status":"closed","ping_status":"closed","sticky":false,"template":"","format":"standard","meta":{"footnotes":""},"categories":[121],"tags":[],"class_list":["post-30199","post","type-post","status-publish","format-standard","has-post-thumbnail","hentry","category-noas-e-eventos"],"yoast_head":"<!-- This site is optimized with the Yoast SEO plugin v27.4 - https:\/\/yoast.com\/product\/yoast-seo-wordpress\/ -->\n<title>Giuanne Maria Angioy \u2013 Una serada dedicada a s&#039;ist\u00f2ria e a s&#039;identidade de su logu - Istituto Camillo Bellieni Sassari<\/title>\n<meta name=\"description\" content=\"Serata dedicata a Giovanni Maria Angioy a Ossi il 28 aprile 2025: storia, lingua sarda e identit\u00e0 locale in occasione de Sa Die de sa Sardigna.\" \/>\n<meta name=\"robots\" content=\"index, follow, max-snippet:-1, max-image-preview:large, max-video-preview:-1\" \/>\n<link rel=\"canonical\" href=\"https:\/\/www.istituto-bellieni.it\/sc\/giovanni-maria-angioy-una-serata-dedicata-alla-storia-e-allidentita-locale\/\" \/>\n<meta property=\"og:locale\" content=\"en_US\" \/>\n<meta property=\"og:type\" content=\"article\" \/>\n<meta property=\"og:title\" content=\"Avisu de Seletzione pro 5 Espertos in Laborat\u00f2rios Culturales\" \/>\n<meta property=\"og:description\" content=\"S&#039;Is.Be chircat 5 figuras professionales pro sa realizatzione de 5 Laborat\u00f2rios Culturales in sos comunes de Cossoine, Mara, P\u00e0dria, Putumajore e Bonolva.\" \/>\n<meta property=\"og:url\" content=\"https:\/\/www.istituto-bellieni.it\/sc\/giovanni-maria-angioy-una-serata-dedicata-alla-storia-e-allidentita-locale\/\" \/>\n<meta property=\"og:site_name\" content=\"Istituto Camillo Bellieni Sassari\" \/>\n<meta property=\"article:publisher\" content=\"https:\/\/www.facebook.com\/IstitutoBellieni\" \/>\n<meta property=\"article:published_time\" content=\"2025-04-15T09:44:18+00:00\" \/>\n<meta property=\"article:modified_time\" content=\"2025-04-15T10:38:15+00:00\" \/>\n<meta property=\"og:image\" content=\"https:\/\/www.istituto-bellieni.it\/wp-content\/uploads\/2025\/03\/ricerca-5-esperti.jpg\" \/>\n<meta name=\"author\" content=\"admin\" \/>\n<meta name=\"twitter:card\" content=\"summary_large_image\" \/>\n<meta name=\"twitter:label1\" content=\"Written by\" \/>\n\t<meta name=\"twitter:data1\" content=\"admin\" \/>\n\t<meta name=\"twitter:label2\" content=\"Est. reading time\" \/>\n\t<meta name=\"twitter:data2\" content=\"2 minutes\" \/>\n<script type=\"application\/ld+json\" class=\"yoast-schema-graph\">{\"@context\":\"https:\\\/\\\/schema.org\",\"@graph\":[{\"@type\":\"Article\",\"@id\":\"https:\\\/\\\/www.istituto-bellieni.it\\\/sc\\\/giovanni-maria-angioy-una-serata-dedicata-alla-storia-e-allidentita-locale\\\/#article\",\"isPartOf\":{\"@id\":\"https:\\\/\\\/www.istituto-bellieni.it\\\/sc\\\/giovanni-maria-angioy-una-serata-dedicata-alla-storia-e-allidentita-locale\\\/\"},\"author\":{\"name\":\"admin\",\"@id\":\"https:\\\/\\\/www.istituto-bellieni.it\\\/#\\\/schema\\\/person\\\/ad5e2af9b2c2e2673c3d93d608b4dc7b\"},\"headline\":\"Giuanne Maria Angioy \u2013 Una serada dedicada a s&#8217;ist\u00f2ria e a s&#8217;identidade de su logu\",\"datePublished\":\"2025-04-15T09:44:18+00:00\",\"dateModified\":\"2025-04-15T10:38:15+00:00\",\"mainEntityOfPage\":{\"@id\":\"https:\\\/\\\/www.istituto-bellieni.it\\\/sc\\\/giovanni-maria-angioy-una-serata-dedicata-alla-storia-e-allidentita-locale\\\/\"},\"wordCount\":311,\"publisher\":{\"@id\":\"https:\\\/\\\/www.istituto-bellieni.it\\\/#organization\"},\"image\":{\"@id\":\"https:\\\/\\\/www.istituto-bellieni.it\\\/sc\\\/giovanni-maria-angioy-una-serata-dedicata-alla-storia-e-allidentita-locale\\\/#primaryimage\"},\"thumbnailUrl\":\"https:\\\/\\\/www.istituto-bellieni.it\\\/wp-content\\\/uploads\\\/2025\\\/04\\\/Giovanni-Maria-Angioy-Sardo.png\",\"articleSection\":[\"Noas e Eventos\"],\"inLanguage\":\"sc-SC\"},{\"@type\":\"WebPage\",\"@id\":\"https:\\\/\\\/www.istituto-bellieni.it\\\/sc\\\/giovanni-maria-angioy-una-serata-dedicata-alla-storia-e-allidentita-locale\\\/\",\"url\":\"https:\\\/\\\/www.istituto-bellieni.it\\\/sc\\\/giovanni-maria-angioy-una-serata-dedicata-alla-storia-e-allidentita-locale\\\/\",\"name\":\"Giuanne Maria Angioy \u2013 Una serada dedicada a s'ist\u00f2ria e a s'identidade de su logu - Istituto Camillo Bellieni Sassari\",\"isPartOf\":{\"@id\":\"https:\\\/\\\/www.istituto-bellieni.it\\\/#website\"},\"primaryImageOfPage\":{\"@id\":\"https:\\\/\\\/www.istituto-bellieni.it\\\/sc\\\/giovanni-maria-angioy-una-serata-dedicata-alla-storia-e-allidentita-locale\\\/#primaryimage\"},\"image\":{\"@id\":\"https:\\\/\\\/www.istituto-bellieni.it\\\/sc\\\/giovanni-maria-angioy-una-serata-dedicata-alla-storia-e-allidentita-locale\\\/#primaryimage\"},\"thumbnailUrl\":\"https:\\\/\\\/www.istituto-bellieni.it\\\/wp-content\\\/uploads\\\/2025\\\/04\\\/Giovanni-Maria-Angioy-Sardo.png\",\"datePublished\":\"2025-04-15T09:44:18+00:00\",\"dateModified\":\"2025-04-15T10:38:15+00:00\",\"description\":\"Serata dedicata a Giovanni Maria Angioy a Ossi il 28 aprile 2025: storia, lingua sarda e identit\u00e0 locale in occasione de Sa Die de sa Sardigna.\",\"breadcrumb\":{\"@id\":\"https:\\\/\\\/www.istituto-bellieni.it\\\/sc\\\/giovanni-maria-angioy-una-serata-dedicata-alla-storia-e-allidentita-locale\\\/#breadcrumb\"},\"inLanguage\":\"sc-SC\",\"potentialAction\":[{\"@type\":\"ReadAction\",\"target\":[\"https:\\\/\\\/www.istituto-bellieni.it\\\/sc\\\/giovanni-maria-angioy-una-serata-dedicata-alla-storia-e-allidentita-locale\\\/\"]}]},{\"@type\":\"ImageObject\",\"inLanguage\":\"sc-SC\",\"@id\":\"https:\\\/\\\/www.istituto-bellieni.it\\\/sc\\\/giovanni-maria-angioy-una-serata-dedicata-alla-storia-e-allidentita-locale\\\/#primaryimage\",\"url\":\"https:\\\/\\\/www.istituto-bellieni.it\\\/wp-content\\\/uploads\\\/2025\\\/04\\\/Giovanni-Maria-Angioy-Sardo.png\",\"contentUrl\":\"https:\\\/\\\/www.istituto-bellieni.it\\\/wp-content\\\/uploads\\\/2025\\\/04\\\/Giovanni-Maria-Angioy-Sardo.png\",\"width\":820,\"height\":360,\"caption\":\"Giovanni Maria Angioy\"},{\"@type\":\"BreadcrumbList\",\"@id\":\"https:\\\/\\\/www.istituto-bellieni.it\\\/sc\\\/giovanni-maria-angioy-una-serata-dedicata-alla-storia-e-allidentita-locale\\\/#breadcrumb\",\"itemListElement\":[{\"@type\":\"ListItem\",\"position\":1,\"name\":\"Home\",\"item\":\"https:\\\/\\\/www.istituto-bellieni.it\\\/sc\\\/\"},{\"@type\":\"ListItem\",\"position\":2,\"name\":\"Giuanne Maria Angioy \u2013 Una serada dedicada a s&#8217;ist\u00f2ria e a s&#8217;identidade de su logu\"}]},{\"@type\":\"WebSite\",\"@id\":\"https:\\\/\\\/www.istituto-bellieni.it\\\/#website\",\"url\":\"https:\\\/\\\/www.istituto-bellieni.it\\\/\",\"name\":\"Istituto Camillo Bellieni Sassari\",\"description\":\"Il sito web dell&#039;Istituto di studi e ricerche Camillo Bellieni di Sassari\",\"publisher\":{\"@id\":\"https:\\\/\\\/www.istituto-bellieni.it\\\/#organization\"},\"potentialAction\":[{\"@type\":\"SearchAction\",\"target\":{\"@type\":\"EntryPoint\",\"urlTemplate\":\"https:\\\/\\\/www.istituto-bellieni.it\\\/?s={search_term_string}\"},\"query-input\":{\"@type\":\"PropertyValueSpecification\",\"valueRequired\":true,\"valueName\":\"search_term_string\"}}],\"inLanguage\":\"sc-SC\"},{\"@type\":\"Organization\",\"@id\":\"https:\\\/\\\/www.istituto-bellieni.it\\\/#organization\",\"name\":\"Istituto di Studi e Ricerce Camillo Bellieni Sassari\",\"url\":\"https:\\\/\\\/www.istituto-bellieni.it\\\/\",\"logo\":{\"@type\":\"ImageObject\",\"inLanguage\":\"sc-SC\",\"@id\":\"https:\\\/\\\/www.istituto-bellieni.it\\\/#\\\/schema\\\/logo\\\/image\\\/\",\"url\":\"https:\\\/\\\/www.istituto-bellieni.it\\\/wp-content\\\/uploads\\\/2022\\\/02\\\/logo-vect.svg\",\"contentUrl\":\"https:\\\/\\\/www.istituto-bellieni.it\\\/wp-content\\\/uploads\\\/2022\\\/02\\\/logo-vect.svg\",\"width\":305.021,\"height\":176.34,\"caption\":\"Istituto di Studi e Ricerce Camillo Bellieni Sassari\"},\"image\":{\"@id\":\"https:\\\/\\\/www.istituto-bellieni.it\\\/#\\\/schema\\\/logo\\\/image\\\/\"},\"sameAs\":[\"https:\\\/\\\/www.facebook.com\\\/IstitutoBellieni\"]},{\"@type\":\"Person\",\"@id\":\"https:\\\/\\\/www.istituto-bellieni.it\\\/#\\\/schema\\\/person\\\/ad5e2af9b2c2e2673c3d93d608b4dc7b\",\"name\":\"admin\",\"image\":{\"@type\":\"ImageObject\",\"inLanguage\":\"sc-SC\",\"@id\":\"https:\\\/\\\/secure.gravatar.com\\\/avatar\\\/6c3757f6686398e5a09f7b3113e4e325728a02ba358a49d250222878791cf4e7?s=96&d=mm&r=g\",\"url\":\"https:\\\/\\\/secure.gravatar.com\\\/avatar\\\/6c3757f6686398e5a09f7b3113e4e325728a02ba358a49d250222878791cf4e7?s=96&d=mm&r=g\",\"contentUrl\":\"https:\\\/\\\/secure.gravatar.com\\\/avatar\\\/6c3757f6686398e5a09f7b3113e4e325728a02ba358a49d250222878791cf4e7?s=96&d=mm&r=g\",\"caption\":\"admin\"},\"sameAs\":[\"https:\\\/\\\/www.istituto-bellieni.it\\\/\"],\"url\":\"https:\\\/\\\/www.istituto-bellieni.it\\\/sc\\\/author\\\/admin\\\/\"}]}<\/script>\n<!-- \/ Yoast SEO plugin. -->","yoast_head_json":{"title":"Giuanne Maria Angioy \u2013 Una serada dedicada a s'ist\u00f2ria e a s'identidade de su logu - Istituto Camillo Bellieni Sassari","description":"Serata dedicata a Giovanni Maria Angioy a Ossi il 28 aprile 2025: storia, lingua sarda e identit\u00e0 locale in occasione de Sa Die de sa Sardigna.","robots":{"index":"index","follow":"follow","max-snippet":"max-snippet:-1","max-image-preview":"max-image-preview:large","max-video-preview":"max-video-preview:-1"},"canonical":"https:\/\/www.istituto-bellieni.it\/sc\/giovanni-maria-angioy-una-serata-dedicata-alla-storia-e-allidentita-locale\/","og_locale":"en_US","og_type":"article","og_title":"Avisu de Seletzione pro 5 Espertos in Laborat\u00f2rios Culturales","og_description":"S'Is.Be chircat 5 figuras professionales pro sa realizatzione de 5 Laborat\u00f2rios Culturales in sos comunes de Cossoine, Mara, P\u00e0dria, Putumajore e Bonolva.","og_url":"https:\/\/www.istituto-bellieni.it\/sc\/giovanni-maria-angioy-una-serata-dedicata-alla-storia-e-allidentita-locale\/","og_site_name":"Istituto Camillo Bellieni Sassari","article_publisher":"https:\/\/www.facebook.com\/IstitutoBellieni","article_published_time":"2025-04-15T09:44:18+00:00","article_modified_time":"2025-04-15T10:38:15+00:00","og_image":[{"url":"https:\/\/www.istituto-bellieni.it\/wp-content\/uploads\/2025\/03\/ricerca-5-esperti.jpg","type":"","width":"","height":""}],"author":"admin","twitter_card":"summary_large_image","twitter_misc":{"Written by":"admin","Est. reading time":"2 minutes"},"schema":{"@context":"https:\/\/schema.org","@graph":[{"@type":"Article","@id":"https:\/\/www.istituto-bellieni.it\/sc\/giovanni-maria-angioy-una-serata-dedicata-alla-storia-e-allidentita-locale\/#article","isPartOf":{"@id":"https:\/\/www.istituto-bellieni.it\/sc\/giovanni-maria-angioy-una-serata-dedicata-alla-storia-e-allidentita-locale\/"},"author":{"name":"admin","@id":"https:\/\/www.istituto-bellieni.it\/#\/schema\/person\/ad5e2af9b2c2e2673c3d93d608b4dc7b"},"headline":"Giuanne Maria Angioy \u2013 Una serada dedicada a s&#8217;ist\u00f2ria e a s&#8217;identidade de su logu","datePublished":"2025-04-15T09:44:18+00:00","dateModified":"2025-04-15T10:38:15+00:00","mainEntityOfPage":{"@id":"https:\/\/www.istituto-bellieni.it\/sc\/giovanni-maria-angioy-una-serata-dedicata-alla-storia-e-allidentita-locale\/"},"wordCount":311,"publisher":{"@id":"https:\/\/www.istituto-bellieni.it\/#organization"},"image":{"@id":"https:\/\/www.istituto-bellieni.it\/sc\/giovanni-maria-angioy-una-serata-dedicata-alla-storia-e-allidentita-locale\/#primaryimage"},"thumbnailUrl":"https:\/\/www.istituto-bellieni.it\/wp-content\/uploads\/2025\/04\/Giovanni-Maria-Angioy-Sardo.png","articleSection":["Noas e Eventos"],"inLanguage":"sc-SC"},{"@type":"WebPage","@id":"https:\/\/www.istituto-bellieni.it\/sc\/giovanni-maria-angioy-una-serata-dedicata-alla-storia-e-allidentita-locale\/","url":"https:\/\/www.istituto-bellieni.it\/sc\/giovanni-maria-angioy-una-serata-dedicata-alla-storia-e-allidentita-locale\/","name":"Giuanne Maria Angioy \u2013 Una serada dedicada a s'ist\u00f2ria e a s'identidade de su logu - Istituto Camillo Bellieni Sassari","isPartOf":{"@id":"https:\/\/www.istituto-bellieni.it\/#website"},"primaryImageOfPage":{"@id":"https:\/\/www.istituto-bellieni.it\/sc\/giovanni-maria-angioy-una-serata-dedicata-alla-storia-e-allidentita-locale\/#primaryimage"},"image":{"@id":"https:\/\/www.istituto-bellieni.it\/sc\/giovanni-maria-angioy-una-serata-dedicata-alla-storia-e-allidentita-locale\/#primaryimage"},"thumbnailUrl":"https:\/\/www.istituto-bellieni.it\/wp-content\/uploads\/2025\/04\/Giovanni-Maria-Angioy-Sardo.png","datePublished":"2025-04-15T09:44:18+00:00","dateModified":"2025-04-15T10:38:15+00:00","description":"Serata dedicata a Giovanni Maria Angioy a Ossi il 28 aprile 2025: storia, lingua sarda e identit\u00e0 locale in occasione de Sa Die de sa Sardigna.","breadcrumb":{"@id":"https:\/\/www.istituto-bellieni.it\/sc\/giovanni-maria-angioy-una-serata-dedicata-alla-storia-e-allidentita-locale\/#breadcrumb"},"inLanguage":"sc-SC","potentialAction":[{"@type":"ReadAction","target":["https:\/\/www.istituto-bellieni.it\/sc\/giovanni-maria-angioy-una-serata-dedicata-alla-storia-e-allidentita-locale\/"]}]},{"@type":"ImageObject","inLanguage":"sc-SC","@id":"https:\/\/www.istituto-bellieni.it\/sc\/giovanni-maria-angioy-una-serata-dedicata-alla-storia-e-allidentita-locale\/#primaryimage","url":"https:\/\/www.istituto-bellieni.it\/wp-content\/uploads\/2025\/04\/Giovanni-Maria-Angioy-Sardo.png","contentUrl":"https:\/\/www.istituto-bellieni.it\/wp-content\/uploads\/2025\/04\/Giovanni-Maria-Angioy-Sardo.png","width":820,"height":360,"caption":"Giovanni Maria Angioy"},{"@type":"BreadcrumbList","@id":"https:\/\/www.istituto-bellieni.it\/sc\/giovanni-maria-angioy-una-serata-dedicata-alla-storia-e-allidentita-locale\/#breadcrumb","itemListElement":[{"@type":"ListItem","position":1,"name":"Home","item":"https:\/\/www.istituto-bellieni.it\/sc\/"},{"@type":"ListItem","position":2,"name":"Giuanne Maria Angioy \u2013 Una serada dedicada a s&#8217;ist\u00f2ria e a s&#8217;identidade de su logu"}]},{"@type":"WebSite","@id":"https:\/\/www.istituto-bellieni.it\/#website","url":"https:\/\/www.istituto-bellieni.it\/","name":"Istituto Camillo Bellieni Sassari","description":"Il sito web dell&#039;Istituto di studi e ricerche Camillo Bellieni di Sassari","publisher":{"@id":"https:\/\/www.istituto-bellieni.it\/#organization"},"potentialAction":[{"@type":"SearchAction","target":{"@type":"EntryPoint","urlTemplate":"https:\/\/www.istituto-bellieni.it\/?s={search_term_string}"},"query-input":{"@type":"PropertyValueSpecification","valueRequired":true,"valueName":"search_term_string"}}],"inLanguage":"sc-SC"},{"@type":"Organization","@id":"https:\/\/www.istituto-bellieni.it\/#organization","name":"Istituto di Studi e Ricerce Camillo Bellieni Sassari","url":"https:\/\/www.istituto-bellieni.it\/","logo":{"@type":"ImageObject","inLanguage":"sc-SC","@id":"https:\/\/www.istituto-bellieni.it\/#\/schema\/logo\/image\/","url":"https:\/\/www.istituto-bellieni.it\/wp-content\/uploads\/2022\/02\/logo-vect.svg","contentUrl":"https:\/\/www.istituto-bellieni.it\/wp-content\/uploads\/2022\/02\/logo-vect.svg","width":305.021,"height":176.34,"caption":"Istituto di Studi e Ricerce Camillo Bellieni Sassari"},"image":{"@id":"https:\/\/www.istituto-bellieni.it\/#\/schema\/logo\/image\/"},"sameAs":["https:\/\/www.facebook.com\/IstitutoBellieni"]},{"@type":"Person","@id":"https:\/\/www.istituto-bellieni.it\/#\/schema\/person\/ad5e2af9b2c2e2673c3d93d608b4dc7b","name":"admin","image":{"@type":"ImageObject","inLanguage":"sc-SC","@id":"https:\/\/secure.gravatar.com\/avatar\/6c3757f6686398e5a09f7b3113e4e325728a02ba358a49d250222878791cf4e7?s=96&d=mm&r=g","url":"https:\/\/secure.gravatar.com\/avatar\/6c3757f6686398e5a09f7b3113e4e325728a02ba358a49d250222878791cf4e7?s=96&d=mm&r=g","contentUrl":"https:\/\/secure.gravatar.com\/avatar\/6c3757f6686398e5a09f7b3113e4e325728a02ba358a49d250222878791cf4e7?s=96&d=mm&r=g","caption":"admin"},"sameAs":["https:\/\/www.istituto-bellieni.it\/"],"url":"https:\/\/www.istituto-bellieni.it\/sc\/author\/admin\/"}]}},"_links":{"self":[{"href":"https:\/\/www.istituto-bellieni.it\/sc\/wp-json\/wp\/v2\/posts\/30199","targetHints":{"allow":["GET"]}}],"collection":[{"href":"https:\/\/www.istituto-bellieni.it\/sc\/wp-json\/wp\/v2\/posts"}],"about":[{"href":"https:\/\/www.istituto-bellieni.it\/sc\/wp-json\/wp\/v2\/types\/post"}],"author":[{"embeddable":true,"href":"https:\/\/www.istituto-bellieni.it\/sc\/wp-json\/wp\/v2\/users\/1"}],"replies":[{"embeddable":true,"href":"https:\/\/www.istituto-bellieni.it\/sc\/wp-json\/wp\/v2\/comments?post=30199"}],"version-history":[{"count":7,"href":"https:\/\/www.istituto-bellieni.it\/sc\/wp-json\/wp\/v2\/posts\/30199\/revisions"}],"predecessor-version":[{"id":30212,"href":"https:\/\/www.istituto-bellieni.it\/sc\/wp-json\/wp\/v2\/posts\/30199\/revisions\/30212"}],"wp:featuredmedia":[{"embeddable":true,"href":"https:\/\/www.istituto-bellieni.it\/sc\/wp-json\/wp\/v2\/media\/30194"}],"wp:attachment":[{"href":"https:\/\/www.istituto-bellieni.it\/sc\/wp-json\/wp\/v2\/media?parent=30199"}],"wp:term":[{"taxonomy":"category","embeddable":true,"href":"https:\/\/www.istituto-bellieni.it\/sc\/wp-json\/wp\/v2\/categories?post=30199"},{"taxonomy":"post_tag","embeddable":true,"href":"https:\/\/www.istituto-bellieni.it\/sc\/wp-json\/wp\/v2\/tags?post=30199"}],"curies":[{"name":"wp","href":"https:\/\/api.w.org\/{rel}","templated":true}]}}