{"id":30242,"date":"2025-05-06T12:53:58","date_gmt":"2025-05-06T12:53:58","guid":{"rendered":"https:\/\/www.istituto-bellieni.it\/il-book-club-is-be-presenta-non-piovera-piu-di-giovanni-loriga\/"},"modified":"2025-05-13T08:00:37","modified_gmt":"2025-05-13T08:00:37","slug":"il-book-club-is-be-presenta-non-piovera-piu-di-giovanni-loriga","status":"publish","type":"post","link":"https:\/\/www.istituto-bellieni.it\/sc\/il-book-club-is-be-presenta-non-piovera-piu-di-giovanni-loriga\/","title":{"rendered":"Su \u201cBook Club\u201d Is. Be. presentat: \u201cNon piover\u00e0 pi\u00f9\u201d de Giovanni Loriga"},"content":{"rendered":"\t\t<div data-elementor-type=\"wp-post\" data-elementor-id=\"30242\" class=\"elementor elementor-30242 elementor-30232\" data-elementor-post-type=\"post\">\n\t\t\t\t\t\t<section class=\"elementor-section elementor-top-section elementor-element elementor-element-42758450 elementor-section-boxed elementor-section-height-default elementor-section-height-default\" data-id=\"42758450\" data-element_type=\"section\" data-e-type=\"section\">\n\t\t\t\t\t\t<div class=\"elementor-container elementor-column-gap-default\">\n\t\t\t\t\t<div class=\"elementor-column elementor-col-100 elementor-top-column elementor-element elementor-element-f862549\" data-id=\"f862549\" data-element_type=\"column\" data-e-type=\"column\">\n\t\t\t<div class=\"elementor-widget-wrap elementor-element-populated\">\n\t\t\t\t\t\t<div class=\"elementor-element elementor-element-7a23bef9 elementor-widget elementor-widget-text-editor\" data-id=\"7a23bef9\" data-element_type=\"widget\" data-e-type=\"widget\" data-settings=\"{&quot;ekit_we_effect_on&quot;:&quot;none&quot;}\" data-widget_type=\"text-editor.default\">\n\t\t\t\t<div class=\"elementor-widget-container\">\n\t\t\t\t\t\t\t\t\t<p><strong>Martis su 20 de maju \u2013 A sas 18:00 \u2013 \u201cVecchio Mulino\u201d<\/strong><\/p><p>Su \u201cBook Club\u201d Is. Be at praghere de bos cumbidare a sa presentatzione de su libru nou de Giovanni Loriga, \u201cNon piover\u00e0 pi\u00f9\u201d: un\u2019\u00f2pera carca e interessante chi cumpudat sos sentidos de s\u2019\u00f2mine pro m\u00e8diu de unu contu fungudu, ricu de ammajos e sentidos.<\/p><p>S\u2019avenimentu at a \u00e8ssere martis su 20 de maju a sas 18:00 in su \u201cVecchio Mulino\u201d.<\/p><p>Durante s\u2019ad\u00f2biu s\u2019at a p\u00f2dere:<\/p><p>\u25cf Conn\u00f2schere s\u2019autore<\/p><p>\u25cf Ascurtare leturas leadas dae su libru contivigiada dae sos partetzipantes a su &#8220;Book Club&#8221; Is. Be: Loredana Spanu, Giulia Sannia, Bachisio Sanna, Barbara Salis, Domenica Paulesu<\/p><p>\u25cf Gosare de sa partetzipatzione se d&#8217;autore Massimiliano Federici, chi at l\u00e8ghere testos seberados dae su romanzu<\/p><p>\u25cf Partetzipare a un\u2019arresonu abertu a totus subra de su significadu e de sa muta de s\u2019\u00f2pera<\/p><p>Cun s\u2019autore at a arresonare Maria Doloretta Lai, dende inghitzos pro meledare e aprufundire sa n\u00e0schida e sos temas de su romanzu.<\/p><p>S\u2019intrada est a s\u2019indonu finas a chi b\u2019at logu.<\/p><p>Non manchedas a custu borta de die ispetziale dedicadu a sa cultura e a sa literadura!<\/p>\t\t\t\t\t\t\t\t<\/div>\n\t\t\t\t<\/div>\n\t\t\t\t\t<\/div>\n\t\t<\/div>\n\t\t\t\t\t<\/div>\n\t\t<\/section>\n\t\t\t\t<\/div>\n\t\t","protected":false},"excerpt":{"rendered":"<p>Il Book Club Is. Be presenta &#8216;Non piover\u00e0 pi\u00f9&#8217; di Giovanni Loriga. Marted\u00ec 20 maggio ore 18:00 al Vecchio Mulino. Letture, dialogo con l&#8217;autore e ingresso libero.   <\/p>\n","protected":false},"author":1,"featured_media":30234,"comment_status":"closed","ping_status":"closed","sticky":false,"template":"","format":"standard","meta":{"footnotes":""},"categories":[121],"tags":[],"class_list":["post-30242","post","type-post","status-publish","format-standard","has-post-thumbnail","hentry","category-noas-e-eventos"],"yoast_head":"<!-- This site is optimized with the Yoast SEO plugin v27.4 - https:\/\/yoast.com\/product\/yoast-seo-wordpress\/ -->\n<title>Su \u201cBook Club\u201d Is. Be. presentat: \u201cNon piover\u00e0 pi\u00f9\u201d de Giovanni Loriga - Istituto Camillo Bellieni Sassari<\/title>\n<meta name=\"description\" content=\"Il Book Club Is. Be presenta &#039;Non piover\u00e0 pi\u00f9&#039; di Giovanni Loriga. Marted\u00ec 20 maggio ore 18:00 al Vecchio Mulino. Letture, dialogo con l&#039;autore e ingresso libero.\" \/>\n<meta name=\"robots\" content=\"index, follow, max-snippet:-1, max-image-preview:large, max-video-preview:-1\" \/>\n<link rel=\"canonical\" href=\"https:\/\/www.istituto-bellieni.it\/sc\/il-book-club-is-be-presenta-non-piovera-piu-di-giovanni-loriga\/\" \/>\n<meta property=\"og:locale\" content=\"en_US\" \/>\n<meta property=\"og:type\" content=\"article\" \/>\n<meta property=\"og:title\" content=\"Presentazione del libro &#039;Non piover\u00e0 pi\u00f9&#039; di Giovanni Loriga \u2013 Book Club Is. Be\" \/>\n<meta property=\"og:description\" content=\"Un pomeriggio speciale con Giovanni Loriga e il suo libro &#039;Non piover\u00e0 pi\u00f9&#039;. Letture e dialogo con l&#039;autore. Marted\u00ec 20 maggio ore 18:00 al Vecchio Mulino.\" \/>\n<meta property=\"og:url\" content=\"https:\/\/www.istituto-bellieni.it\/sc\/il-book-club-is-be-presenta-non-piovera-piu-di-giovanni-loriga\/\" \/>\n<meta property=\"og:site_name\" content=\"Istituto Camillo Bellieni Sassari\" \/>\n<meta property=\"article:publisher\" content=\"https:\/\/www.facebook.com\/IstitutoBellieni\" \/>\n<meta property=\"article:published_time\" content=\"2025-05-06T12:53:58+00:00\" \/>\n<meta property=\"article:modified_time\" content=\"2025-05-13T08:00:37+00:00\" \/>\n<meta property=\"og:image\" content=\"https:\/\/www.istituto-bellieni.it\/wp-content\/uploads\/2025\/05\/book-club-giovanni-loriga.jpg\" \/>\n<meta name=\"author\" content=\"admin\" \/>\n<meta name=\"twitter:card\" content=\"summary_large_image\" \/>\n<meta name=\"twitter:label1\" content=\"Written by\" \/>\n\t<meta name=\"twitter:data1\" content=\"admin\" \/>\n\t<meta name=\"twitter:label2\" content=\"Est. reading time\" \/>\n\t<meta name=\"twitter:data2\" content=\"2 minutes\" \/>\n<script type=\"application\/ld+json\" class=\"yoast-schema-graph\">{\"@context\":\"https:\\\/\\\/schema.org\",\"@graph\":[{\"@type\":\"Article\",\"@id\":\"https:\\\/\\\/www.istituto-bellieni.it\\\/sc\\\/il-book-club-is-be-presenta-non-piovera-piu-di-giovanni-loriga\\\/#article\",\"isPartOf\":{\"@id\":\"https:\\\/\\\/www.istituto-bellieni.it\\\/sc\\\/il-book-club-is-be-presenta-non-piovera-piu-di-giovanni-loriga\\\/\"},\"author\":{\"name\":\"admin\",\"@id\":\"https:\\\/\\\/www.istituto-bellieni.it\\\/#\\\/schema\\\/person\\\/ad5e2af9b2c2e2673c3d93d608b4dc7b\"},\"headline\":\"Su \u201cBook Club\u201d Is. Be. presentat: \u201cNon piover\u00e0 pi\u00f9\u201d de Giovanni Loriga\",\"datePublished\":\"2025-05-06T12:53:58+00:00\",\"dateModified\":\"2025-05-13T08:00:37+00:00\",\"mainEntityOfPage\":{\"@id\":\"https:\\\/\\\/www.istituto-bellieni.it\\\/sc\\\/il-book-club-is-be-presenta-non-piovera-piu-di-giovanni-loriga\\\/\"},\"wordCount\":209,\"publisher\":{\"@id\":\"https:\\\/\\\/www.istituto-bellieni.it\\\/#organization\"},\"image\":{\"@id\":\"https:\\\/\\\/www.istituto-bellieni.it\\\/sc\\\/il-book-club-is-be-presenta-non-piovera-piu-di-giovanni-loriga\\\/#primaryimage\"},\"thumbnailUrl\":\"https:\\\/\\\/www.istituto-bellieni.it\\\/wp-content\\\/uploads\\\/2025\\\/05\\\/book-club-giovanni-loriga.jpg\",\"articleSection\":[\"Noas e Eventos\"],\"inLanguage\":\"sc-SC\"},{\"@type\":\"WebPage\",\"@id\":\"https:\\\/\\\/www.istituto-bellieni.it\\\/sc\\\/il-book-club-is-be-presenta-non-piovera-piu-di-giovanni-loriga\\\/\",\"url\":\"https:\\\/\\\/www.istituto-bellieni.it\\\/sc\\\/il-book-club-is-be-presenta-non-piovera-piu-di-giovanni-loriga\\\/\",\"name\":\"Su \u201cBook Club\u201d Is. Be. presentat: \u201cNon piover\u00e0 pi\u00f9\u201d de Giovanni Loriga - Istituto Camillo Bellieni Sassari\",\"isPartOf\":{\"@id\":\"https:\\\/\\\/www.istituto-bellieni.it\\\/#website\"},\"primaryImageOfPage\":{\"@id\":\"https:\\\/\\\/www.istituto-bellieni.it\\\/sc\\\/il-book-club-is-be-presenta-non-piovera-piu-di-giovanni-loriga\\\/#primaryimage\"},\"image\":{\"@id\":\"https:\\\/\\\/www.istituto-bellieni.it\\\/sc\\\/il-book-club-is-be-presenta-non-piovera-piu-di-giovanni-loriga\\\/#primaryimage\"},\"thumbnailUrl\":\"https:\\\/\\\/www.istituto-bellieni.it\\\/wp-content\\\/uploads\\\/2025\\\/05\\\/book-club-giovanni-loriga.jpg\",\"datePublished\":\"2025-05-06T12:53:58+00:00\",\"dateModified\":\"2025-05-13T08:00:37+00:00\",\"description\":\"Il Book Club Is. Be presenta 'Non piover\u00e0 pi\u00f9' di Giovanni Loriga. Marted\u00ec 20 maggio ore 18:00 al Vecchio Mulino. Letture, dialogo con l'autore e ingresso libero.\",\"breadcrumb\":{\"@id\":\"https:\\\/\\\/www.istituto-bellieni.it\\\/sc\\\/il-book-club-is-be-presenta-non-piovera-piu-di-giovanni-loriga\\\/#breadcrumb\"},\"inLanguage\":\"sc-SC\",\"potentialAction\":[{\"@type\":\"ReadAction\",\"target\":[\"https:\\\/\\\/www.istituto-bellieni.it\\\/sc\\\/il-book-club-is-be-presenta-non-piovera-piu-di-giovanni-loriga\\\/\"]}]},{\"@type\":\"ImageObject\",\"inLanguage\":\"sc-SC\",\"@id\":\"https:\\\/\\\/www.istituto-bellieni.it\\\/sc\\\/il-book-club-is-be-presenta-non-piovera-piu-di-giovanni-loriga\\\/#primaryimage\",\"url\":\"https:\\\/\\\/www.istituto-bellieni.it\\\/wp-content\\\/uploads\\\/2025\\\/05\\\/book-club-giovanni-loriga.jpg\",\"contentUrl\":\"https:\\\/\\\/www.istituto-bellieni.it\\\/wp-content\\\/uploads\\\/2025\\\/05\\\/book-club-giovanni-loriga.jpg\",\"width\":820,\"height\":360},{\"@type\":\"BreadcrumbList\",\"@id\":\"https:\\\/\\\/www.istituto-bellieni.it\\\/sc\\\/il-book-club-is-be-presenta-non-piovera-piu-di-giovanni-loriga\\\/#breadcrumb\",\"itemListElement\":[{\"@type\":\"ListItem\",\"position\":1,\"name\":\"Home\",\"item\":\"https:\\\/\\\/www.istituto-bellieni.it\\\/sc\\\/\"},{\"@type\":\"ListItem\",\"position\":2,\"name\":\"Su \u201cBook Club\u201d Is. Be. presentat: \u201cNon piover\u00e0 pi\u00f9\u201d de Giovanni Loriga\"}]},{\"@type\":\"WebSite\",\"@id\":\"https:\\\/\\\/www.istituto-bellieni.it\\\/#website\",\"url\":\"https:\\\/\\\/www.istituto-bellieni.it\\\/\",\"name\":\"Istituto Camillo Bellieni Sassari\",\"description\":\"Il sito web dell&#039;Istituto di studi e ricerche Camillo Bellieni di Sassari\",\"publisher\":{\"@id\":\"https:\\\/\\\/www.istituto-bellieni.it\\\/#organization\"},\"potentialAction\":[{\"@type\":\"SearchAction\",\"target\":{\"@type\":\"EntryPoint\",\"urlTemplate\":\"https:\\\/\\\/www.istituto-bellieni.it\\\/?s={search_term_string}\"},\"query-input\":{\"@type\":\"PropertyValueSpecification\",\"valueRequired\":true,\"valueName\":\"search_term_string\"}}],\"inLanguage\":\"sc-SC\"},{\"@type\":\"Organization\",\"@id\":\"https:\\\/\\\/www.istituto-bellieni.it\\\/#organization\",\"name\":\"Istituto di Studi e Ricerce Camillo Bellieni Sassari\",\"url\":\"https:\\\/\\\/www.istituto-bellieni.it\\\/\",\"logo\":{\"@type\":\"ImageObject\",\"inLanguage\":\"sc-SC\",\"@id\":\"https:\\\/\\\/www.istituto-bellieni.it\\\/#\\\/schema\\\/logo\\\/image\\\/\",\"url\":\"https:\\\/\\\/www.istituto-bellieni.it\\\/wp-content\\\/uploads\\\/2022\\\/02\\\/logo-vect.svg\",\"contentUrl\":\"https:\\\/\\\/www.istituto-bellieni.it\\\/wp-content\\\/uploads\\\/2022\\\/02\\\/logo-vect.svg\",\"width\":305.021,\"height\":176.34,\"caption\":\"Istituto di Studi e Ricerce Camillo Bellieni Sassari\"},\"image\":{\"@id\":\"https:\\\/\\\/www.istituto-bellieni.it\\\/#\\\/schema\\\/logo\\\/image\\\/\"},\"sameAs\":[\"https:\\\/\\\/www.facebook.com\\\/IstitutoBellieni\"]},{\"@type\":\"Person\",\"@id\":\"https:\\\/\\\/www.istituto-bellieni.it\\\/#\\\/schema\\\/person\\\/ad5e2af9b2c2e2673c3d93d608b4dc7b\",\"name\":\"admin\",\"image\":{\"@type\":\"ImageObject\",\"inLanguage\":\"sc-SC\",\"@id\":\"https:\\\/\\\/secure.gravatar.com\\\/avatar\\\/6c3757f6686398e5a09f7b3113e4e325728a02ba358a49d250222878791cf4e7?s=96&d=mm&r=g\",\"url\":\"https:\\\/\\\/secure.gravatar.com\\\/avatar\\\/6c3757f6686398e5a09f7b3113e4e325728a02ba358a49d250222878791cf4e7?s=96&d=mm&r=g\",\"contentUrl\":\"https:\\\/\\\/secure.gravatar.com\\\/avatar\\\/6c3757f6686398e5a09f7b3113e4e325728a02ba358a49d250222878791cf4e7?s=96&d=mm&r=g\",\"caption\":\"admin\"},\"sameAs\":[\"https:\\\/\\\/www.istituto-bellieni.it\\\/\"],\"url\":\"https:\\\/\\\/www.istituto-bellieni.it\\\/sc\\\/author\\\/admin\\\/\"}]}<\/script>\n<!-- \/ Yoast SEO plugin. -->","yoast_head_json":{"title":"Su \u201cBook Club\u201d Is. Be. presentat: \u201cNon piover\u00e0 pi\u00f9\u201d de Giovanni Loriga - Istituto Camillo Bellieni Sassari","description":"Il Book Club Is. Be presenta 'Non piover\u00e0 pi\u00f9' di Giovanni Loriga. Marted\u00ec 20 maggio ore 18:00 al Vecchio Mulino. Letture, dialogo con l'autore e ingresso libero.","robots":{"index":"index","follow":"follow","max-snippet":"max-snippet:-1","max-image-preview":"max-image-preview:large","max-video-preview":"max-video-preview:-1"},"canonical":"https:\/\/www.istituto-bellieni.it\/sc\/il-book-club-is-be-presenta-non-piovera-piu-di-giovanni-loriga\/","og_locale":"en_US","og_type":"article","og_title":"Presentazione del libro 'Non piover\u00e0 pi\u00f9' di Giovanni Loriga \u2013 Book Club Is. Be","og_description":"Un pomeriggio speciale con Giovanni Loriga e il suo libro 'Non piover\u00e0 pi\u00f9'. Letture e dialogo con l'autore. Marted\u00ec 20 maggio ore 18:00 al Vecchio Mulino.","og_url":"https:\/\/www.istituto-bellieni.it\/sc\/il-book-club-is-be-presenta-non-piovera-piu-di-giovanni-loriga\/","og_site_name":"Istituto Camillo Bellieni Sassari","article_publisher":"https:\/\/www.facebook.com\/IstitutoBellieni","article_published_time":"2025-05-06T12:53:58+00:00","article_modified_time":"2025-05-13T08:00:37+00:00","og_image":[{"url":"https:\/\/www.istituto-bellieni.it\/wp-content\/uploads\/2025\/05\/book-club-giovanni-loriga.jpg","type":"","width":"","height":""}],"author":"admin","twitter_card":"summary_large_image","twitter_misc":{"Written by":"admin","Est. reading time":"2 minutes"},"schema":{"@context":"https:\/\/schema.org","@graph":[{"@type":"Article","@id":"https:\/\/www.istituto-bellieni.it\/sc\/il-book-club-is-be-presenta-non-piovera-piu-di-giovanni-loriga\/#article","isPartOf":{"@id":"https:\/\/www.istituto-bellieni.it\/sc\/il-book-club-is-be-presenta-non-piovera-piu-di-giovanni-loriga\/"},"author":{"name":"admin","@id":"https:\/\/www.istituto-bellieni.it\/#\/schema\/person\/ad5e2af9b2c2e2673c3d93d608b4dc7b"},"headline":"Su \u201cBook Club\u201d Is. Be. presentat: \u201cNon piover\u00e0 pi\u00f9\u201d de Giovanni Loriga","datePublished":"2025-05-06T12:53:58+00:00","dateModified":"2025-05-13T08:00:37+00:00","mainEntityOfPage":{"@id":"https:\/\/www.istituto-bellieni.it\/sc\/il-book-club-is-be-presenta-non-piovera-piu-di-giovanni-loriga\/"},"wordCount":209,"publisher":{"@id":"https:\/\/www.istituto-bellieni.it\/#organization"},"image":{"@id":"https:\/\/www.istituto-bellieni.it\/sc\/il-book-club-is-be-presenta-non-piovera-piu-di-giovanni-loriga\/#primaryimage"},"thumbnailUrl":"https:\/\/www.istituto-bellieni.it\/wp-content\/uploads\/2025\/05\/book-club-giovanni-loriga.jpg","articleSection":["Noas e Eventos"],"inLanguage":"sc-SC"},{"@type":"WebPage","@id":"https:\/\/www.istituto-bellieni.it\/sc\/il-book-club-is-be-presenta-non-piovera-piu-di-giovanni-loriga\/","url":"https:\/\/www.istituto-bellieni.it\/sc\/il-book-club-is-be-presenta-non-piovera-piu-di-giovanni-loriga\/","name":"Su \u201cBook Club\u201d Is. Be. presentat: \u201cNon piover\u00e0 pi\u00f9\u201d de Giovanni Loriga - Istituto Camillo Bellieni Sassari","isPartOf":{"@id":"https:\/\/www.istituto-bellieni.it\/#website"},"primaryImageOfPage":{"@id":"https:\/\/www.istituto-bellieni.it\/sc\/il-book-club-is-be-presenta-non-piovera-piu-di-giovanni-loriga\/#primaryimage"},"image":{"@id":"https:\/\/www.istituto-bellieni.it\/sc\/il-book-club-is-be-presenta-non-piovera-piu-di-giovanni-loriga\/#primaryimage"},"thumbnailUrl":"https:\/\/www.istituto-bellieni.it\/wp-content\/uploads\/2025\/05\/book-club-giovanni-loriga.jpg","datePublished":"2025-05-06T12:53:58+00:00","dateModified":"2025-05-13T08:00:37+00:00","description":"Il Book Club Is. Be presenta 'Non piover\u00e0 pi\u00f9' di Giovanni Loriga. Marted\u00ec 20 maggio ore 18:00 al Vecchio Mulino. Letture, dialogo con l'autore e ingresso libero.","breadcrumb":{"@id":"https:\/\/www.istituto-bellieni.it\/sc\/il-book-club-is-be-presenta-non-piovera-piu-di-giovanni-loriga\/#breadcrumb"},"inLanguage":"sc-SC","potentialAction":[{"@type":"ReadAction","target":["https:\/\/www.istituto-bellieni.it\/sc\/il-book-club-is-be-presenta-non-piovera-piu-di-giovanni-loriga\/"]}]},{"@type":"ImageObject","inLanguage":"sc-SC","@id":"https:\/\/www.istituto-bellieni.it\/sc\/il-book-club-is-be-presenta-non-piovera-piu-di-giovanni-loriga\/#primaryimage","url":"https:\/\/www.istituto-bellieni.it\/wp-content\/uploads\/2025\/05\/book-club-giovanni-loriga.jpg","contentUrl":"https:\/\/www.istituto-bellieni.it\/wp-content\/uploads\/2025\/05\/book-club-giovanni-loriga.jpg","width":820,"height":360},{"@type":"BreadcrumbList","@id":"https:\/\/www.istituto-bellieni.it\/sc\/il-book-club-is-be-presenta-non-piovera-piu-di-giovanni-loriga\/#breadcrumb","itemListElement":[{"@type":"ListItem","position":1,"name":"Home","item":"https:\/\/www.istituto-bellieni.it\/sc\/"},{"@type":"ListItem","position":2,"name":"Su \u201cBook Club\u201d Is. Be. presentat: \u201cNon piover\u00e0 pi\u00f9\u201d de Giovanni Loriga"}]},{"@type":"WebSite","@id":"https:\/\/www.istituto-bellieni.it\/#website","url":"https:\/\/www.istituto-bellieni.it\/","name":"Istituto Camillo Bellieni Sassari","description":"Il sito web dell&#039;Istituto di studi e ricerche Camillo Bellieni di Sassari","publisher":{"@id":"https:\/\/www.istituto-bellieni.it\/#organization"},"potentialAction":[{"@type":"SearchAction","target":{"@type":"EntryPoint","urlTemplate":"https:\/\/www.istituto-bellieni.it\/?s={search_term_string}"},"query-input":{"@type":"PropertyValueSpecification","valueRequired":true,"valueName":"search_term_string"}}],"inLanguage":"sc-SC"},{"@type":"Organization","@id":"https:\/\/www.istituto-bellieni.it\/#organization","name":"Istituto di Studi e Ricerce Camillo Bellieni Sassari","url":"https:\/\/www.istituto-bellieni.it\/","logo":{"@type":"ImageObject","inLanguage":"sc-SC","@id":"https:\/\/www.istituto-bellieni.it\/#\/schema\/logo\/image\/","url":"https:\/\/www.istituto-bellieni.it\/wp-content\/uploads\/2022\/02\/logo-vect.svg","contentUrl":"https:\/\/www.istituto-bellieni.it\/wp-content\/uploads\/2022\/02\/logo-vect.svg","width":305.021,"height":176.34,"caption":"Istituto di Studi e Ricerce Camillo Bellieni Sassari"},"image":{"@id":"https:\/\/www.istituto-bellieni.it\/#\/schema\/logo\/image\/"},"sameAs":["https:\/\/www.facebook.com\/IstitutoBellieni"]},{"@type":"Person","@id":"https:\/\/www.istituto-bellieni.it\/#\/schema\/person\/ad5e2af9b2c2e2673c3d93d608b4dc7b","name":"admin","image":{"@type":"ImageObject","inLanguage":"sc-SC","@id":"https:\/\/secure.gravatar.com\/avatar\/6c3757f6686398e5a09f7b3113e4e325728a02ba358a49d250222878791cf4e7?s=96&d=mm&r=g","url":"https:\/\/secure.gravatar.com\/avatar\/6c3757f6686398e5a09f7b3113e4e325728a02ba358a49d250222878791cf4e7?s=96&d=mm&r=g","contentUrl":"https:\/\/secure.gravatar.com\/avatar\/6c3757f6686398e5a09f7b3113e4e325728a02ba358a49d250222878791cf4e7?s=96&d=mm&r=g","caption":"admin"},"sameAs":["https:\/\/www.istituto-bellieni.it\/"],"url":"https:\/\/www.istituto-bellieni.it\/sc\/author\/admin\/"}]}},"_links":{"self":[{"href":"https:\/\/www.istituto-bellieni.it\/sc\/wp-json\/wp\/v2\/posts\/30242","targetHints":{"allow":["GET"]}}],"collection":[{"href":"https:\/\/www.istituto-bellieni.it\/sc\/wp-json\/wp\/v2\/posts"}],"about":[{"href":"https:\/\/www.istituto-bellieni.it\/sc\/wp-json\/wp\/v2\/types\/post"}],"author":[{"embeddable":true,"href":"https:\/\/www.istituto-bellieni.it\/sc\/wp-json\/wp\/v2\/users\/1"}],"replies":[{"embeddable":true,"href":"https:\/\/www.istituto-bellieni.it\/sc\/wp-json\/wp\/v2\/comments?post=30242"}],"version-history":[{"count":6,"href":"https:\/\/www.istituto-bellieni.it\/sc\/wp-json\/wp\/v2\/posts\/30242\/revisions"}],"predecessor-version":[{"id":30328,"href":"https:\/\/www.istituto-bellieni.it\/sc\/wp-json\/wp\/v2\/posts\/30242\/revisions\/30328"}],"wp:featuredmedia":[{"embeddable":true,"href":"https:\/\/www.istituto-bellieni.it\/sc\/wp-json\/wp\/v2\/media\/30234"}],"wp:attachment":[{"href":"https:\/\/www.istituto-bellieni.it\/sc\/wp-json\/wp\/v2\/media?parent=30242"}],"wp:term":[{"taxonomy":"category","embeddable":true,"href":"https:\/\/www.istituto-bellieni.it\/sc\/wp-json\/wp\/v2\/categories?post=30242"},{"taxonomy":"post_tag","embeddable":true,"href":"https:\/\/www.istituto-bellieni.it\/sc\/wp-json\/wp\/v2\/tags?post=30242"}],"curies":[{"name":"wp","href":"https:\/\/api.w.org\/{rel}","templated":true}]}}