{"id":30276,"date":"2025-05-10T14:17:37","date_gmt":"2025-05-10T14:17:37","guid":{"rendered":"https:\/\/www.istituto-bellieni.it\/sama-lu-mannu-e-lisola-delledea-un-viaggio-tutto-da-vivere\/"},"modified":"2025-05-26T08:09:12","modified_gmt":"2025-05-26T08:09:12","slug":"sama-lu-mannu-e-lisola-di-edea-un-viaggio-tutto-da-vivere","status":"publish","type":"post","link":"https:\/\/www.istituto-bellieni.it\/sc\/sama-lu-mannu-e-lisola-di-edea-un-viaggio-tutto-da-vivere\/","title":{"rendered":"Sam\u00e0 Lu Mannu e l\u2019Isola di Ed\u00e8a &#8211; Rapresentazione teatrale in Tataresu 3 de l\u00e0mpadas de su 2025"},"content":{"rendered":"\t\t<div data-elementor-type=\"wp-post\" data-elementor-id=\"30276\" class=\"elementor elementor-30276 elementor-30246\" data-elementor-post-type=\"post\">\n\t\t\t\t\t\t<section class=\"elementor-section elementor-top-section elementor-element elementor-element-42758450 elementor-section-boxed elementor-section-height-default elementor-section-height-default\" data-id=\"42758450\" data-element_type=\"section\" data-e-type=\"section\">\n\t\t\t\t\t\t<div class=\"elementor-container elementor-column-gap-default\">\n\t\t\t\t\t<div class=\"elementor-column elementor-col-100 elementor-top-column elementor-element elementor-element-f862549\" data-id=\"f862549\" data-element_type=\"column\" data-e-type=\"column\">\n\t\t\t<div class=\"elementor-widget-wrap elementor-element-populated\">\n\t\t\t\t\t\t<div class=\"elementor-element elementor-element-7a23bef9 elementor-widget elementor-widget-text-editor\" data-id=\"7a23bef9\" data-element_type=\"widget\" data-e-type=\"widget\" data-settings=\"{&quot;ekit_we_effect_on&quot;:&quot;none&quot;}\" data-widget_type=\"text-editor.default\">\n\t\t\t\t<div class=\"elementor-widget-container\">\n\t\t\t\t\t\t\t\t\t<h5>A poi de sa ressida manna de s\u2019ispet\u00e0culu de teatru in Tataresu de s\u2019annu passadu, Sam\u00e0 Lu Mannu torrat in palcu cun un\u2019aventura noa chi tocat sos sentidos e chi est rica de ispantos!<\/h5><p>In fines si torrat in palcu! A poi de sa preparatzione de sos 15 partetzipantes a su laborat\u00f2riu de teatru in tataresu \u201cAi\u00f2, isc\u00ecddinni a pizu 2\u201d ant a pigare in palcu pro interpretare s\u2019ispet\u00e0culu \u201cSam\u00e0 Lu Mannu e s&#8217;\u00ccsula de Ed\u00e8a\u201d. Sam\u00e0 Lu Mannu e e s&#8217;\u00ccsula de Ed\u00e8a \u2013 Unu bi\u00e0giu totu de b\u00ecvere! <\/p><p><strong>S\u2019apuntamentu est pro martis 3 de l\u00e0mpadas a sas 6 e mesa de sero in su \u201cCineteatro Astra\u201d de T\u00e0tari.<\/strong><\/p><p>In mesu a iscenografias ammajadoras, person\u00e0gios istravagantes e m\u00f9sicas chi nos intrigant, s&#8217;ispet\u00e0culu at a gi\u00f9ghere su p\u00f9blicu in unu mundu in ue s\u2019amistade, sa curiosidade e su cor\u00e0giu sunt sas b\u00f9ssolas beras de s\u2019aventura.<\/p><p>No est solu teatru. Est unu bi\u00e0giu cumpartzidu. <br>Est un&#8217;ist\u00f2ria chi faeddat a su coro, a sa fantasia e a su dis\u00ecgiu de iscob\u00e8rrere.<\/p><p>Non perdas s\u2019ocasione de v\u00ecvere custa tapa noa de su mundu de Sam\u00e0 Lu Mannu!<\/p><p><strong>Informatziones e prenotatziones<\/strong><\/p><p>Data: Martis 3 de l\u00e0mpadas 2025<br>Ora: 6 e mesa de sero<br>Logo: \u201cCineteatro Astra\u201d \u2013T\u00e0tari<br>Billete: 10\u20ac<\/p><p><strong>Prenota su postu tou!<\/strong><\/p><p>Podes ordinare in antis su billete in manera f\u00e0tzile cun:<\/p><p>PayPal o Bonifico Bancario<br>Causale: Biglietto Sam\u00e0 Lu Mannu<br>Iban: IT68V0100517200000000021891<br>PayPal: istitutobellieni@gmail.com<\/p><p>A poi de su pagamentu, imbia sa retzida a:<br>istitutobellieni@gmail.com<\/p><p>As a retzire su biliete digitale pro m\u00e8diu de email, de ammustrare in s\u2019intrada.<br>Su billete est personale (no est v\u00e0lidu pro sos grupos).<\/p><p><strong>Cuntatos<\/strong><\/p><p>Informatziones:<br>Email: <a href=\"mailto:istitutobellieni@gmail.com\">istitutobellieni@gmail.com<\/a><br>Tel\u00e8fonu: <a href=\"tel:+39079230268\">079 230268<\/a><\/p><p>Prenota como e vive cun nois custa aventura noa!<\/p>\t\t\t\t\t\t\t\t<\/div>\n\t\t\t\t<\/div>\n\t\t\t\t<div class=\"elementor-element elementor-element-5903daf elementor-widget elementor-widget-image\" data-id=\"5903daf\" data-element_type=\"widget\" data-e-type=\"widget\" data-settings=\"{&quot;ekit_we_effect_on&quot;:&quot;none&quot;}\" data-widget_type=\"image.default\">\n\t\t\t\t<div class=\"elementor-widget-container\">\n\t\t\t\t\t\t\t\t\t\t\t\t\t\t\t<img decoding=\"async\" src=\"https:\/\/www.istituto-bellieni.it\/wp-content\/uploads\/2025\/05\/Sama-Lu-Mannu-e-lisola-di-Edea-social-1.jpg\" title=\"Sam\u00e0 Lu Mannu e l&#8217;isola di Ed\u00e8a social\" alt=\"Sam\u00e0 Lu Mannu e l&#039;isola di Ed\u00e8a\" loading=\"lazy\" \/>\t\t\t\t\t\t\t\t\t\t\t\t\t\t\t<\/div>\n\t\t\t\t<\/div>\n\t\t\t\t\t<\/div>\n\t\t<\/div>\n\t\t\t\t\t<\/div>\n\t\t<\/section>\n\t\t\t\t<section class=\"elementor-section elementor-top-section elementor-element elementor-element-a8892cf elementor-section-boxed elementor-section-height-default elementor-section-height-default\" data-id=\"a8892cf\" data-element_type=\"section\" data-e-type=\"section\">\n\t\t\t\t\t\t<div class=\"elementor-container elementor-column-gap-default\">\n\t\t\t\t\t<div class=\"elementor-column elementor-col-100 elementor-top-column elementor-element elementor-element-e9c6700\" data-id=\"e9c6700\" data-element_type=\"column\" data-e-type=\"column\">\n\t\t\t<div class=\"elementor-widget-wrap\">\n\t\t\t\t\t\t\t<\/div>\n\t\t<\/div>\n\t\t\t\t\t<\/div>\n\t\t<\/section>\n\t\t\t\t<\/div>\n\t\t","protected":false},"excerpt":{"rendered":"<p>Un\u2019avventura teatrale per grandi e piccini! Sam\u00e0 Lu Mannu e l\u2019Isola di Ed\u00e8a ti aspettano marted\u00ec 3 giugno ore 18:30 al Cineteatro Astra di Sassari. Prenota ora!  <\/p>\n","protected":false},"author":1,"featured_media":30248,"comment_status":"closed","ping_status":"closed","sticky":false,"template":"","format":"standard","meta":{"footnotes":""},"categories":[121],"tags":[],"class_list":["post-30276","post","type-post","status-publish","format-standard","has-post-thumbnail","hentry","category-noas-e-eventos"],"yoast_head":"<!-- This site is optimized with the Yoast SEO plugin v27.4 - https:\/\/yoast.com\/product\/yoast-seo-wordpress\/ -->\n<title>Sam\u00e0 Lu Mannu e l\u2019Isola di Ed\u00e8a - Rapresentazione teatrale in Tataresu 3 de l\u00e0mpadas de su 2025 - Istituto Camillo Bellieni Sassari<\/title>\n<meta name=\"description\" content=\"Un\u2019avventura teatrale per grandi e piccini! Sam\u00e0 Lu Mannu e l\u2019Isola di Ed\u00e8a ti aspettano marted\u00ec 3 giugno ore 18:30 al Cineteatro Astra di Sassari. Prenota ora!\" \/>\n<meta name=\"robots\" content=\"index, follow, max-snippet:-1, max-image-preview:large, max-video-preview:-1\" \/>\n<link rel=\"canonical\" href=\"https:\/\/www.istituto-bellieni.it\/sc\/sama-lu-mannu-e-lisola-di-edea-un-viaggio-tutto-da-vivere\/\" \/>\n<meta property=\"og:locale\" content=\"en_US\" \/>\n<meta property=\"og:type\" content=\"article\" \/>\n<meta property=\"og:title\" content=\"Sam\u00e0 Lu Mannu e l\u2019Isola di Ed\u00e8a \u2013 Spettacolo teatrale a Sassari\" \/>\n<meta property=\"og:description\" content=\"Un viaggio magico e coinvolgente con Sam\u00e0 Lu Mannu e la sua ciurma. Marted\u00ec 3 giugno ore 18:30 al Cineteatro Astra di Sassari. Prenota il tuo biglietto!\" \/>\n<meta property=\"og:url\" content=\"https:\/\/www.istituto-bellieni.it\/sc\/sama-lu-mannu-e-lisola-di-edea-un-viaggio-tutto-da-vivere\/\" \/>\n<meta property=\"og:site_name\" content=\"Istituto Camillo Bellieni Sassari\" \/>\n<meta property=\"article:publisher\" content=\"https:\/\/www.facebook.com\/IstitutoBellieni\" \/>\n<meta property=\"article:published_time\" content=\"2025-05-10T14:17:37+00:00\" \/>\n<meta property=\"article:modified_time\" content=\"2025-05-26T08:09:12+00:00\" \/>\n<meta property=\"og:image\" content=\"https:\/\/www.istituto-bellieni.it\/wp-content\/uploads\/2025\/05\/Sama-Lu-Mannu-edea-thumb.jpg\" \/>\n<meta name=\"author\" content=\"admin\" \/>\n<meta name=\"twitter:card\" content=\"summary_large_image\" \/>\n<meta name=\"twitter:label1\" content=\"Written by\" \/>\n\t<meta name=\"twitter:data1\" content=\"admin\" \/>\n\t<meta name=\"twitter:label2\" content=\"Est. reading time\" \/>\n\t<meta name=\"twitter:data2\" content=\"2 minutes\" \/>\n<script type=\"application\/ld+json\" class=\"yoast-schema-graph\">{\"@context\":\"https:\\\/\\\/schema.org\",\"@graph\":[{\"@type\":\"Article\",\"@id\":\"https:\\\/\\\/www.istituto-bellieni.it\\\/sc\\\/sama-lu-mannu-e-lisola-di-edea-un-viaggio-tutto-da-vivere\\\/#article\",\"isPartOf\":{\"@id\":\"https:\\\/\\\/www.istituto-bellieni.it\\\/sc\\\/sama-lu-mannu-e-lisola-di-edea-un-viaggio-tutto-da-vivere\\\/\"},\"author\":{\"name\":\"admin\",\"@id\":\"https:\\\/\\\/www.istituto-bellieni.it\\\/#\\\/schema\\\/person\\\/ad5e2af9b2c2e2673c3d93d608b4dc7b\"},\"headline\":\"Sam\u00e0 Lu Mannu e l\u2019Isola di Ed\u00e8a &#8211; Rapresentazione teatrale in Tataresu 3 de l\u00e0mpadas de su 2025\",\"datePublished\":\"2025-05-10T14:17:37+00:00\",\"dateModified\":\"2025-05-26T08:09:12+00:00\",\"mainEntityOfPage\":{\"@id\":\"https:\\\/\\\/www.istituto-bellieni.it\\\/sc\\\/sama-lu-mannu-e-lisola-di-edea-un-viaggio-tutto-da-vivere\\\/\"},\"wordCount\":338,\"publisher\":{\"@id\":\"https:\\\/\\\/www.istituto-bellieni.it\\\/#organization\"},\"image\":{\"@id\":\"https:\\\/\\\/www.istituto-bellieni.it\\\/sc\\\/sama-lu-mannu-e-lisola-di-edea-un-viaggio-tutto-da-vivere\\\/#primaryimage\"},\"thumbnailUrl\":\"https:\\\/\\\/www.istituto-bellieni.it\\\/wp-content\\\/uploads\\\/2025\\\/05\\\/Sama-Lu-Mannu-edea-thumb.jpg\",\"articleSection\":[\"Noas e Eventos\"],\"inLanguage\":\"sc-SC\"},{\"@type\":\"WebPage\",\"@id\":\"https:\\\/\\\/www.istituto-bellieni.it\\\/sc\\\/sama-lu-mannu-e-lisola-di-edea-un-viaggio-tutto-da-vivere\\\/\",\"url\":\"https:\\\/\\\/www.istituto-bellieni.it\\\/sc\\\/sama-lu-mannu-e-lisola-di-edea-un-viaggio-tutto-da-vivere\\\/\",\"name\":\"Sam\u00e0 Lu Mannu e l\u2019Isola di Ed\u00e8a - Rapresentazione teatrale in Tataresu 3 de l\u00e0mpadas de su 2025 - Istituto Camillo Bellieni Sassari\",\"isPartOf\":{\"@id\":\"https:\\\/\\\/www.istituto-bellieni.it\\\/#website\"},\"primaryImageOfPage\":{\"@id\":\"https:\\\/\\\/www.istituto-bellieni.it\\\/sc\\\/sama-lu-mannu-e-lisola-di-edea-un-viaggio-tutto-da-vivere\\\/#primaryimage\"},\"image\":{\"@id\":\"https:\\\/\\\/www.istituto-bellieni.it\\\/sc\\\/sama-lu-mannu-e-lisola-di-edea-un-viaggio-tutto-da-vivere\\\/#primaryimage\"},\"thumbnailUrl\":\"https:\\\/\\\/www.istituto-bellieni.it\\\/wp-content\\\/uploads\\\/2025\\\/05\\\/Sama-Lu-Mannu-edea-thumb.jpg\",\"datePublished\":\"2025-05-10T14:17:37+00:00\",\"dateModified\":\"2025-05-26T08:09:12+00:00\",\"description\":\"Un\u2019avventura teatrale per grandi e piccini! Sam\u00e0 Lu Mannu e l\u2019Isola di Ed\u00e8a ti aspettano marted\u00ec 3 giugno ore 18:30 al Cineteatro Astra di Sassari. Prenota ora!\",\"breadcrumb\":{\"@id\":\"https:\\\/\\\/www.istituto-bellieni.it\\\/sc\\\/sama-lu-mannu-e-lisola-di-edea-un-viaggio-tutto-da-vivere\\\/#breadcrumb\"},\"inLanguage\":\"sc-SC\",\"potentialAction\":[{\"@type\":\"ReadAction\",\"target\":[\"https:\\\/\\\/www.istituto-bellieni.it\\\/sc\\\/sama-lu-mannu-e-lisola-di-edea-un-viaggio-tutto-da-vivere\\\/\"]}]},{\"@type\":\"ImageObject\",\"inLanguage\":\"sc-SC\",\"@id\":\"https:\\\/\\\/www.istituto-bellieni.it\\\/sc\\\/sama-lu-mannu-e-lisola-di-edea-un-viaggio-tutto-da-vivere\\\/#primaryimage\",\"url\":\"https:\\\/\\\/www.istituto-bellieni.it\\\/wp-content\\\/uploads\\\/2025\\\/05\\\/Sama-Lu-Mannu-edea-thumb.jpg\",\"contentUrl\":\"https:\\\/\\\/www.istituto-bellieni.it\\\/wp-content\\\/uploads\\\/2025\\\/05\\\/Sama-Lu-Mannu-edea-thumb.jpg\",\"width\":820,\"height\":360},{\"@type\":\"BreadcrumbList\",\"@id\":\"https:\\\/\\\/www.istituto-bellieni.it\\\/sc\\\/sama-lu-mannu-e-lisola-di-edea-un-viaggio-tutto-da-vivere\\\/#breadcrumb\",\"itemListElement\":[{\"@type\":\"ListItem\",\"position\":1,\"name\":\"Home\",\"item\":\"https:\\\/\\\/www.istituto-bellieni.it\\\/sc\\\/\"},{\"@type\":\"ListItem\",\"position\":2,\"name\":\"Sam\u00e0 Lu Mannu e l\u2019Isola di Ed\u00e8a &#8211; Rapresentazione teatrale in Tataresu 3 de l\u00e0mpadas de su 2025\"}]},{\"@type\":\"WebSite\",\"@id\":\"https:\\\/\\\/www.istituto-bellieni.it\\\/#website\",\"url\":\"https:\\\/\\\/www.istituto-bellieni.it\\\/\",\"name\":\"Istituto Camillo Bellieni Sassari\",\"description\":\"Il sito web dell&#039;Istituto di studi e ricerche Camillo Bellieni di Sassari\",\"publisher\":{\"@id\":\"https:\\\/\\\/www.istituto-bellieni.it\\\/#organization\"},\"potentialAction\":[{\"@type\":\"SearchAction\",\"target\":{\"@type\":\"EntryPoint\",\"urlTemplate\":\"https:\\\/\\\/www.istituto-bellieni.it\\\/?s={search_term_string}\"},\"query-input\":{\"@type\":\"PropertyValueSpecification\",\"valueRequired\":true,\"valueName\":\"search_term_string\"}}],\"inLanguage\":\"sc-SC\"},{\"@type\":\"Organization\",\"@id\":\"https:\\\/\\\/www.istituto-bellieni.it\\\/#organization\",\"name\":\"Istituto di Studi e Ricerce Camillo Bellieni Sassari\",\"url\":\"https:\\\/\\\/www.istituto-bellieni.it\\\/\",\"logo\":{\"@type\":\"ImageObject\",\"inLanguage\":\"sc-SC\",\"@id\":\"https:\\\/\\\/www.istituto-bellieni.it\\\/#\\\/schema\\\/logo\\\/image\\\/\",\"url\":\"https:\\\/\\\/www.istituto-bellieni.it\\\/wp-content\\\/uploads\\\/2022\\\/02\\\/logo-vect.svg\",\"contentUrl\":\"https:\\\/\\\/www.istituto-bellieni.it\\\/wp-content\\\/uploads\\\/2022\\\/02\\\/logo-vect.svg\",\"width\":305.021,\"height\":176.34,\"caption\":\"Istituto di Studi e Ricerce Camillo Bellieni Sassari\"},\"image\":{\"@id\":\"https:\\\/\\\/www.istituto-bellieni.it\\\/#\\\/schema\\\/logo\\\/image\\\/\"},\"sameAs\":[\"https:\\\/\\\/www.facebook.com\\\/IstitutoBellieni\"]},{\"@type\":\"Person\",\"@id\":\"https:\\\/\\\/www.istituto-bellieni.it\\\/#\\\/schema\\\/person\\\/ad5e2af9b2c2e2673c3d93d608b4dc7b\",\"name\":\"admin\",\"image\":{\"@type\":\"ImageObject\",\"inLanguage\":\"sc-SC\",\"@id\":\"https:\\\/\\\/secure.gravatar.com\\\/avatar\\\/6c3757f6686398e5a09f7b3113e4e325728a02ba358a49d250222878791cf4e7?s=96&d=mm&r=g\",\"url\":\"https:\\\/\\\/secure.gravatar.com\\\/avatar\\\/6c3757f6686398e5a09f7b3113e4e325728a02ba358a49d250222878791cf4e7?s=96&d=mm&r=g\",\"contentUrl\":\"https:\\\/\\\/secure.gravatar.com\\\/avatar\\\/6c3757f6686398e5a09f7b3113e4e325728a02ba358a49d250222878791cf4e7?s=96&d=mm&r=g\",\"caption\":\"admin\"},\"sameAs\":[\"https:\\\/\\\/www.istituto-bellieni.it\\\/\"],\"url\":\"https:\\\/\\\/www.istituto-bellieni.it\\\/sc\\\/author\\\/admin\\\/\"}]}<\/script>\n<!-- \/ Yoast SEO plugin. -->","yoast_head_json":{"title":"Sam\u00e0 Lu Mannu e l\u2019Isola di Ed\u00e8a - Rapresentazione teatrale in Tataresu 3 de l\u00e0mpadas de su 2025 - Istituto Camillo Bellieni Sassari","description":"Un\u2019avventura teatrale per grandi e piccini! Sam\u00e0 Lu Mannu e l\u2019Isola di Ed\u00e8a ti aspettano marted\u00ec 3 giugno ore 18:30 al Cineteatro Astra di Sassari. Prenota ora!","robots":{"index":"index","follow":"follow","max-snippet":"max-snippet:-1","max-image-preview":"max-image-preview:large","max-video-preview":"max-video-preview:-1"},"canonical":"https:\/\/www.istituto-bellieni.it\/sc\/sama-lu-mannu-e-lisola-di-edea-un-viaggio-tutto-da-vivere\/","og_locale":"en_US","og_type":"article","og_title":"Sam\u00e0 Lu Mannu e l\u2019Isola di Ed\u00e8a \u2013 Spettacolo teatrale a Sassari","og_description":"Un viaggio magico e coinvolgente con Sam\u00e0 Lu Mannu e la sua ciurma. Marted\u00ec 3 giugno ore 18:30 al Cineteatro Astra di Sassari. Prenota il tuo biglietto!","og_url":"https:\/\/www.istituto-bellieni.it\/sc\/sama-lu-mannu-e-lisola-di-edea-un-viaggio-tutto-da-vivere\/","og_site_name":"Istituto Camillo Bellieni Sassari","article_publisher":"https:\/\/www.facebook.com\/IstitutoBellieni","article_published_time":"2025-05-10T14:17:37+00:00","article_modified_time":"2025-05-26T08:09:12+00:00","og_image":[{"url":"https:\/\/www.istituto-bellieni.it\/wp-content\/uploads\/2025\/05\/Sama-Lu-Mannu-edea-thumb.jpg","type":"","width":"","height":""}],"author":"admin","twitter_card":"summary_large_image","twitter_misc":{"Written by":"admin","Est. reading time":"2 minutes"},"schema":{"@context":"https:\/\/schema.org","@graph":[{"@type":"Article","@id":"https:\/\/www.istituto-bellieni.it\/sc\/sama-lu-mannu-e-lisola-di-edea-un-viaggio-tutto-da-vivere\/#article","isPartOf":{"@id":"https:\/\/www.istituto-bellieni.it\/sc\/sama-lu-mannu-e-lisola-di-edea-un-viaggio-tutto-da-vivere\/"},"author":{"name":"admin","@id":"https:\/\/www.istituto-bellieni.it\/#\/schema\/person\/ad5e2af9b2c2e2673c3d93d608b4dc7b"},"headline":"Sam\u00e0 Lu Mannu e l\u2019Isola di Ed\u00e8a &#8211; Rapresentazione teatrale in Tataresu 3 de l\u00e0mpadas de su 2025","datePublished":"2025-05-10T14:17:37+00:00","dateModified":"2025-05-26T08:09:12+00:00","mainEntityOfPage":{"@id":"https:\/\/www.istituto-bellieni.it\/sc\/sama-lu-mannu-e-lisola-di-edea-un-viaggio-tutto-da-vivere\/"},"wordCount":338,"publisher":{"@id":"https:\/\/www.istituto-bellieni.it\/#organization"},"image":{"@id":"https:\/\/www.istituto-bellieni.it\/sc\/sama-lu-mannu-e-lisola-di-edea-un-viaggio-tutto-da-vivere\/#primaryimage"},"thumbnailUrl":"https:\/\/www.istituto-bellieni.it\/wp-content\/uploads\/2025\/05\/Sama-Lu-Mannu-edea-thumb.jpg","articleSection":["Noas e Eventos"],"inLanguage":"sc-SC"},{"@type":"WebPage","@id":"https:\/\/www.istituto-bellieni.it\/sc\/sama-lu-mannu-e-lisola-di-edea-un-viaggio-tutto-da-vivere\/","url":"https:\/\/www.istituto-bellieni.it\/sc\/sama-lu-mannu-e-lisola-di-edea-un-viaggio-tutto-da-vivere\/","name":"Sam\u00e0 Lu Mannu e l\u2019Isola di Ed\u00e8a - Rapresentazione teatrale in Tataresu 3 de l\u00e0mpadas de su 2025 - Istituto Camillo Bellieni Sassari","isPartOf":{"@id":"https:\/\/www.istituto-bellieni.it\/#website"},"primaryImageOfPage":{"@id":"https:\/\/www.istituto-bellieni.it\/sc\/sama-lu-mannu-e-lisola-di-edea-un-viaggio-tutto-da-vivere\/#primaryimage"},"image":{"@id":"https:\/\/www.istituto-bellieni.it\/sc\/sama-lu-mannu-e-lisola-di-edea-un-viaggio-tutto-da-vivere\/#primaryimage"},"thumbnailUrl":"https:\/\/www.istituto-bellieni.it\/wp-content\/uploads\/2025\/05\/Sama-Lu-Mannu-edea-thumb.jpg","datePublished":"2025-05-10T14:17:37+00:00","dateModified":"2025-05-26T08:09:12+00:00","description":"Un\u2019avventura teatrale per grandi e piccini! Sam\u00e0 Lu Mannu e l\u2019Isola di Ed\u00e8a ti aspettano marted\u00ec 3 giugno ore 18:30 al Cineteatro Astra di Sassari. Prenota ora!","breadcrumb":{"@id":"https:\/\/www.istituto-bellieni.it\/sc\/sama-lu-mannu-e-lisola-di-edea-un-viaggio-tutto-da-vivere\/#breadcrumb"},"inLanguage":"sc-SC","potentialAction":[{"@type":"ReadAction","target":["https:\/\/www.istituto-bellieni.it\/sc\/sama-lu-mannu-e-lisola-di-edea-un-viaggio-tutto-da-vivere\/"]}]},{"@type":"ImageObject","inLanguage":"sc-SC","@id":"https:\/\/www.istituto-bellieni.it\/sc\/sama-lu-mannu-e-lisola-di-edea-un-viaggio-tutto-da-vivere\/#primaryimage","url":"https:\/\/www.istituto-bellieni.it\/wp-content\/uploads\/2025\/05\/Sama-Lu-Mannu-edea-thumb.jpg","contentUrl":"https:\/\/www.istituto-bellieni.it\/wp-content\/uploads\/2025\/05\/Sama-Lu-Mannu-edea-thumb.jpg","width":820,"height":360},{"@type":"BreadcrumbList","@id":"https:\/\/www.istituto-bellieni.it\/sc\/sama-lu-mannu-e-lisola-di-edea-un-viaggio-tutto-da-vivere\/#breadcrumb","itemListElement":[{"@type":"ListItem","position":1,"name":"Home","item":"https:\/\/www.istituto-bellieni.it\/sc\/"},{"@type":"ListItem","position":2,"name":"Sam\u00e0 Lu Mannu e l\u2019Isola di Ed\u00e8a &#8211; Rapresentazione teatrale in Tataresu 3 de l\u00e0mpadas de su 2025"}]},{"@type":"WebSite","@id":"https:\/\/www.istituto-bellieni.it\/#website","url":"https:\/\/www.istituto-bellieni.it\/","name":"Istituto Camillo Bellieni Sassari","description":"Il sito web dell&#039;Istituto di studi e ricerche Camillo Bellieni di Sassari","publisher":{"@id":"https:\/\/www.istituto-bellieni.it\/#organization"},"potentialAction":[{"@type":"SearchAction","target":{"@type":"EntryPoint","urlTemplate":"https:\/\/www.istituto-bellieni.it\/?s={search_term_string}"},"query-input":{"@type":"PropertyValueSpecification","valueRequired":true,"valueName":"search_term_string"}}],"inLanguage":"sc-SC"},{"@type":"Organization","@id":"https:\/\/www.istituto-bellieni.it\/#organization","name":"Istituto di Studi e Ricerce Camillo Bellieni Sassari","url":"https:\/\/www.istituto-bellieni.it\/","logo":{"@type":"ImageObject","inLanguage":"sc-SC","@id":"https:\/\/www.istituto-bellieni.it\/#\/schema\/logo\/image\/","url":"https:\/\/www.istituto-bellieni.it\/wp-content\/uploads\/2022\/02\/logo-vect.svg","contentUrl":"https:\/\/www.istituto-bellieni.it\/wp-content\/uploads\/2022\/02\/logo-vect.svg","width":305.021,"height":176.34,"caption":"Istituto di Studi e Ricerce Camillo Bellieni Sassari"},"image":{"@id":"https:\/\/www.istituto-bellieni.it\/#\/schema\/logo\/image\/"},"sameAs":["https:\/\/www.facebook.com\/IstitutoBellieni"]},{"@type":"Person","@id":"https:\/\/www.istituto-bellieni.it\/#\/schema\/person\/ad5e2af9b2c2e2673c3d93d608b4dc7b","name":"admin","image":{"@type":"ImageObject","inLanguage":"sc-SC","@id":"https:\/\/secure.gravatar.com\/avatar\/6c3757f6686398e5a09f7b3113e4e325728a02ba358a49d250222878791cf4e7?s=96&d=mm&r=g","url":"https:\/\/secure.gravatar.com\/avatar\/6c3757f6686398e5a09f7b3113e4e325728a02ba358a49d250222878791cf4e7?s=96&d=mm&r=g","contentUrl":"https:\/\/secure.gravatar.com\/avatar\/6c3757f6686398e5a09f7b3113e4e325728a02ba358a49d250222878791cf4e7?s=96&d=mm&r=g","caption":"admin"},"sameAs":["https:\/\/www.istituto-bellieni.it\/"],"url":"https:\/\/www.istituto-bellieni.it\/sc\/author\/admin\/"}]}},"_links":{"self":[{"href":"https:\/\/www.istituto-bellieni.it\/sc\/wp-json\/wp\/v2\/posts\/30276","targetHints":{"allow":["GET"]}}],"collection":[{"href":"https:\/\/www.istituto-bellieni.it\/sc\/wp-json\/wp\/v2\/posts"}],"about":[{"href":"https:\/\/www.istituto-bellieni.it\/sc\/wp-json\/wp\/v2\/types\/post"}],"author":[{"embeddable":true,"href":"https:\/\/www.istituto-bellieni.it\/sc\/wp-json\/wp\/v2\/users\/1"}],"replies":[{"embeddable":true,"href":"https:\/\/www.istituto-bellieni.it\/sc\/wp-json\/wp\/v2\/comments?post=30276"}],"version-history":[{"count":16,"href":"https:\/\/www.istituto-bellieni.it\/sc\/wp-json\/wp\/v2\/posts\/30276\/revisions"}],"predecessor-version":[{"id":30385,"href":"https:\/\/www.istituto-bellieni.it\/sc\/wp-json\/wp\/v2\/posts\/30276\/revisions\/30385"}],"wp:featuredmedia":[{"embeddable":true,"href":"https:\/\/www.istituto-bellieni.it\/sc\/wp-json\/wp\/v2\/media\/30248"}],"wp:attachment":[{"href":"https:\/\/www.istituto-bellieni.it\/sc\/wp-json\/wp\/v2\/media?parent=30276"}],"wp:term":[{"taxonomy":"category","embeddable":true,"href":"https:\/\/www.istituto-bellieni.it\/sc\/wp-json\/wp\/v2\/categories?post=30276"},{"taxonomy":"post_tag","embeddable":true,"href":"https:\/\/www.istituto-bellieni.it\/sc\/wp-json\/wp\/v2\/tags?post=30276"}],"curies":[{"name":"wp","href":"https:\/\/api.w.org\/{rel}","templated":true}]}}