{"id":30647,"date":"2025-09-17T09:39:06","date_gmt":"2025-09-17T09:39:06","guid":{"rendered":"https:\/\/www.istituto-bellieni.it\/lis-be-presenta-il-libro-di-poesie-la-stagionalita-dellesistenza-di-francesca-nieddu\/"},"modified":"2025-09-17T16:31:03","modified_gmt":"2025-09-17T16:31:03","slug":"is-be-presenta-il-libro-di-poesie-la-stagionalita-dellesistenza-di-francesca-nieddu","status":"publish","type":"post","link":"https:\/\/www.istituto-bellieni.it\/sc\/is-be-presenta-il-libro-di-poesie-la-stagionalita-dellesistenza-di-francesca-nieddu\/","title":{"rendered":"S\u2019Is.Be. Presentat su libru de poesias &#8220;La stagionalit\u00e0 dell\u2019esistenza&#8221; de Francesca Nieddu"},"content":{"rendered":"\t\t<div data-elementor-type=\"wp-post\" data-elementor-id=\"30647\" class=\"elementor elementor-30647 elementor-30639\" data-elementor-post-type=\"post\">\n\t\t\t\t\t\t<section class=\"elementor-section elementor-top-section elementor-element elementor-element-42758450 elementor-section-boxed elementor-section-height-default elementor-section-height-default\" data-id=\"42758450\" data-element_type=\"section\" data-e-type=\"section\">\n\t\t\t\t\t\t<div class=\"elementor-container elementor-column-gap-default\">\n\t\t\t\t\t<div class=\"elementor-column elementor-col-100 elementor-top-column elementor-element elementor-element-f862549\" data-id=\"f862549\" data-element_type=\"column\" data-e-type=\"column\">\n\t\t\t<div class=\"elementor-widget-wrap elementor-element-populated\">\n\t\t\t\t\t\t<div class=\"elementor-element elementor-element-7a23bef9 elementor-widget elementor-widget-text-editor\" data-id=\"7a23bef9\" data-element_type=\"widget\" data-e-type=\"widget\" data-settings=\"{&quot;ekit_we_effect_on&quot;:&quot;none&quot;}\" data-widget_type=\"text-editor.default\">\n\t\t\t\t<div class=\"elementor-widget-container\">\n\t\t\t\t\t\t\t\t\t<p>Unu borta de die tra par\u00e0ulas, sonos e sentidos in su meravizos<strong> Parcu de sas Artes de<\/strong> <strong>Molineddu<\/strong>, pro iscob\u00e8rrere sa regorta po\u00e8tica de<strong> Francesca Nieddu<\/strong>.<\/p><p><strong>Dom\u00ecniga 5 de santugaine 2025<\/strong><br><strong>A sas 5 e mesa de sero<\/strong><br><strong>Parcu de sas Artes &#8211; Molineddu (Ossi, SS)<\/strong><\/p><p><strong>Ant a interb\u00e8nnere:<\/strong><\/p><ul><li>Francesca Nieddu &#8211; Autora de su libru de poesia<\/li><li>Francesca Sini &#8211; Operadora Is. Be.<\/li><li>Isabella Gramai &#8211; Operadora culturale, arrejonat cun s\u2019autora<\/li><li>Tanya Ecuaga &#8211; Ghia meditatzione<\/li><li>Federica Tendas &#8211; Paes\u00e0gios sonoros<\/li><\/ul><p>Un\u2019esperi\u00e8ntzia de partetzipatzione chi intrintzat poesia, narratzione e m\u00f9sica, a s\u2019iscoberta de sas istajones de s\u2019\u00e0nima.<\/p><p>\ud83d\udce7 Per informazioni: istitutobellieni@gmail.com<br>\ud83d\udc49 Ingresso libero<\/p>\t\t\t\t\t\t\t\t<\/div>\n\t\t\t\t<\/div>\n\t\t\t\t\t<\/div>\n\t\t<\/div>\n\t\t\t\t\t<\/div>\n\t\t<\/section>\n\t\t\t\t<\/div>\n\t\t","protected":false},"excerpt":{"rendered":"<p>Unu borta de die tra par\u00e0ulas, sonos e sentidos in su meravizos Parcu de sas Artes de Molineddu, pro iscob\u00e8rrere sa regorta po\u00e8tica de Francesca Nieddu. <\/p>\n","protected":false},"author":1,"featured_media":30645,"comment_status":"closed","ping_status":"closed","sticky":false,"template":"","format":"standard","meta":{"footnotes":""},"categories":[121],"tags":[],"class_list":["post-30647","post","type-post","status-publish","format-standard","has-post-thumbnail","hentry","category-noas-e-eventos"],"yoast_head":"<!-- This site is optimized with the Yoast SEO plugin v27.4 - https:\/\/yoast.com\/product\/yoast-seo-wordpress\/ -->\n<title>S\u2019Is.Be. Presentat su libru de poesias &quot;La stagionalit\u00e0 dell\u2019esistenza&quot; de Francesca Nieddu - Istituto Camillo Bellieni Sassari<\/title>\n<meta name=\"description\" content=\"L\u2019Is.Be presenta &#039;La stagionalit\u00e0 dell\u2019esistenza&#039; di Francesca Nieddu. Un pomeriggio di poesia, musica e meditazione al Parco delle Arti di Molineddu (Ossi, SS), domenica 5 ottobre 2025 alle 17:30.\" \/>\n<meta name=\"robots\" content=\"index, follow, max-snippet:-1, max-image-preview:large, max-video-preview:-1\" \/>\n<link rel=\"canonical\" href=\"https:\/\/www.istituto-bellieni.it\/sc\/is-be-presenta-il-libro-di-poesie-la-stagionalita-dellesistenza-di-francesca-nieddu\/\" \/>\n<meta property=\"og:locale\" content=\"en_US\" \/>\n<meta property=\"og:type\" content=\"article\" \/>\n<meta property=\"og:title\" content=\"Presentazione libro &#039;La stagionalit\u00e0 dell\u2019esistenza&#039; di Francesca Nieddu\" \/>\n<meta property=\"og:description\" content=\"Unu borta de die tra par\u00e0ulas, sonos e sentidos in su meravizos Parcu de sas Artes de Molineddu, pro iscob\u00e8rrere sa regorta po\u00e8tica de Francesca Nieddu.\" \/>\n<meta property=\"og:url\" content=\"https:\/\/www.istituto-bellieni.it\/sc\/is-be-presenta-il-libro-di-poesie-la-stagionalita-dellesistenza-di-francesca-nieddu\/\" \/>\n<meta property=\"og:site_name\" content=\"Istituto Camillo Bellieni Sassari\" \/>\n<meta property=\"article:publisher\" content=\"https:\/\/www.facebook.com\/IstitutoBellieni\" \/>\n<meta property=\"article:published_time\" content=\"2025-09-17T09:39:06+00:00\" \/>\n<meta property=\"article:modified_time\" content=\"2025-09-17T16:31:03+00:00\" \/>\n<meta property=\"og:image\" content=\"https:\/\/www.istituto-bellieni.it\/wp-content\/uploads\/2025\/06\/SESUJA-2025.jpg\" \/>\n<meta name=\"author\" content=\"admin\" \/>\n<meta name=\"twitter:card\" content=\"summary_large_image\" \/>\n<meta name=\"twitter:label1\" content=\"Written by\" \/>\n\t<meta name=\"twitter:data1\" content=\"admin\" \/>\n\t<meta name=\"twitter:label2\" content=\"Est. reading time\" \/>\n\t<meta name=\"twitter:data2\" content=\"1 minute\" \/>\n<script type=\"application\/ld+json\" class=\"yoast-schema-graph\">{\"@context\":\"https:\\\/\\\/schema.org\",\"@graph\":[{\"@type\":\"Article\",\"@id\":\"https:\\\/\\\/www.istituto-bellieni.it\\\/sc\\\/is-be-presenta-il-libro-di-poesie-la-stagionalita-dellesistenza-di-francesca-nieddu\\\/#article\",\"isPartOf\":{\"@id\":\"https:\\\/\\\/www.istituto-bellieni.it\\\/sc\\\/is-be-presenta-il-libro-di-poesie-la-stagionalita-dellesistenza-di-francesca-nieddu\\\/\"},\"author\":{\"name\":\"admin\",\"@id\":\"https:\\\/\\\/www.istituto-bellieni.it\\\/#\\\/schema\\\/person\\\/ad5e2af9b2c2e2673c3d93d608b4dc7b\"},\"headline\":\"S\u2019Is.Be. Presentat su libru de poesias &#8220;La stagionalit\u00e0 dell\u2019esistenza&#8221; de Francesca Nieddu\",\"datePublished\":\"2025-09-17T09:39:06+00:00\",\"dateModified\":\"2025-09-17T16:31:03+00:00\",\"mainEntityOfPage\":{\"@id\":\"https:\\\/\\\/www.istituto-bellieni.it\\\/sc\\\/is-be-presenta-il-libro-di-poesie-la-stagionalita-dellesistenza-di-francesca-nieddu\\\/\"},\"wordCount\":129,\"publisher\":{\"@id\":\"https:\\\/\\\/www.istituto-bellieni.it\\\/#organization\"},\"image\":{\"@id\":\"https:\\\/\\\/www.istituto-bellieni.it\\\/sc\\\/is-be-presenta-il-libro-di-poesie-la-stagionalita-dellesistenza-di-francesca-nieddu\\\/#primaryimage\"},\"thumbnailUrl\":\"https:\\\/\\\/www.istituto-bellieni.it\\\/wp-content\\\/uploads\\\/2025\\\/09\\\/La-stagionalita-dellesistenza-di-Francesca-Nieddu.jpg\",\"articleSection\":[\"Noas e Eventos\"],\"inLanguage\":\"sc-SC\"},{\"@type\":\"WebPage\",\"@id\":\"https:\\\/\\\/www.istituto-bellieni.it\\\/sc\\\/is-be-presenta-il-libro-di-poesie-la-stagionalita-dellesistenza-di-francesca-nieddu\\\/\",\"url\":\"https:\\\/\\\/www.istituto-bellieni.it\\\/sc\\\/is-be-presenta-il-libro-di-poesie-la-stagionalita-dellesistenza-di-francesca-nieddu\\\/\",\"name\":\"S\u2019Is.Be. Presentat su libru de poesias \\\"La stagionalit\u00e0 dell\u2019esistenza\\\" de Francesca Nieddu - Istituto Camillo Bellieni Sassari\",\"isPartOf\":{\"@id\":\"https:\\\/\\\/www.istituto-bellieni.it\\\/#website\"},\"primaryImageOfPage\":{\"@id\":\"https:\\\/\\\/www.istituto-bellieni.it\\\/sc\\\/is-be-presenta-il-libro-di-poesie-la-stagionalita-dellesistenza-di-francesca-nieddu\\\/#primaryimage\"},\"image\":{\"@id\":\"https:\\\/\\\/www.istituto-bellieni.it\\\/sc\\\/is-be-presenta-il-libro-di-poesie-la-stagionalita-dellesistenza-di-francesca-nieddu\\\/#primaryimage\"},\"thumbnailUrl\":\"https:\\\/\\\/www.istituto-bellieni.it\\\/wp-content\\\/uploads\\\/2025\\\/09\\\/La-stagionalita-dellesistenza-di-Francesca-Nieddu.jpg\",\"datePublished\":\"2025-09-17T09:39:06+00:00\",\"dateModified\":\"2025-09-17T16:31:03+00:00\",\"description\":\"L\u2019Is.Be presenta 'La stagionalit\u00e0 dell\u2019esistenza' di Francesca Nieddu. Un pomeriggio di poesia, musica e meditazione al Parco delle Arti di Molineddu (Ossi, SS), domenica 5 ottobre 2025 alle 17:30.\",\"breadcrumb\":{\"@id\":\"https:\\\/\\\/www.istituto-bellieni.it\\\/sc\\\/is-be-presenta-il-libro-di-poesie-la-stagionalita-dellesistenza-di-francesca-nieddu\\\/#breadcrumb\"},\"inLanguage\":\"sc-SC\",\"potentialAction\":[{\"@type\":\"ReadAction\",\"target\":[\"https:\\\/\\\/www.istituto-bellieni.it\\\/sc\\\/is-be-presenta-il-libro-di-poesie-la-stagionalita-dellesistenza-di-francesca-nieddu\\\/\"]}]},{\"@type\":\"ImageObject\",\"inLanguage\":\"sc-SC\",\"@id\":\"https:\\\/\\\/www.istituto-bellieni.it\\\/sc\\\/is-be-presenta-il-libro-di-poesie-la-stagionalita-dellesistenza-di-francesca-nieddu\\\/#primaryimage\",\"url\":\"https:\\\/\\\/www.istituto-bellieni.it\\\/wp-content\\\/uploads\\\/2025\\\/09\\\/La-stagionalita-dellesistenza-di-Francesca-Nieddu.jpg\",\"contentUrl\":\"https:\\\/\\\/www.istituto-bellieni.it\\\/wp-content\\\/uploads\\\/2025\\\/09\\\/La-stagionalita-dellesistenza-di-Francesca-Nieddu.jpg\",\"width\":820,\"height\":360,\"caption\":\"La stagionalit\u00e0 dell\u2019esistenza di Francesca Nieddu\"},{\"@type\":\"BreadcrumbList\",\"@id\":\"https:\\\/\\\/www.istituto-bellieni.it\\\/sc\\\/is-be-presenta-il-libro-di-poesie-la-stagionalita-dellesistenza-di-francesca-nieddu\\\/#breadcrumb\",\"itemListElement\":[{\"@type\":\"ListItem\",\"position\":1,\"name\":\"Home\",\"item\":\"https:\\\/\\\/www.istituto-bellieni.it\\\/sc\\\/\"},{\"@type\":\"ListItem\",\"position\":2,\"name\":\"S\u2019Is.Be. Presentat su libru de poesias &#8220;La stagionalit\u00e0 dell\u2019esistenza&#8221; de Francesca Nieddu\"}]},{\"@type\":\"WebSite\",\"@id\":\"https:\\\/\\\/www.istituto-bellieni.it\\\/#website\",\"url\":\"https:\\\/\\\/www.istituto-bellieni.it\\\/\",\"name\":\"Istituto Camillo Bellieni Sassari\",\"description\":\"Il sito web dell&#039;Istituto di studi e ricerche Camillo Bellieni di Sassari\",\"publisher\":{\"@id\":\"https:\\\/\\\/www.istituto-bellieni.it\\\/#organization\"},\"potentialAction\":[{\"@type\":\"SearchAction\",\"target\":{\"@type\":\"EntryPoint\",\"urlTemplate\":\"https:\\\/\\\/www.istituto-bellieni.it\\\/?s={search_term_string}\"},\"query-input\":{\"@type\":\"PropertyValueSpecification\",\"valueRequired\":true,\"valueName\":\"search_term_string\"}}],\"inLanguage\":\"sc-SC\"},{\"@type\":\"Organization\",\"@id\":\"https:\\\/\\\/www.istituto-bellieni.it\\\/#organization\",\"name\":\"Istituto di Studi e Ricerce Camillo Bellieni Sassari\",\"url\":\"https:\\\/\\\/www.istituto-bellieni.it\\\/\",\"logo\":{\"@type\":\"ImageObject\",\"inLanguage\":\"sc-SC\",\"@id\":\"https:\\\/\\\/www.istituto-bellieni.it\\\/#\\\/schema\\\/logo\\\/image\\\/\",\"url\":\"https:\\\/\\\/www.istituto-bellieni.it\\\/wp-content\\\/uploads\\\/2022\\\/02\\\/logo-vect.svg\",\"contentUrl\":\"https:\\\/\\\/www.istituto-bellieni.it\\\/wp-content\\\/uploads\\\/2022\\\/02\\\/logo-vect.svg\",\"width\":305.021,\"height\":176.34,\"caption\":\"Istituto di Studi e Ricerce Camillo Bellieni Sassari\"},\"image\":{\"@id\":\"https:\\\/\\\/www.istituto-bellieni.it\\\/#\\\/schema\\\/logo\\\/image\\\/\"},\"sameAs\":[\"https:\\\/\\\/www.facebook.com\\\/IstitutoBellieni\"]},{\"@type\":\"Person\",\"@id\":\"https:\\\/\\\/www.istituto-bellieni.it\\\/#\\\/schema\\\/person\\\/ad5e2af9b2c2e2673c3d93d608b4dc7b\",\"name\":\"admin\",\"image\":{\"@type\":\"ImageObject\",\"inLanguage\":\"sc-SC\",\"@id\":\"https:\\\/\\\/secure.gravatar.com\\\/avatar\\\/6c3757f6686398e5a09f7b3113e4e325728a02ba358a49d250222878791cf4e7?s=96&d=mm&r=g\",\"url\":\"https:\\\/\\\/secure.gravatar.com\\\/avatar\\\/6c3757f6686398e5a09f7b3113e4e325728a02ba358a49d250222878791cf4e7?s=96&d=mm&r=g\",\"contentUrl\":\"https:\\\/\\\/secure.gravatar.com\\\/avatar\\\/6c3757f6686398e5a09f7b3113e4e325728a02ba358a49d250222878791cf4e7?s=96&d=mm&r=g\",\"caption\":\"admin\"},\"sameAs\":[\"https:\\\/\\\/www.istituto-bellieni.it\\\/\"],\"url\":\"https:\\\/\\\/www.istituto-bellieni.it\\\/sc\\\/author\\\/admin\\\/\"}]}<\/script>\n<!-- \/ Yoast SEO plugin. -->","yoast_head_json":{"title":"S\u2019Is.Be. Presentat su libru de poesias \"La stagionalit\u00e0 dell\u2019esistenza\" de Francesca Nieddu - Istituto Camillo Bellieni Sassari","description":"L\u2019Is.Be presenta 'La stagionalit\u00e0 dell\u2019esistenza' di Francesca Nieddu. Un pomeriggio di poesia, musica e meditazione al Parco delle Arti di Molineddu (Ossi, SS), domenica 5 ottobre 2025 alle 17:30.","robots":{"index":"index","follow":"follow","max-snippet":"max-snippet:-1","max-image-preview":"max-image-preview:large","max-video-preview":"max-video-preview:-1"},"canonical":"https:\/\/www.istituto-bellieni.it\/sc\/is-be-presenta-il-libro-di-poesie-la-stagionalita-dellesistenza-di-francesca-nieddu\/","og_locale":"en_US","og_type":"article","og_title":"Presentazione libro 'La stagionalit\u00e0 dell\u2019esistenza' di Francesca Nieddu","og_description":"Unu borta de die tra par\u00e0ulas, sonos e sentidos in su meravizos Parcu de sas Artes de Molineddu, pro iscob\u00e8rrere sa regorta po\u00e8tica de Francesca Nieddu.","og_url":"https:\/\/www.istituto-bellieni.it\/sc\/is-be-presenta-il-libro-di-poesie-la-stagionalita-dellesistenza-di-francesca-nieddu\/","og_site_name":"Istituto Camillo Bellieni Sassari","article_publisher":"https:\/\/www.facebook.com\/IstitutoBellieni","article_published_time":"2025-09-17T09:39:06+00:00","article_modified_time":"2025-09-17T16:31:03+00:00","og_image":[{"url":"https:\/\/www.istituto-bellieni.it\/wp-content\/uploads\/2025\/06\/SESUJA-2025.jpg","type":"","width":"","height":""}],"author":"admin","twitter_card":"summary_large_image","twitter_misc":{"Written by":"admin","Est. reading time":"1 minute"},"schema":{"@context":"https:\/\/schema.org","@graph":[{"@type":"Article","@id":"https:\/\/www.istituto-bellieni.it\/sc\/is-be-presenta-il-libro-di-poesie-la-stagionalita-dellesistenza-di-francesca-nieddu\/#article","isPartOf":{"@id":"https:\/\/www.istituto-bellieni.it\/sc\/is-be-presenta-il-libro-di-poesie-la-stagionalita-dellesistenza-di-francesca-nieddu\/"},"author":{"name":"admin","@id":"https:\/\/www.istituto-bellieni.it\/#\/schema\/person\/ad5e2af9b2c2e2673c3d93d608b4dc7b"},"headline":"S\u2019Is.Be. Presentat su libru de poesias &#8220;La stagionalit\u00e0 dell\u2019esistenza&#8221; de Francesca Nieddu","datePublished":"2025-09-17T09:39:06+00:00","dateModified":"2025-09-17T16:31:03+00:00","mainEntityOfPage":{"@id":"https:\/\/www.istituto-bellieni.it\/sc\/is-be-presenta-il-libro-di-poesie-la-stagionalita-dellesistenza-di-francesca-nieddu\/"},"wordCount":129,"publisher":{"@id":"https:\/\/www.istituto-bellieni.it\/#organization"},"image":{"@id":"https:\/\/www.istituto-bellieni.it\/sc\/is-be-presenta-il-libro-di-poesie-la-stagionalita-dellesistenza-di-francesca-nieddu\/#primaryimage"},"thumbnailUrl":"https:\/\/www.istituto-bellieni.it\/wp-content\/uploads\/2025\/09\/La-stagionalita-dellesistenza-di-Francesca-Nieddu.jpg","articleSection":["Noas e Eventos"],"inLanguage":"sc-SC"},{"@type":"WebPage","@id":"https:\/\/www.istituto-bellieni.it\/sc\/is-be-presenta-il-libro-di-poesie-la-stagionalita-dellesistenza-di-francesca-nieddu\/","url":"https:\/\/www.istituto-bellieni.it\/sc\/is-be-presenta-il-libro-di-poesie-la-stagionalita-dellesistenza-di-francesca-nieddu\/","name":"S\u2019Is.Be. Presentat su libru de poesias \"La stagionalit\u00e0 dell\u2019esistenza\" de Francesca Nieddu - Istituto Camillo Bellieni Sassari","isPartOf":{"@id":"https:\/\/www.istituto-bellieni.it\/#website"},"primaryImageOfPage":{"@id":"https:\/\/www.istituto-bellieni.it\/sc\/is-be-presenta-il-libro-di-poesie-la-stagionalita-dellesistenza-di-francesca-nieddu\/#primaryimage"},"image":{"@id":"https:\/\/www.istituto-bellieni.it\/sc\/is-be-presenta-il-libro-di-poesie-la-stagionalita-dellesistenza-di-francesca-nieddu\/#primaryimage"},"thumbnailUrl":"https:\/\/www.istituto-bellieni.it\/wp-content\/uploads\/2025\/09\/La-stagionalita-dellesistenza-di-Francesca-Nieddu.jpg","datePublished":"2025-09-17T09:39:06+00:00","dateModified":"2025-09-17T16:31:03+00:00","description":"L\u2019Is.Be presenta 'La stagionalit\u00e0 dell\u2019esistenza' di Francesca Nieddu. Un pomeriggio di poesia, musica e meditazione al Parco delle Arti di Molineddu (Ossi, SS), domenica 5 ottobre 2025 alle 17:30.","breadcrumb":{"@id":"https:\/\/www.istituto-bellieni.it\/sc\/is-be-presenta-il-libro-di-poesie-la-stagionalita-dellesistenza-di-francesca-nieddu\/#breadcrumb"},"inLanguage":"sc-SC","potentialAction":[{"@type":"ReadAction","target":["https:\/\/www.istituto-bellieni.it\/sc\/is-be-presenta-il-libro-di-poesie-la-stagionalita-dellesistenza-di-francesca-nieddu\/"]}]},{"@type":"ImageObject","inLanguage":"sc-SC","@id":"https:\/\/www.istituto-bellieni.it\/sc\/is-be-presenta-il-libro-di-poesie-la-stagionalita-dellesistenza-di-francesca-nieddu\/#primaryimage","url":"https:\/\/www.istituto-bellieni.it\/wp-content\/uploads\/2025\/09\/La-stagionalita-dellesistenza-di-Francesca-Nieddu.jpg","contentUrl":"https:\/\/www.istituto-bellieni.it\/wp-content\/uploads\/2025\/09\/La-stagionalita-dellesistenza-di-Francesca-Nieddu.jpg","width":820,"height":360,"caption":"La stagionalit\u00e0 dell\u2019esistenza di Francesca Nieddu"},{"@type":"BreadcrumbList","@id":"https:\/\/www.istituto-bellieni.it\/sc\/is-be-presenta-il-libro-di-poesie-la-stagionalita-dellesistenza-di-francesca-nieddu\/#breadcrumb","itemListElement":[{"@type":"ListItem","position":1,"name":"Home","item":"https:\/\/www.istituto-bellieni.it\/sc\/"},{"@type":"ListItem","position":2,"name":"S\u2019Is.Be. Presentat su libru de poesias &#8220;La stagionalit\u00e0 dell\u2019esistenza&#8221; de Francesca Nieddu"}]},{"@type":"WebSite","@id":"https:\/\/www.istituto-bellieni.it\/#website","url":"https:\/\/www.istituto-bellieni.it\/","name":"Istituto Camillo Bellieni Sassari","description":"Il sito web dell&#039;Istituto di studi e ricerche Camillo Bellieni di Sassari","publisher":{"@id":"https:\/\/www.istituto-bellieni.it\/#organization"},"potentialAction":[{"@type":"SearchAction","target":{"@type":"EntryPoint","urlTemplate":"https:\/\/www.istituto-bellieni.it\/?s={search_term_string}"},"query-input":{"@type":"PropertyValueSpecification","valueRequired":true,"valueName":"search_term_string"}}],"inLanguage":"sc-SC"},{"@type":"Organization","@id":"https:\/\/www.istituto-bellieni.it\/#organization","name":"Istituto di Studi e Ricerce Camillo Bellieni Sassari","url":"https:\/\/www.istituto-bellieni.it\/","logo":{"@type":"ImageObject","inLanguage":"sc-SC","@id":"https:\/\/www.istituto-bellieni.it\/#\/schema\/logo\/image\/","url":"https:\/\/www.istituto-bellieni.it\/wp-content\/uploads\/2022\/02\/logo-vect.svg","contentUrl":"https:\/\/www.istituto-bellieni.it\/wp-content\/uploads\/2022\/02\/logo-vect.svg","width":305.021,"height":176.34,"caption":"Istituto di Studi e Ricerce Camillo Bellieni Sassari"},"image":{"@id":"https:\/\/www.istituto-bellieni.it\/#\/schema\/logo\/image\/"},"sameAs":["https:\/\/www.facebook.com\/IstitutoBellieni"]},{"@type":"Person","@id":"https:\/\/www.istituto-bellieni.it\/#\/schema\/person\/ad5e2af9b2c2e2673c3d93d608b4dc7b","name":"admin","image":{"@type":"ImageObject","inLanguage":"sc-SC","@id":"https:\/\/secure.gravatar.com\/avatar\/6c3757f6686398e5a09f7b3113e4e325728a02ba358a49d250222878791cf4e7?s=96&d=mm&r=g","url":"https:\/\/secure.gravatar.com\/avatar\/6c3757f6686398e5a09f7b3113e4e325728a02ba358a49d250222878791cf4e7?s=96&d=mm&r=g","contentUrl":"https:\/\/secure.gravatar.com\/avatar\/6c3757f6686398e5a09f7b3113e4e325728a02ba358a49d250222878791cf4e7?s=96&d=mm&r=g","caption":"admin"},"sameAs":["https:\/\/www.istituto-bellieni.it\/"],"url":"https:\/\/www.istituto-bellieni.it\/sc\/author\/admin\/"}]}},"_links":{"self":[{"href":"https:\/\/www.istituto-bellieni.it\/sc\/wp-json\/wp\/v2\/posts\/30647","targetHints":{"allow":["GET"]}}],"collection":[{"href":"https:\/\/www.istituto-bellieni.it\/sc\/wp-json\/wp\/v2\/posts"}],"about":[{"href":"https:\/\/www.istituto-bellieni.it\/sc\/wp-json\/wp\/v2\/types\/post"}],"author":[{"embeddable":true,"href":"https:\/\/www.istituto-bellieni.it\/sc\/wp-json\/wp\/v2\/users\/1"}],"replies":[{"embeddable":true,"href":"https:\/\/www.istituto-bellieni.it\/sc\/wp-json\/wp\/v2\/comments?post=30647"}],"version-history":[{"count":8,"href":"https:\/\/www.istituto-bellieni.it\/sc\/wp-json\/wp\/v2\/posts\/30647\/revisions"}],"predecessor-version":[{"id":30658,"href":"https:\/\/www.istituto-bellieni.it\/sc\/wp-json\/wp\/v2\/posts\/30647\/revisions\/30658"}],"wp:featuredmedia":[{"embeddable":true,"href":"https:\/\/www.istituto-bellieni.it\/sc\/wp-json\/wp\/v2\/media\/30645"}],"wp:attachment":[{"href":"https:\/\/www.istituto-bellieni.it\/sc\/wp-json\/wp\/v2\/media?parent=30647"}],"wp:term":[{"taxonomy":"category","embeddable":true,"href":"https:\/\/www.istituto-bellieni.it\/sc\/wp-json\/wp\/v2\/categories?post=30647"},{"taxonomy":"post_tag","embeddable":true,"href":"https:\/\/www.istituto-bellieni.it\/sc\/wp-json\/wp\/v2\/tags?post=30647"}],"curies":[{"name":"wp","href":"https:\/\/api.w.org\/{rel}","templated":true}]}}