{"id":30696,"date":"2025-10-23T15:38:32","date_gmt":"2025-10-23T15:38:32","guid":{"rendered":"https:\/\/www.istituto-bellieni.it\/lischis-ma-no-lischis-resoconto-annuale-2025\/"},"modified":"2025-10-23T16:02:06","modified_gmt":"2025-10-23T16:02:06","slug":"lischis-ma-no-lischis-resoconto-annuale-2025","status":"publish","type":"post","link":"https:\/\/www.istituto-bellieni.it\/sc\/lischis-ma-no-lischis-resoconto-annuale-2025\/","title":{"rendered":"L\u2019Ischis ma no l\u2019Ischis \u2013 Resoconto Annuale 2025"},"content":{"rendered":"\t\t<div data-elementor-type=\"wp-post\" data-elementor-id=\"30696\" class=\"elementor elementor-30696 elementor-30689\" data-elementor-post-type=\"post\">\n\t\t\t\t\t\t<section class=\"elementor-section elementor-top-section elementor-element elementor-element-42758450 elementor-section-boxed elementor-section-height-default elementor-section-height-default\" data-id=\"42758450\" data-element_type=\"section\" data-e-type=\"section\">\n\t\t\t\t\t\t<div class=\"elementor-container elementor-column-gap-default\">\n\t\t\t\t\t<div class=\"elementor-column elementor-col-100 elementor-top-column elementor-element elementor-element-f862549\" data-id=\"f862549\" data-element_type=\"column\" data-e-type=\"column\">\n\t\t\t<div class=\"elementor-widget-wrap elementor-element-populated\">\n\t\t\t\t\t\t<div class=\"elementor-element elementor-element-7a23bef9 elementor-widget elementor-widget-text-editor\" data-id=\"7a23bef9\" data-element_type=\"widget\" data-e-type=\"widget\" data-settings=\"{&quot;ekit_we_effect_on&quot;:&quot;none&quot;}\" data-widget_type=\"text-editor.default\">\n\t\t\t\t<div class=\"elementor-widget-container\">\n\t\t\t\t\t\t\t\t\t<p>S&#8217;acurtziat su momentu prus isetadu de s\u2019annu pro <strong>s\u2019Istitutu Bellieni<\/strong>: L\u2019ischis ma no l\u2019ischis, die dedicada pro intreu a su contu finale de sas atividades de sos Isportellos Lingu\u00ecsticos e de su programma Is. Be. acumpridu ocannu.<\/p><p>Dom\u00ecniga <strong>23 de santandria 2025<\/strong> a sas 10 e mesa de mangianu in s\u2019<strong>Ex Ma<\/strong>, de s\u2019Acad\u00e8mia de sas Bellas Artes \u201cMario Sironi\u201d de T\u00e0tari, nos amus a abbojare pro ammustrare sos progetos giutos in dae antis in totu s&#8217;annu dae s\u2019<strong>Istitutu de Ist\u00f9dios e Chircas Camillo Bellieni <\/strong>de T\u00e0tari, curadu dae sa Presidente sua <strong>Maria Doloretta Lai<\/strong>.<\/p><p><strong>A manera pretzisa:<\/strong><\/p><ul><li>Laborat\u00f2riu de Orefitzeria Sarda. S\u2019Arte de sa Filigrana &#8211; T\u00e0tari <\/li><li>Cursu de Limba e Cultura Sarda Livellu A2 \u2013 T\u00e0tari<\/li><li>Cursu de Limba e Cultura Sarda. F\u00e8minas de pabilu, f\u00e8minas de gabbale \u2013 Gol\u00f2thene <\/li><li>\u201cCinemaieutica\u201d: s\u2019est\u00e8tica e su limb\u00e0giu. Esertz\u00ectzios de filosofia subra pell\u00eccola &#8211; T\u00e0tari <\/li><li>Giovanni Maria Angioy \u2013 Una serada dedicada a s&#8217;ist\u00f2ria e a s\u2019identidade locale &#8211; Sa die de sa Sardigna &#8211; Ossi<\/li><li>Presentatzione de su CD \u201cLe musiche di Antonio Simon Mossa\u201d: Arist\u00e0nis | Casteddu | T\u00e0tari<\/li><li>Ispet\u00e0culu de teatru in tataresu pro pitzinnos &#8211; Sam\u00e0 Lu Mannu e l\u2019Isola di Ed\u00e8a \u2013 Unu bi\u00e0giu totu de v\u00ecvere! &#8211; T\u00e0tari <\/li><li>Presentada de sos libros: sa rivista \u201cSesuja\u201d (n.6, 2023); \u201cQuaderni di Filosofia\u201d (n.5, 2024); \u201cNon piover\u00e0 pi\u00f9\u201d de Giovanni Loriga; Libri Gigi Nieddu; libru de poesias \u201cLa stagionalit\u00e0 dell\u2019esistenza\u201d de Francesca Nieddu; \u201cGherras&#8221; in s\u2019Ist\u00f2ria e in su Libru de Peppe Corongiu; \u2013 <strong>T\u00e0tari | Ossi | Martis<\/strong><\/li><li>Aprofundimentu e realizatzione v\u00ecdeu subra Giovanni Antioco Mura, su pol\u00ecticu, s\u2019\u00f2mine, s\u2019artista &#8211; Bonolvaa<\/li><li>Laborat\u00f2riu de Limba Tataresa \u2013 T\u00e0tari<\/li><li>Book Club Filos\u00f2ficu \u2013 T\u00e0tariBook Club Filosofico \u2013 Sassari<\/li><li>Partetzipatzione a \u201cDomenica di Carta\u201d. Sos arch\u00ecvios de fam\u00eclia e sa mem\u00f2ria de su Sardismu: \u201cL\u2019archivio Bellieni\u201d &#8211; Casteddu <\/li><li>Cunvegnu \u201cL\u2019Arte dei muri a secco\u201d \u2013 Potuvigari<\/li><li>Cunvegnu Camillo Bellieni a 50 annos dae sas morte<\/li><\/ul><p> <\/p><p><strong>Su programma:<\/strong><\/p><p>Cunsigna atestados de sos cursos e de sos laborat\u00f2rios acumpridos in su territ\u00f2riu:<\/p><ul><li>Ossi, Piaghe, Uri, S&#8217;Ulumedu, Biddanoa Monteleone, Putumajore, Bonolva.<br><\/li><li>Laborat\u00f2riu de orefitzeria sarda<\/li><li>Cursu de limba sarda &#8211; T\u00e0tari<\/li><li>Cursu de limba sarda &#8211; Bolotana<\/li><li>Semin\u00e0riu de Filosofia Pr\u00e0tica pro mannos: \u201cCinemaieutica\u201d<\/li><li>Laborat\u00f2riu de limba tataresa<\/li><li>Book Club<\/li><li>Book Club Filos\u00f2ficu<\/li><\/ul><p> <\/p><p><strong>V\u00ecdeu chi contat de sas presentatziones est a n\u00e0rrere eventos:<\/strong><\/p><ul><li>Cd di Antonio Simon Mossa: Oristano | Cagliari | Sassari<\/li><li>S&#8217;ispet\u00e0culu de teatru in tataresu pro pitzinnos &#8220;Sam\u00e0 Lu Mannu e l\u2019Isola di Ed\u00e8a&#8221;<\/li><li>Presentada de libros e collaboratziones cun \u201cOttobre in poesia\u201d e \u201cEthnos Festival Letterario\u201d<\/li><li>Atividades laboratoriales de sos isportellos lingu\u00ecsticos<\/li><li>Atividades in tataresu: su cd de Beppe Dettori \u201cPoni menti a me\u201d cun sos testos de Mario Marras e \u201cI Candelieri\u201d in su \u201cVecchio Mulino\u201d<\/li><\/ul>\t\t\t\t\t\t\t\t<\/div>\n\t\t\t\t<\/div>\n\t\t\t\t<div class=\"elementor-element elementor-element-eee4f21 elementor-widget elementor-widget-spacer\" data-id=\"eee4f21\" data-element_type=\"widget\" data-e-type=\"widget\" data-settings=\"{&quot;ekit_we_effect_on&quot;:&quot;none&quot;}\" data-widget_type=\"spacer.default\">\n\t\t\t\t<div class=\"elementor-widget-container\">\n\t\t\t\t\t\t\t<div class=\"elementor-spacer\">\n\t\t\t<div class=\"elementor-spacer-inner\"><\/div>\n\t\t<\/div>\n\t\t\t\t\t\t<\/div>\n\t\t\t\t<\/div>\n\t\t\t\t\t<\/div>\n\t\t<\/div>\n\t\t\t\t\t<\/div>\n\t\t<\/section>\n\t\t\t\t<\/div>\n\t\t","protected":false},"excerpt":{"rendered":"<p>Domenica 23 novembre 2025 all\u2019Ex Ma di Sassari torna \u201cL\u2019Ischis ma no l\u2019ischis\u201d, la giornata di resoconto delle attivit\u00e0 dell\u2019Istituto Bellieni.<\/p>\n","protected":false},"author":1,"featured_media":30693,"comment_status":"closed","ping_status":"closed","sticky":false,"template":"","format":"standard","meta":{"footnotes":""},"categories":[121],"tags":[],"class_list":["post-30696","post","type-post","status-publish","format-standard","has-post-thumbnail","hentry","category-noas-e-eventos"],"yoast_head":"<!-- This site is optimized with the Yoast SEO plugin v27.4 - https:\/\/yoast.com\/product\/yoast-seo-wordpress\/ -->\n<title>L\u2019Ischis ma no l\u2019Ischis 2025 \u2013 Resoconto annuale dell\u2019Istituto Bellieni di Sassari<\/title>\n<meta name=\"description\" content=\"Domenica 23 novembre 2025 all\u2019Ex Ma di Sassari torna \u201cL\u2019Ischis ma no l\u2019ischis\u201d, la giornata di resoconto delle attivit\u00e0 dell\u2019Istituto Bellieni: corsi di lingua e cultura sarda, laboratori, spettacoli, presentazioni e progetti diffusi in tutta la Sardegna.\" \/>\n<meta name=\"robots\" content=\"index, follow, max-snippet:-1, max-image-preview:large, max-video-preview:-1\" \/>\n<link rel=\"canonical\" href=\"https:\/\/www.istituto-bellieni.it\/sc\/lischis-ma-no-lischis-resoconto-annuale-2025\/\" \/>\n<meta property=\"og:locale\" content=\"en_US\" \/>\n<meta property=\"og:type\" content=\"article\" \/>\n<meta property=\"og:title\" content=\"L\u2019Ischis ma no l\u2019ischis 2025 \u2013 Un anno di lingua, cultura e identit\u00e0 sarda\" \/>\n<meta property=\"og:description\" content=\"Domenica 23 novembre 2025 all\u2019Ex Ma di Sassari torna \u201cL\u2019Ischis ma no l\u2019ischis\u201d, la giornata dedicata al resoconto dei progetti culturali, linguistici e artistici dell\u2019Istituto Bellieni.\" \/>\n<meta property=\"og:url\" content=\"https:\/\/www.istituto-bellieni.it\/sc\/lischis-ma-no-lischis-resoconto-annuale-2025\/\" \/>\n<meta property=\"og:site_name\" content=\"Istituto Camillo Bellieni Sassari\" \/>\n<meta property=\"article:publisher\" content=\"https:\/\/www.facebook.com\/IstitutoBellieni\" \/>\n<meta property=\"article:published_time\" content=\"2025-10-23T15:38:32+00:00\" \/>\n<meta property=\"article:modified_time\" content=\"2025-10-23T16:02:06+00:00\" \/>\n<meta property=\"og:image\" content=\"https:\/\/www.istituto-bellieni.it\/wp-content\/uploads\/2025\/10\/thumb-ischis-2025.jpg\" \/>\n<meta name=\"author\" content=\"admin\" \/>\n<meta name=\"twitter:card\" content=\"summary_large_image\" \/>\n<meta name=\"twitter:label1\" content=\"Written by\" \/>\n\t<meta name=\"twitter:data1\" content=\"admin\" \/>\n\t<meta name=\"twitter:label2\" content=\"Est. reading time\" \/>\n\t<meta name=\"twitter:data2\" content=\"2 minutes\" \/>\n<script type=\"application\/ld+json\" class=\"yoast-schema-graph\">{\"@context\":\"https:\\\/\\\/schema.org\",\"@graph\":[{\"@type\":\"Article\",\"@id\":\"https:\\\/\\\/www.istituto-bellieni.it\\\/sc\\\/lischis-ma-no-lischis-resoconto-annuale-2025\\\/#article\",\"isPartOf\":{\"@id\":\"https:\\\/\\\/www.istituto-bellieni.it\\\/sc\\\/lischis-ma-no-lischis-resoconto-annuale-2025\\\/\"},\"author\":{\"name\":\"admin\",\"@id\":\"https:\\\/\\\/www.istituto-bellieni.it\\\/#\\\/schema\\\/person\\\/ad5e2af9b2c2e2673c3d93d608b4dc7b\"},\"headline\":\"L\u2019Ischis ma no l\u2019Ischis \u2013 Resoconto Annuale 2025\",\"datePublished\":\"2025-10-23T15:38:32+00:00\",\"dateModified\":\"2025-10-23T16:02:06+00:00\",\"mainEntityOfPage\":{\"@id\":\"https:\\\/\\\/www.istituto-bellieni.it\\\/sc\\\/lischis-ma-no-lischis-resoconto-annuale-2025\\\/\"},\"wordCount\":508,\"publisher\":{\"@id\":\"https:\\\/\\\/www.istituto-bellieni.it\\\/#organization\"},\"image\":{\"@id\":\"https:\\\/\\\/www.istituto-bellieni.it\\\/sc\\\/lischis-ma-no-lischis-resoconto-annuale-2025\\\/#primaryimage\"},\"thumbnailUrl\":\"https:\\\/\\\/www.istituto-bellieni.it\\\/wp-content\\\/uploads\\\/2025\\\/10\\\/thumb-ischis-2025.jpg\",\"articleSection\":[\"Noas e Eventos\"],\"inLanguage\":\"sc-SC\"},{\"@type\":\"WebPage\",\"@id\":\"https:\\\/\\\/www.istituto-bellieni.it\\\/sc\\\/lischis-ma-no-lischis-resoconto-annuale-2025\\\/\",\"url\":\"https:\\\/\\\/www.istituto-bellieni.it\\\/sc\\\/lischis-ma-no-lischis-resoconto-annuale-2025\\\/\",\"name\":\"L\u2019Ischis ma no l\u2019Ischis 2025 \u2013 Resoconto annuale dell\u2019Istituto Bellieni di Sassari\",\"isPartOf\":{\"@id\":\"https:\\\/\\\/www.istituto-bellieni.it\\\/#website\"},\"primaryImageOfPage\":{\"@id\":\"https:\\\/\\\/www.istituto-bellieni.it\\\/sc\\\/lischis-ma-no-lischis-resoconto-annuale-2025\\\/#primaryimage\"},\"image\":{\"@id\":\"https:\\\/\\\/www.istituto-bellieni.it\\\/sc\\\/lischis-ma-no-lischis-resoconto-annuale-2025\\\/#primaryimage\"},\"thumbnailUrl\":\"https:\\\/\\\/www.istituto-bellieni.it\\\/wp-content\\\/uploads\\\/2025\\\/10\\\/thumb-ischis-2025.jpg\",\"datePublished\":\"2025-10-23T15:38:32+00:00\",\"dateModified\":\"2025-10-23T16:02:06+00:00\",\"description\":\"Domenica 23 novembre 2025 all\u2019Ex Ma di Sassari torna \u201cL\u2019Ischis ma no l\u2019ischis\u201d, la giornata di resoconto delle attivit\u00e0 dell\u2019Istituto Bellieni: corsi di lingua e cultura sarda, laboratori, spettacoli, presentazioni e progetti diffusi in tutta la Sardegna.\",\"breadcrumb\":{\"@id\":\"https:\\\/\\\/www.istituto-bellieni.it\\\/sc\\\/lischis-ma-no-lischis-resoconto-annuale-2025\\\/#breadcrumb\"},\"inLanguage\":\"sc-SC\",\"potentialAction\":[{\"@type\":\"ReadAction\",\"target\":[\"https:\\\/\\\/www.istituto-bellieni.it\\\/sc\\\/lischis-ma-no-lischis-resoconto-annuale-2025\\\/\"]}]},{\"@type\":\"ImageObject\",\"inLanguage\":\"sc-SC\",\"@id\":\"https:\\\/\\\/www.istituto-bellieni.it\\\/sc\\\/lischis-ma-no-lischis-resoconto-annuale-2025\\\/#primaryimage\",\"url\":\"https:\\\/\\\/www.istituto-bellieni.it\\\/wp-content\\\/uploads\\\/2025\\\/10\\\/thumb-ischis-2025.jpg\",\"contentUrl\":\"https:\\\/\\\/www.istituto-bellieni.it\\\/wp-content\\\/uploads\\\/2025\\\/10\\\/thumb-ischis-2025.jpg\",\"width\":1080,\"height\":556,\"caption\":\"L'Ischis ma no l'Ischis 2025\"},{\"@type\":\"BreadcrumbList\",\"@id\":\"https:\\\/\\\/www.istituto-bellieni.it\\\/sc\\\/lischis-ma-no-lischis-resoconto-annuale-2025\\\/#breadcrumb\",\"itemListElement\":[{\"@type\":\"ListItem\",\"position\":1,\"name\":\"Home\",\"item\":\"https:\\\/\\\/www.istituto-bellieni.it\\\/sc\\\/\"},{\"@type\":\"ListItem\",\"position\":2,\"name\":\"L\u2019Ischis ma no l\u2019Ischis \u2013 Resoconto Annuale 2025\"}]},{\"@type\":\"WebSite\",\"@id\":\"https:\\\/\\\/www.istituto-bellieni.it\\\/#website\",\"url\":\"https:\\\/\\\/www.istituto-bellieni.it\\\/\",\"name\":\"Istituto Camillo Bellieni Sassari\",\"description\":\"Il sito web dell&#039;Istituto di studi e ricerche Camillo Bellieni di Sassari\",\"publisher\":{\"@id\":\"https:\\\/\\\/www.istituto-bellieni.it\\\/#organization\"},\"potentialAction\":[{\"@type\":\"SearchAction\",\"target\":{\"@type\":\"EntryPoint\",\"urlTemplate\":\"https:\\\/\\\/www.istituto-bellieni.it\\\/?s={search_term_string}\"},\"query-input\":{\"@type\":\"PropertyValueSpecification\",\"valueRequired\":true,\"valueName\":\"search_term_string\"}}],\"inLanguage\":\"sc-SC\"},{\"@type\":\"Organization\",\"@id\":\"https:\\\/\\\/www.istituto-bellieni.it\\\/#organization\",\"name\":\"Istituto di Studi e Ricerce Camillo Bellieni Sassari\",\"url\":\"https:\\\/\\\/www.istituto-bellieni.it\\\/\",\"logo\":{\"@type\":\"ImageObject\",\"inLanguage\":\"sc-SC\",\"@id\":\"https:\\\/\\\/www.istituto-bellieni.it\\\/#\\\/schema\\\/logo\\\/image\\\/\",\"url\":\"https:\\\/\\\/www.istituto-bellieni.it\\\/wp-content\\\/uploads\\\/2022\\\/02\\\/logo-vect.svg\",\"contentUrl\":\"https:\\\/\\\/www.istituto-bellieni.it\\\/wp-content\\\/uploads\\\/2022\\\/02\\\/logo-vect.svg\",\"width\":305.021,\"height\":176.34,\"caption\":\"Istituto di Studi e Ricerce Camillo Bellieni Sassari\"},\"image\":{\"@id\":\"https:\\\/\\\/www.istituto-bellieni.it\\\/#\\\/schema\\\/logo\\\/image\\\/\"},\"sameAs\":[\"https:\\\/\\\/www.facebook.com\\\/IstitutoBellieni\"]},{\"@type\":\"Person\",\"@id\":\"https:\\\/\\\/www.istituto-bellieni.it\\\/#\\\/schema\\\/person\\\/ad5e2af9b2c2e2673c3d93d608b4dc7b\",\"name\":\"admin\",\"image\":{\"@type\":\"ImageObject\",\"inLanguage\":\"sc-SC\",\"@id\":\"https:\\\/\\\/secure.gravatar.com\\\/avatar\\\/6c3757f6686398e5a09f7b3113e4e325728a02ba358a49d250222878791cf4e7?s=96&d=mm&r=g\",\"url\":\"https:\\\/\\\/secure.gravatar.com\\\/avatar\\\/6c3757f6686398e5a09f7b3113e4e325728a02ba358a49d250222878791cf4e7?s=96&d=mm&r=g\",\"contentUrl\":\"https:\\\/\\\/secure.gravatar.com\\\/avatar\\\/6c3757f6686398e5a09f7b3113e4e325728a02ba358a49d250222878791cf4e7?s=96&d=mm&r=g\",\"caption\":\"admin\"},\"sameAs\":[\"https:\\\/\\\/www.istituto-bellieni.it\\\/\"],\"url\":\"https:\\\/\\\/www.istituto-bellieni.it\\\/sc\\\/author\\\/admin\\\/\"}]}<\/script>\n<!-- \/ Yoast SEO plugin. -->","yoast_head_json":{"title":"L\u2019Ischis ma no l\u2019Ischis 2025 \u2013 Resoconto annuale dell\u2019Istituto Bellieni di Sassari","description":"Domenica 23 novembre 2025 all\u2019Ex Ma di Sassari torna \u201cL\u2019Ischis ma no l\u2019ischis\u201d, la giornata di resoconto delle attivit\u00e0 dell\u2019Istituto Bellieni: corsi di lingua e cultura sarda, laboratori, spettacoli, presentazioni e progetti diffusi in tutta la Sardegna.","robots":{"index":"index","follow":"follow","max-snippet":"max-snippet:-1","max-image-preview":"max-image-preview:large","max-video-preview":"max-video-preview:-1"},"canonical":"https:\/\/www.istituto-bellieni.it\/sc\/lischis-ma-no-lischis-resoconto-annuale-2025\/","og_locale":"en_US","og_type":"article","og_title":"L\u2019Ischis ma no l\u2019ischis 2025 \u2013 Un anno di lingua, cultura e identit\u00e0 sarda","og_description":"Domenica 23 novembre 2025 all\u2019Ex Ma di Sassari torna \u201cL\u2019Ischis ma no l\u2019ischis\u201d, la giornata dedicata al resoconto dei progetti culturali, linguistici e artistici dell\u2019Istituto Bellieni.","og_url":"https:\/\/www.istituto-bellieni.it\/sc\/lischis-ma-no-lischis-resoconto-annuale-2025\/","og_site_name":"Istituto Camillo Bellieni Sassari","article_publisher":"https:\/\/www.facebook.com\/IstitutoBellieni","article_published_time":"2025-10-23T15:38:32+00:00","article_modified_time":"2025-10-23T16:02:06+00:00","og_image":[{"url":"https:\/\/www.istituto-bellieni.it\/wp-content\/uploads\/2025\/10\/thumb-ischis-2025.jpg","type":"","width":"","height":""}],"author":"admin","twitter_card":"summary_large_image","twitter_misc":{"Written by":"admin","Est. reading time":"2 minutes"},"schema":{"@context":"https:\/\/schema.org","@graph":[{"@type":"Article","@id":"https:\/\/www.istituto-bellieni.it\/sc\/lischis-ma-no-lischis-resoconto-annuale-2025\/#article","isPartOf":{"@id":"https:\/\/www.istituto-bellieni.it\/sc\/lischis-ma-no-lischis-resoconto-annuale-2025\/"},"author":{"name":"admin","@id":"https:\/\/www.istituto-bellieni.it\/#\/schema\/person\/ad5e2af9b2c2e2673c3d93d608b4dc7b"},"headline":"L\u2019Ischis ma no l\u2019Ischis \u2013 Resoconto Annuale 2025","datePublished":"2025-10-23T15:38:32+00:00","dateModified":"2025-10-23T16:02:06+00:00","mainEntityOfPage":{"@id":"https:\/\/www.istituto-bellieni.it\/sc\/lischis-ma-no-lischis-resoconto-annuale-2025\/"},"wordCount":508,"publisher":{"@id":"https:\/\/www.istituto-bellieni.it\/#organization"},"image":{"@id":"https:\/\/www.istituto-bellieni.it\/sc\/lischis-ma-no-lischis-resoconto-annuale-2025\/#primaryimage"},"thumbnailUrl":"https:\/\/www.istituto-bellieni.it\/wp-content\/uploads\/2025\/10\/thumb-ischis-2025.jpg","articleSection":["Noas e Eventos"],"inLanguage":"sc-SC"},{"@type":"WebPage","@id":"https:\/\/www.istituto-bellieni.it\/sc\/lischis-ma-no-lischis-resoconto-annuale-2025\/","url":"https:\/\/www.istituto-bellieni.it\/sc\/lischis-ma-no-lischis-resoconto-annuale-2025\/","name":"L\u2019Ischis ma no l\u2019Ischis 2025 \u2013 Resoconto annuale dell\u2019Istituto Bellieni di Sassari","isPartOf":{"@id":"https:\/\/www.istituto-bellieni.it\/#website"},"primaryImageOfPage":{"@id":"https:\/\/www.istituto-bellieni.it\/sc\/lischis-ma-no-lischis-resoconto-annuale-2025\/#primaryimage"},"image":{"@id":"https:\/\/www.istituto-bellieni.it\/sc\/lischis-ma-no-lischis-resoconto-annuale-2025\/#primaryimage"},"thumbnailUrl":"https:\/\/www.istituto-bellieni.it\/wp-content\/uploads\/2025\/10\/thumb-ischis-2025.jpg","datePublished":"2025-10-23T15:38:32+00:00","dateModified":"2025-10-23T16:02:06+00:00","description":"Domenica 23 novembre 2025 all\u2019Ex Ma di Sassari torna \u201cL\u2019Ischis ma no l\u2019ischis\u201d, la giornata di resoconto delle attivit\u00e0 dell\u2019Istituto Bellieni: corsi di lingua e cultura sarda, laboratori, spettacoli, presentazioni e progetti diffusi in tutta la Sardegna.","breadcrumb":{"@id":"https:\/\/www.istituto-bellieni.it\/sc\/lischis-ma-no-lischis-resoconto-annuale-2025\/#breadcrumb"},"inLanguage":"sc-SC","potentialAction":[{"@type":"ReadAction","target":["https:\/\/www.istituto-bellieni.it\/sc\/lischis-ma-no-lischis-resoconto-annuale-2025\/"]}]},{"@type":"ImageObject","inLanguage":"sc-SC","@id":"https:\/\/www.istituto-bellieni.it\/sc\/lischis-ma-no-lischis-resoconto-annuale-2025\/#primaryimage","url":"https:\/\/www.istituto-bellieni.it\/wp-content\/uploads\/2025\/10\/thumb-ischis-2025.jpg","contentUrl":"https:\/\/www.istituto-bellieni.it\/wp-content\/uploads\/2025\/10\/thumb-ischis-2025.jpg","width":1080,"height":556,"caption":"L'Ischis ma no l'Ischis 2025"},{"@type":"BreadcrumbList","@id":"https:\/\/www.istituto-bellieni.it\/sc\/lischis-ma-no-lischis-resoconto-annuale-2025\/#breadcrumb","itemListElement":[{"@type":"ListItem","position":1,"name":"Home","item":"https:\/\/www.istituto-bellieni.it\/sc\/"},{"@type":"ListItem","position":2,"name":"L\u2019Ischis ma no l\u2019Ischis \u2013 Resoconto Annuale 2025"}]},{"@type":"WebSite","@id":"https:\/\/www.istituto-bellieni.it\/#website","url":"https:\/\/www.istituto-bellieni.it\/","name":"Istituto Camillo Bellieni Sassari","description":"Il sito web dell&#039;Istituto di studi e ricerche Camillo Bellieni di Sassari","publisher":{"@id":"https:\/\/www.istituto-bellieni.it\/#organization"},"potentialAction":[{"@type":"SearchAction","target":{"@type":"EntryPoint","urlTemplate":"https:\/\/www.istituto-bellieni.it\/?s={search_term_string}"},"query-input":{"@type":"PropertyValueSpecification","valueRequired":true,"valueName":"search_term_string"}}],"inLanguage":"sc-SC"},{"@type":"Organization","@id":"https:\/\/www.istituto-bellieni.it\/#organization","name":"Istituto di Studi e Ricerce Camillo Bellieni Sassari","url":"https:\/\/www.istituto-bellieni.it\/","logo":{"@type":"ImageObject","inLanguage":"sc-SC","@id":"https:\/\/www.istituto-bellieni.it\/#\/schema\/logo\/image\/","url":"https:\/\/www.istituto-bellieni.it\/wp-content\/uploads\/2022\/02\/logo-vect.svg","contentUrl":"https:\/\/www.istituto-bellieni.it\/wp-content\/uploads\/2022\/02\/logo-vect.svg","width":305.021,"height":176.34,"caption":"Istituto di Studi e Ricerce Camillo Bellieni Sassari"},"image":{"@id":"https:\/\/www.istituto-bellieni.it\/#\/schema\/logo\/image\/"},"sameAs":["https:\/\/www.facebook.com\/IstitutoBellieni"]},{"@type":"Person","@id":"https:\/\/www.istituto-bellieni.it\/#\/schema\/person\/ad5e2af9b2c2e2673c3d93d608b4dc7b","name":"admin","image":{"@type":"ImageObject","inLanguage":"sc-SC","@id":"https:\/\/secure.gravatar.com\/avatar\/6c3757f6686398e5a09f7b3113e4e325728a02ba358a49d250222878791cf4e7?s=96&d=mm&r=g","url":"https:\/\/secure.gravatar.com\/avatar\/6c3757f6686398e5a09f7b3113e4e325728a02ba358a49d250222878791cf4e7?s=96&d=mm&r=g","contentUrl":"https:\/\/secure.gravatar.com\/avatar\/6c3757f6686398e5a09f7b3113e4e325728a02ba358a49d250222878791cf4e7?s=96&d=mm&r=g","caption":"admin"},"sameAs":["https:\/\/www.istituto-bellieni.it\/"],"url":"https:\/\/www.istituto-bellieni.it\/sc\/author\/admin\/"}]}},"_links":{"self":[{"href":"https:\/\/www.istituto-bellieni.it\/sc\/wp-json\/wp\/v2\/posts\/30696","targetHints":{"allow":["GET"]}}],"collection":[{"href":"https:\/\/www.istituto-bellieni.it\/sc\/wp-json\/wp\/v2\/posts"}],"about":[{"href":"https:\/\/www.istituto-bellieni.it\/sc\/wp-json\/wp\/v2\/types\/post"}],"author":[{"embeddable":true,"href":"https:\/\/www.istituto-bellieni.it\/sc\/wp-json\/wp\/v2\/users\/1"}],"replies":[{"embeddable":true,"href":"https:\/\/www.istituto-bellieni.it\/sc\/wp-json\/wp\/v2\/comments?post=30696"}],"version-history":[{"count":1,"href":"https:\/\/www.istituto-bellieni.it\/sc\/wp-json\/wp\/v2\/posts\/30696\/revisions"}],"predecessor-version":[{"id":30697,"href":"https:\/\/www.istituto-bellieni.it\/sc\/wp-json\/wp\/v2\/posts\/30696\/revisions\/30697"}],"wp:featuredmedia":[{"embeddable":true,"href":"https:\/\/www.istituto-bellieni.it\/sc\/wp-json\/wp\/v2\/media\/30693"}],"wp:attachment":[{"href":"https:\/\/www.istituto-bellieni.it\/sc\/wp-json\/wp\/v2\/media?parent=30696"}],"wp:term":[{"taxonomy":"category","embeddable":true,"href":"https:\/\/www.istituto-bellieni.it\/sc\/wp-json\/wp\/v2\/categories?post=30696"},{"taxonomy":"post_tag","embeddable":true,"href":"https:\/\/www.istituto-bellieni.it\/sc\/wp-json\/wp\/v2\/tags?post=30696"}],"curies":[{"name":"wp","href":"https:\/\/api.w.org\/{rel}","templated":true}]}}