{"id":30715,"date":"2025-11-03T09:44:32","date_gmt":"2025-11-03T09:44:32","guid":{"rendered":"https:\/\/www.istituto-bellieni.it\/cunvegnu-subra-sarte-de-sos-muros-a-sicu\/"},"modified":"2025-11-03T10:33:53","modified_gmt":"2025-11-03T10:33:53","slug":"cunvegnu-subra-sarte-de-sos-muros-a-sicu","status":"publish","type":"post","link":"https:\/\/www.istituto-bellieni.it\/sc\/cunvegnu-subra-sarte-de-sos-muros-a-sicu\/","title":{"rendered":"Cunvegnu subra s&#8217;arte de sos muros a sicu"},"content":{"rendered":"\t\t<div data-elementor-type=\"wp-post\" data-elementor-id=\"30715\" class=\"elementor elementor-30715 elementor-30699\" data-elementor-post-type=\"post\">\n\t\t\t\t\t\t<section class=\"elementor-section elementor-top-section elementor-element elementor-element-42758450 elementor-section-boxed elementor-section-height-default elementor-section-height-default\" data-id=\"42758450\" data-element_type=\"section\" data-e-type=\"section\">\n\t\t\t\t\t\t<div class=\"elementor-container elementor-column-gap-default\">\n\t\t\t\t\t<div class=\"elementor-column elementor-col-100 elementor-top-column elementor-element elementor-element-f862549\" data-id=\"f862549\" data-element_type=\"column\" data-e-type=\"column\">\n\t\t\t<div class=\"elementor-widget-wrap elementor-element-populated\">\n\t\t\t\t\t\t<div class=\"elementor-element elementor-element-218f32f elementor-blockquote--skin-border elementor-widget elementor-widget-blockquote\" data-id=\"218f32f\" data-element_type=\"widget\" data-e-type=\"widget\" data-settings=\"{&quot;ekit_we_effect_on&quot;:&quot;none&quot;}\" data-widget_type=\"blockquote.default\">\n\t\t\t\t<div class=\"elementor-widget-container\">\n\t\t\t\t\t\t\t<blockquote class=\"elementor-blockquote\">\n\t\t\t<p class=\"elementor-blockquote__content\">\n\t\t\t\t\u201c\u2026ordinamus chi dogni persona chi hat a havir vingia, over ortu, illu deppiat cungiari over de muru over de fossu, over de clesura\"\n\t\t\t<\/p>\n\t\t\t\t\t\t\t<div class=\"e-q-footer\">\n\t\t\t\t\t\t\t\t\t\t\t<cite class=\"elementor-blockquote__author\">(Carta de Logu, cap\u00ectulu CXXXIV)<\/cite>\n\t\t\t\t\t\t\t\t\t\t\t\t\t\t<\/div>\n\t\t\t\t\t<\/blockquote>\n\t\t\t\t\t\t<\/div>\n\t\t\t\t<\/div>\n\t\t\t\t<div class=\"elementor-element elementor-element-eee4f21 elementor-widget elementor-widget-spacer\" data-id=\"eee4f21\" data-element_type=\"widget\" data-e-type=\"widget\" data-settings=\"{&quot;ekit_we_effect_on&quot;:&quot;none&quot;}\" data-widget_type=\"spacer.default\">\n\t\t\t\t<div class=\"elementor-widget-container\">\n\t\t\t\t\t\t\t<div class=\"elementor-spacer\">\n\t\t\t<div class=\"elementor-spacer-inner\"><\/div>\n\t\t<\/div>\n\t\t\t\t\t\t<\/div>\n\t\t\t\t<\/div>\n\t\t\t\t<div class=\"elementor-element elementor-element-7a23bef9 elementor-widget elementor-widget-text-editor\" data-id=\"7a23bef9\" data-element_type=\"widget\" data-e-type=\"widget\" data-settings=\"{&quot;ekit_we_effect_on&quot;:&quot;none&quot;}\" data-widget_type=\"text-editor.default\">\n\t\t\t\t<div class=\"elementor-widget-container\">\n\t\t\t\t\t\t\t\t\t<p><strong>S\u2019arte de sos muros a sicu, in Sardigna<\/strong>, at <strong>un&#8217;ist\u00f2ria antiga meda<\/strong>, cun raighinas profundas dae sos tempos de sos Romanos, comente contant iscritores che Palladio Rutilio Tauro Emiliano (in \u201cOpus Agricolturae\u201d, IV sec.) e su ge\u00f2grafu frantzesu Le Lannou; custu \u00f9rtimu, a manera particulare, iscriet chi dae semper sos muros a sicu sunt istados ogetu de cuntrastu tra sos pastores e sos massajos in cuntierras betzas cantu sa n\u00e0schida de su mundu: cussas pro marcare sas l\u00e0canas de su territ\u00f2riu. sos muros a sicu ant duncas rapresentadu su signale de una tziviltade, de un\u2019\u00e8tica de sa comunidade: cussa de ischire v\u00ecvere rispetende sos \u00e0teros. I muri a secco hanno dunque rappresentato il segnale di una civilt\u00e0, di un\u2019etica comunitaria: quella di saper vivere rispettando gli altri.<\/p><p>Inseridu <strong>dae su 2018 in sa lista rapresentativa de su Patrim\u00f2niu culturale immateriale de s\u2019Umanidade UNESCO<\/strong> s\u2019Amministratzione Comunale de <strong>Potuvigari <\/strong>paris a s\u2019<strong>Is.Be<\/strong>, chi aiat realizadu unu dvd document\u00e0riu subra custa arte in su 2010, at detzisu de dedicare un&#8217;abboju pro bos ghiare a s&#8217;iscoberta de custa arte gai arc\u00e0ica e chi incantat, contende\u00b7nde sos mist\u00e8rios, sas t\u00e8cnicas e sas maneras de comente est andada creschende in sus tempus. Posca de sos saludos istitutzionales de sa S\u00ecndiga Antonella Contini e de s\u2019assessora a s&#8217;istrutzione e serv\u00ectzios sotziales Josetta Caddeo ant a animare sa dibata istudiosos chircadores e sa proietzione de su document\u00e0riu realizadu dae <strong><em>Giovanna Ruggiu<\/em><\/strong> cun sa supervisione de sa Presidente Is.Be. <em><strong>Maria Doloretta Lai.<\/strong><\/em><\/p><p>Bos isetamus curiosos <strong>su 9 de Santandria, h 9.30<\/strong>, in su <strong>Tzentru Sotziale de Potuvigari<\/strong>, pro un\u2019initziativa \u00f9nica e formativa, inserida in su programma de sa mustra micol\u00f2gica, a sa cale ant a interv\u00e8nnere:<\/p><ul><li><strong><em>Alessandro Pintus<\/em><\/strong>, Murajolu &#8220;Sos murajolos de oe&#8221;<\/li><li><em><strong>Antonello Nasone<\/strong><\/em>, Diretore iscient\u00ecficu Is.Be.: &#8220;S&#8217;arte antiga de sos muraiolos in sa chirca de Michele Pinna&#8221;<\/li><li><strong><em>Antonio Vincenzo Sotgiu <\/em><\/strong>(Chircadore ISSLA &#8211; Foghiles):\u201cDae sas pinnettas de pedra a s&#8217;iscola mediterr\u00e0nea de sa pedra a sicu\u201d.<\/li><li><strong><em>Daniela Masia Urgu,<\/em><\/strong> Operadora Is.Be.: &#8220;S&#8217;arte, sa t\u00e8cnica, s&#8217;artesania&#8221;. Cumpet\u00e8ntzia de su f\u00e0ghere e valore culturale immateriale<\/li><\/ul><p>Amus a congruire sas atividades cun su <strong>laborat\u00f2riu pr\u00e0ticu creativu<\/strong> pro sos pitzinnos dae sos 6 a sos 11 annos denominadu \u201cManos in pedra\u201d, chi at a incomintzare a sas 11 in sos Giardinos de carrera \u201cMario Delitala\u201d de Potuvigari ghiadu dae carcunu de sos muraiolos prus gi\u00f2vanos de sa bidda.<\/p><p>Si torrat gr\u00e0tzias a sos partetzipantes a sa realizatzione de su v\u00ecdeu e art\u00e8fitzes: <strong><em>Alessandro Pintus<\/em><\/strong>, <strong><strong><em>Luca Tilocca<\/em><\/strong><\/strong>, <strong><em>Massimiliano Doppiu<\/em><\/strong>, <strong><em>Pietro Ninniri<\/em><\/strong>.<\/p><p>Informatziones e cuntato:: <a href=\"mailto:istitutobellieni@gmail.com\">istitutobellieni@gmail.com<\/a><\/p>\t\t\t\t\t\t\t\t<\/div>\n\t\t\t\t<\/div>\n\t\t\t\t<div class=\"elementor-element elementor-element-1f65f1c elementor-widget elementor-widget-spacer\" data-id=\"1f65f1c\" data-element_type=\"widget\" data-e-type=\"widget\" data-settings=\"{&quot;ekit_we_effect_on&quot;:&quot;none&quot;}\" data-widget_type=\"spacer.default\">\n\t\t\t\t<div class=\"elementor-widget-container\">\n\t\t\t\t\t\t\t<div class=\"elementor-spacer\">\n\t\t\t<div class=\"elementor-spacer-inner\"><\/div>\n\t\t<\/div>\n\t\t\t\t\t\t<\/div>\n\t\t\t\t<\/div>\n\t\t\t\t<div class=\"elementor-element elementor-element-6de2cb7 elementor-widget elementor-widget-image\" data-id=\"6de2cb7\" data-element_type=\"widget\" data-e-type=\"widget\" data-settings=\"{&quot;ekit_we_effect_on&quot;:&quot;none&quot;}\" data-widget_type=\"image.default\">\n\t\t\t\t<div class=\"elementor-widget-container\">\n\t\t\t\t\t\t\t\t\t\t\t\t\t\t\t<img fetchpriority=\"high\" decoding=\"async\" width=\"1080\" height=\"1350\" src=\"https:\/\/www.istituto-bellieni.it\/wp-content\/uploads\/2025\/11\/locandina-muraioli.jpg\" class=\"attachment-large size-large wp-image-30702\" alt=\"Convegno muri a secco\" srcset=\"https:\/\/www.istituto-bellieni.it\/wp-content\/uploads\/2025\/11\/locandina-muraioli.jpg 1080w, https:\/\/www.istituto-bellieni.it\/wp-content\/uploads\/2025\/11\/locandina-muraioli-768x960.jpg 768w, https:\/\/www.istituto-bellieni.it\/wp-content\/uploads\/2025\/11\/locandina-muraioli-600x750.jpg 600w\" sizes=\"(max-width: 1080px) 100vw, 1080px\" \/>\t\t\t\t\t\t\t\t\t\t\t\t\t\t\t<\/div>\n\t\t\t\t<\/div>\n\t\t\t\t<div class=\"elementor-element elementor-element-b3a35d0 elementor-widget elementor-widget-spacer\" data-id=\"b3a35d0\" data-element_type=\"widget\" data-e-type=\"widget\" data-settings=\"{&quot;ekit_we_effect_on&quot;:&quot;none&quot;}\" data-widget_type=\"spacer.default\">\n\t\t\t\t<div class=\"elementor-widget-container\">\n\t\t\t\t\t\t\t<div class=\"elementor-spacer\">\n\t\t\t<div class=\"elementor-spacer-inner\"><\/div>\n\t\t<\/div>\n\t\t\t\t\t\t<\/div>\n\t\t\t\t<\/div>\n\t\t\t\t\t<\/div>\n\t\t<\/div>\n\t\t\t\t\t<\/div>\n\t\t<\/section>\n\t\t\t\t<\/div>\n\t\t","protected":false},"excerpt":{"rendered":"<p>Cunvegnu dedicadu a s&#8217;ist\u00f2ria, a sas t\u00e8cnicas e a su valore culturale de sos muros a sicu in Sardigna, patrim\u00f2niu UNESCO. Abboju in Putifigari su 9 de Santandria cun istudiosos, chircadores e laborat\u00f2rios pro pitzinnos.<\/p>\n","protected":false},"author":1,"featured_media":30704,"comment_status":"closed","ping_status":"closed","sticky":false,"template":"","format":"standard","meta":{"footnotes":""},"categories":[121],"tags":[],"class_list":["post-30715","post","type-post","status-publish","format-standard","has-post-thumbnail","hentry","category-noas-e-eventos"],"yoast_head":"<!-- This site is optimized with the Yoast SEO plugin v27.4 - https:\/\/yoast.com\/product\/yoast-seo-wordpress\/ -->\n<title>Convegno sull\u2019Arte dei Muri a Secco in Sardegna \u2013 Putifigari 9 Novembre<\/title>\n<meta name=\"description\" content=\"Cunvegnu dedicadu a s&#039;ist\u00f2ria, a sas t\u00e8cnicas e a su valore culturale de sos muros a sicu in Sardigna, patrim\u00f2niu UNESCO. Abboju in Putifigari su 9 de Santandria cun istudiosos, chircadores e laborat\u00f2rios pro pitzinnos.\" \/>\n<meta name=\"robots\" content=\"index, follow, max-snippet:-1, max-image-preview:large, max-video-preview:-1\" \/>\n<link rel=\"canonical\" href=\"https:\/\/www.istituto-bellieni.it\/sc\/cunvegnu-subra-sarte-de-sos-muros-a-sicu\/\" \/>\n<meta property=\"og:locale\" content=\"en_US\" \/>\n<meta property=\"og:type\" content=\"article\" \/>\n<meta property=\"og:title\" content=\"Convegno sull\u2019Arte dei Muri a Secco in Sardegna \u2013 Putifigari 9 Novembre\" \/>\n<meta property=\"og:description\" content=\"Cunvegnu dedicadu a s&#039;ist\u00f2ria, a sas t\u00e8cnicas e a su valore culturale de sos muros a sicu in Sardigna, patrim\u00f2niu UNESCO. Abboju in Putifigari su 9 de Santandria cun istudiosos, chircadores e laborat\u00f2rios pro pitzinnos.\" \/>\n<meta property=\"og:url\" content=\"https:\/\/www.istituto-bellieni.it\/sc\/cunvegnu-subra-sarte-de-sos-muros-a-sicu\/\" \/>\n<meta property=\"og:site_name\" content=\"Istituto Camillo Bellieni Sassari\" \/>\n<meta property=\"article:publisher\" content=\"https:\/\/www.facebook.com\/IstitutoBellieni\" \/>\n<meta property=\"article:published_time\" content=\"2025-11-03T09:44:32+00:00\" \/>\n<meta property=\"article:modified_time\" content=\"2025-11-03T10:33:53+00:00\" \/>\n<meta property=\"og:image\" content=\"https:\/\/www.istituto-bellieni.it\/wp-content\/uploads\/2025\/11\/cover-muri-a-secco.jpg\" \/>\n<meta name=\"author\" content=\"admin\" \/>\n<meta name=\"twitter:card\" content=\"summary_large_image\" \/>\n<meta name=\"twitter:label1\" content=\"Written by\" \/>\n\t<meta name=\"twitter:data1\" content=\"admin\" \/>\n\t<meta name=\"twitter:label2\" content=\"Est. reading time\" \/>\n\t<meta name=\"twitter:data2\" content=\"2 minutes\" \/>\n<script type=\"application\/ld+json\" class=\"yoast-schema-graph\">{\"@context\":\"https:\\\/\\\/schema.org\",\"@graph\":[{\"@type\":\"Article\",\"@id\":\"https:\\\/\\\/www.istituto-bellieni.it\\\/sc\\\/cunvegnu-subra-sarte-de-sos-muros-a-sicu\\\/#article\",\"isPartOf\":{\"@id\":\"https:\\\/\\\/www.istituto-bellieni.it\\\/sc\\\/cunvegnu-subra-sarte-de-sos-muros-a-sicu\\\/\"},\"author\":{\"name\":\"admin\",\"@id\":\"https:\\\/\\\/www.istituto-bellieni.it\\\/#\\\/schema\\\/person\\\/ad5e2af9b2c2e2673c3d93d608b4dc7b\"},\"headline\":\"Cunvegnu subra s&#8217;arte de sos muros a sicu\",\"datePublished\":\"2025-11-03T09:44:32+00:00\",\"dateModified\":\"2025-11-03T10:33:53+00:00\",\"mainEntityOfPage\":{\"@id\":\"https:\\\/\\\/www.istituto-bellieni.it\\\/sc\\\/cunvegnu-subra-sarte-de-sos-muros-a-sicu\\\/\"},\"wordCount\":495,\"publisher\":{\"@id\":\"https:\\\/\\\/www.istituto-bellieni.it\\\/#organization\"},\"image\":{\"@id\":\"https:\\\/\\\/www.istituto-bellieni.it\\\/sc\\\/cunvegnu-subra-sarte-de-sos-muros-a-sicu\\\/#primaryimage\"},\"thumbnailUrl\":\"https:\\\/\\\/www.istituto-bellieni.it\\\/wp-content\\\/uploads\\\/2025\\\/11\\\/cover-muri-a-secco.jpg\",\"articleSection\":[\"Noas e Eventos\"],\"inLanguage\":\"sc-SC\"},{\"@type\":\"WebPage\",\"@id\":\"https:\\\/\\\/www.istituto-bellieni.it\\\/sc\\\/cunvegnu-subra-sarte-de-sos-muros-a-sicu\\\/\",\"url\":\"https:\\\/\\\/www.istituto-bellieni.it\\\/sc\\\/cunvegnu-subra-sarte-de-sos-muros-a-sicu\\\/\",\"name\":\"Convegno sull\u2019Arte dei Muri a Secco in Sardegna \u2013 Putifigari 9 Novembre\",\"isPartOf\":{\"@id\":\"https:\\\/\\\/www.istituto-bellieni.it\\\/#website\"},\"primaryImageOfPage\":{\"@id\":\"https:\\\/\\\/www.istituto-bellieni.it\\\/sc\\\/cunvegnu-subra-sarte-de-sos-muros-a-sicu\\\/#primaryimage\"},\"image\":{\"@id\":\"https:\\\/\\\/www.istituto-bellieni.it\\\/sc\\\/cunvegnu-subra-sarte-de-sos-muros-a-sicu\\\/#primaryimage\"},\"thumbnailUrl\":\"https:\\\/\\\/www.istituto-bellieni.it\\\/wp-content\\\/uploads\\\/2025\\\/11\\\/cover-muri-a-secco.jpg\",\"datePublished\":\"2025-11-03T09:44:32+00:00\",\"dateModified\":\"2025-11-03T10:33:53+00:00\",\"description\":\"Cunvegnu dedicadu a s'ist\u00f2ria, a sas t\u00e8cnicas e a su valore culturale de sos muros a sicu in Sardigna, patrim\u00f2niu UNESCO. Abboju in Putifigari su 9 de Santandria cun istudiosos, chircadores e laborat\u00f2rios pro pitzinnos.\",\"breadcrumb\":{\"@id\":\"https:\\\/\\\/www.istituto-bellieni.it\\\/sc\\\/cunvegnu-subra-sarte-de-sos-muros-a-sicu\\\/#breadcrumb\"},\"inLanguage\":\"sc-SC\",\"potentialAction\":[{\"@type\":\"ReadAction\",\"target\":[\"https:\\\/\\\/www.istituto-bellieni.it\\\/sc\\\/cunvegnu-subra-sarte-de-sos-muros-a-sicu\\\/\"]}]},{\"@type\":\"ImageObject\",\"inLanguage\":\"sc-SC\",\"@id\":\"https:\\\/\\\/www.istituto-bellieni.it\\\/sc\\\/cunvegnu-subra-sarte-de-sos-muros-a-sicu\\\/#primaryimage\",\"url\":\"https:\\\/\\\/www.istituto-bellieni.it\\\/wp-content\\\/uploads\\\/2025\\\/11\\\/cover-muri-a-secco.jpg\",\"contentUrl\":\"https:\\\/\\\/www.istituto-bellieni.it\\\/wp-content\\\/uploads\\\/2025\\\/11\\\/cover-muri-a-secco.jpg\",\"width\":820,\"height\":360,\"caption\":\"Convegno muri a secco\"},{\"@type\":\"BreadcrumbList\",\"@id\":\"https:\\\/\\\/www.istituto-bellieni.it\\\/sc\\\/cunvegnu-subra-sarte-de-sos-muros-a-sicu\\\/#breadcrumb\",\"itemListElement\":[{\"@type\":\"ListItem\",\"position\":1,\"name\":\"Home\",\"item\":\"https:\\\/\\\/www.istituto-bellieni.it\\\/sc\\\/\"},{\"@type\":\"ListItem\",\"position\":2,\"name\":\"Cunvegnu subra s&#8217;arte de sos muros a sicu\"}]},{\"@type\":\"WebSite\",\"@id\":\"https:\\\/\\\/www.istituto-bellieni.it\\\/#website\",\"url\":\"https:\\\/\\\/www.istituto-bellieni.it\\\/\",\"name\":\"Istituto Camillo Bellieni Sassari\",\"description\":\"Il sito web dell&#039;Istituto di studi e ricerche Camillo Bellieni di Sassari\",\"publisher\":{\"@id\":\"https:\\\/\\\/www.istituto-bellieni.it\\\/#organization\"},\"potentialAction\":[{\"@type\":\"SearchAction\",\"target\":{\"@type\":\"EntryPoint\",\"urlTemplate\":\"https:\\\/\\\/www.istituto-bellieni.it\\\/?s={search_term_string}\"},\"query-input\":{\"@type\":\"PropertyValueSpecification\",\"valueRequired\":true,\"valueName\":\"search_term_string\"}}],\"inLanguage\":\"sc-SC\"},{\"@type\":\"Organization\",\"@id\":\"https:\\\/\\\/www.istituto-bellieni.it\\\/#organization\",\"name\":\"Istituto di Studi e Ricerce Camillo Bellieni Sassari\",\"url\":\"https:\\\/\\\/www.istituto-bellieni.it\\\/\",\"logo\":{\"@type\":\"ImageObject\",\"inLanguage\":\"sc-SC\",\"@id\":\"https:\\\/\\\/www.istituto-bellieni.it\\\/#\\\/schema\\\/logo\\\/image\\\/\",\"url\":\"https:\\\/\\\/www.istituto-bellieni.it\\\/wp-content\\\/uploads\\\/2022\\\/02\\\/logo-vect.svg\",\"contentUrl\":\"https:\\\/\\\/www.istituto-bellieni.it\\\/wp-content\\\/uploads\\\/2022\\\/02\\\/logo-vect.svg\",\"width\":305.021,\"height\":176.34,\"caption\":\"Istituto di Studi e Ricerce Camillo Bellieni Sassari\"},\"image\":{\"@id\":\"https:\\\/\\\/www.istituto-bellieni.it\\\/#\\\/schema\\\/logo\\\/image\\\/\"},\"sameAs\":[\"https:\\\/\\\/www.facebook.com\\\/IstitutoBellieni\"]},{\"@type\":\"Person\",\"@id\":\"https:\\\/\\\/www.istituto-bellieni.it\\\/#\\\/schema\\\/person\\\/ad5e2af9b2c2e2673c3d93d608b4dc7b\",\"name\":\"admin\",\"image\":{\"@type\":\"ImageObject\",\"inLanguage\":\"sc-SC\",\"@id\":\"https:\\\/\\\/secure.gravatar.com\\\/avatar\\\/6c3757f6686398e5a09f7b3113e4e325728a02ba358a49d250222878791cf4e7?s=96&d=mm&r=g\",\"url\":\"https:\\\/\\\/secure.gravatar.com\\\/avatar\\\/6c3757f6686398e5a09f7b3113e4e325728a02ba358a49d250222878791cf4e7?s=96&d=mm&r=g\",\"contentUrl\":\"https:\\\/\\\/secure.gravatar.com\\\/avatar\\\/6c3757f6686398e5a09f7b3113e4e325728a02ba358a49d250222878791cf4e7?s=96&d=mm&r=g\",\"caption\":\"admin\"},\"sameAs\":[\"https:\\\/\\\/www.istituto-bellieni.it\\\/\"],\"url\":\"https:\\\/\\\/www.istituto-bellieni.it\\\/sc\\\/author\\\/admin\\\/\"}]}<\/script>\n<!-- \/ Yoast SEO plugin. -->","yoast_head_json":{"title":"Convegno sull\u2019Arte dei Muri a Secco in Sardegna \u2013 Putifigari 9 Novembre","description":"Cunvegnu dedicadu a s'ist\u00f2ria, a sas t\u00e8cnicas e a su valore culturale de sos muros a sicu in Sardigna, patrim\u00f2niu UNESCO. Abboju in Putifigari su 9 de Santandria cun istudiosos, chircadores e laborat\u00f2rios pro pitzinnos.","robots":{"index":"index","follow":"follow","max-snippet":"max-snippet:-1","max-image-preview":"max-image-preview:large","max-video-preview":"max-video-preview:-1"},"canonical":"https:\/\/www.istituto-bellieni.it\/sc\/cunvegnu-subra-sarte-de-sos-muros-a-sicu\/","og_locale":"en_US","og_type":"article","og_title":"Convegno sull\u2019Arte dei Muri a Secco in Sardegna \u2013 Putifigari 9 Novembre","og_description":"Cunvegnu dedicadu a s'ist\u00f2ria, a sas t\u00e8cnicas e a su valore culturale de sos muros a sicu in Sardigna, patrim\u00f2niu UNESCO. Abboju in Putifigari su 9 de Santandria cun istudiosos, chircadores e laborat\u00f2rios pro pitzinnos.","og_url":"https:\/\/www.istituto-bellieni.it\/sc\/cunvegnu-subra-sarte-de-sos-muros-a-sicu\/","og_site_name":"Istituto Camillo Bellieni Sassari","article_publisher":"https:\/\/www.facebook.com\/IstitutoBellieni","article_published_time":"2025-11-03T09:44:32+00:00","article_modified_time":"2025-11-03T10:33:53+00:00","og_image":[{"url":"https:\/\/www.istituto-bellieni.it\/wp-content\/uploads\/2025\/11\/cover-muri-a-secco.jpg","type":"","width":"","height":""}],"author":"admin","twitter_card":"summary_large_image","twitter_misc":{"Written by":"admin","Est. reading time":"2 minutes"},"schema":{"@context":"https:\/\/schema.org","@graph":[{"@type":"Article","@id":"https:\/\/www.istituto-bellieni.it\/sc\/cunvegnu-subra-sarte-de-sos-muros-a-sicu\/#article","isPartOf":{"@id":"https:\/\/www.istituto-bellieni.it\/sc\/cunvegnu-subra-sarte-de-sos-muros-a-sicu\/"},"author":{"name":"admin","@id":"https:\/\/www.istituto-bellieni.it\/#\/schema\/person\/ad5e2af9b2c2e2673c3d93d608b4dc7b"},"headline":"Cunvegnu subra s&#8217;arte de sos muros a sicu","datePublished":"2025-11-03T09:44:32+00:00","dateModified":"2025-11-03T10:33:53+00:00","mainEntityOfPage":{"@id":"https:\/\/www.istituto-bellieni.it\/sc\/cunvegnu-subra-sarte-de-sos-muros-a-sicu\/"},"wordCount":495,"publisher":{"@id":"https:\/\/www.istituto-bellieni.it\/#organization"},"image":{"@id":"https:\/\/www.istituto-bellieni.it\/sc\/cunvegnu-subra-sarte-de-sos-muros-a-sicu\/#primaryimage"},"thumbnailUrl":"https:\/\/www.istituto-bellieni.it\/wp-content\/uploads\/2025\/11\/cover-muri-a-secco.jpg","articleSection":["Noas e Eventos"],"inLanguage":"sc-SC"},{"@type":"WebPage","@id":"https:\/\/www.istituto-bellieni.it\/sc\/cunvegnu-subra-sarte-de-sos-muros-a-sicu\/","url":"https:\/\/www.istituto-bellieni.it\/sc\/cunvegnu-subra-sarte-de-sos-muros-a-sicu\/","name":"Convegno sull\u2019Arte dei Muri a Secco in Sardegna \u2013 Putifigari 9 Novembre","isPartOf":{"@id":"https:\/\/www.istituto-bellieni.it\/#website"},"primaryImageOfPage":{"@id":"https:\/\/www.istituto-bellieni.it\/sc\/cunvegnu-subra-sarte-de-sos-muros-a-sicu\/#primaryimage"},"image":{"@id":"https:\/\/www.istituto-bellieni.it\/sc\/cunvegnu-subra-sarte-de-sos-muros-a-sicu\/#primaryimage"},"thumbnailUrl":"https:\/\/www.istituto-bellieni.it\/wp-content\/uploads\/2025\/11\/cover-muri-a-secco.jpg","datePublished":"2025-11-03T09:44:32+00:00","dateModified":"2025-11-03T10:33:53+00:00","description":"Cunvegnu dedicadu a s'ist\u00f2ria, a sas t\u00e8cnicas e a su valore culturale de sos muros a sicu in Sardigna, patrim\u00f2niu UNESCO. Abboju in Putifigari su 9 de Santandria cun istudiosos, chircadores e laborat\u00f2rios pro pitzinnos.","breadcrumb":{"@id":"https:\/\/www.istituto-bellieni.it\/sc\/cunvegnu-subra-sarte-de-sos-muros-a-sicu\/#breadcrumb"},"inLanguage":"sc-SC","potentialAction":[{"@type":"ReadAction","target":["https:\/\/www.istituto-bellieni.it\/sc\/cunvegnu-subra-sarte-de-sos-muros-a-sicu\/"]}]},{"@type":"ImageObject","inLanguage":"sc-SC","@id":"https:\/\/www.istituto-bellieni.it\/sc\/cunvegnu-subra-sarte-de-sos-muros-a-sicu\/#primaryimage","url":"https:\/\/www.istituto-bellieni.it\/wp-content\/uploads\/2025\/11\/cover-muri-a-secco.jpg","contentUrl":"https:\/\/www.istituto-bellieni.it\/wp-content\/uploads\/2025\/11\/cover-muri-a-secco.jpg","width":820,"height":360,"caption":"Convegno muri a secco"},{"@type":"BreadcrumbList","@id":"https:\/\/www.istituto-bellieni.it\/sc\/cunvegnu-subra-sarte-de-sos-muros-a-sicu\/#breadcrumb","itemListElement":[{"@type":"ListItem","position":1,"name":"Home","item":"https:\/\/www.istituto-bellieni.it\/sc\/"},{"@type":"ListItem","position":2,"name":"Cunvegnu subra s&#8217;arte de sos muros a sicu"}]},{"@type":"WebSite","@id":"https:\/\/www.istituto-bellieni.it\/#website","url":"https:\/\/www.istituto-bellieni.it\/","name":"Istituto Camillo Bellieni Sassari","description":"Il sito web dell&#039;Istituto di studi e ricerche Camillo Bellieni di Sassari","publisher":{"@id":"https:\/\/www.istituto-bellieni.it\/#organization"},"potentialAction":[{"@type":"SearchAction","target":{"@type":"EntryPoint","urlTemplate":"https:\/\/www.istituto-bellieni.it\/?s={search_term_string}"},"query-input":{"@type":"PropertyValueSpecification","valueRequired":true,"valueName":"search_term_string"}}],"inLanguage":"sc-SC"},{"@type":"Organization","@id":"https:\/\/www.istituto-bellieni.it\/#organization","name":"Istituto di Studi e Ricerce Camillo Bellieni Sassari","url":"https:\/\/www.istituto-bellieni.it\/","logo":{"@type":"ImageObject","inLanguage":"sc-SC","@id":"https:\/\/www.istituto-bellieni.it\/#\/schema\/logo\/image\/","url":"https:\/\/www.istituto-bellieni.it\/wp-content\/uploads\/2022\/02\/logo-vect.svg","contentUrl":"https:\/\/www.istituto-bellieni.it\/wp-content\/uploads\/2022\/02\/logo-vect.svg","width":305.021,"height":176.34,"caption":"Istituto di Studi e Ricerce Camillo Bellieni Sassari"},"image":{"@id":"https:\/\/www.istituto-bellieni.it\/#\/schema\/logo\/image\/"},"sameAs":["https:\/\/www.facebook.com\/IstitutoBellieni"]},{"@type":"Person","@id":"https:\/\/www.istituto-bellieni.it\/#\/schema\/person\/ad5e2af9b2c2e2673c3d93d608b4dc7b","name":"admin","image":{"@type":"ImageObject","inLanguage":"sc-SC","@id":"https:\/\/secure.gravatar.com\/avatar\/6c3757f6686398e5a09f7b3113e4e325728a02ba358a49d250222878791cf4e7?s=96&d=mm&r=g","url":"https:\/\/secure.gravatar.com\/avatar\/6c3757f6686398e5a09f7b3113e4e325728a02ba358a49d250222878791cf4e7?s=96&d=mm&r=g","contentUrl":"https:\/\/secure.gravatar.com\/avatar\/6c3757f6686398e5a09f7b3113e4e325728a02ba358a49d250222878791cf4e7?s=96&d=mm&r=g","caption":"admin"},"sameAs":["https:\/\/www.istituto-bellieni.it\/"],"url":"https:\/\/www.istituto-bellieni.it\/sc\/author\/admin\/"}]}},"_links":{"self":[{"href":"https:\/\/www.istituto-bellieni.it\/sc\/wp-json\/wp\/v2\/posts\/30715","targetHints":{"allow":["GET"]}}],"collection":[{"href":"https:\/\/www.istituto-bellieni.it\/sc\/wp-json\/wp\/v2\/posts"}],"about":[{"href":"https:\/\/www.istituto-bellieni.it\/sc\/wp-json\/wp\/v2\/types\/post"}],"author":[{"embeddable":true,"href":"https:\/\/www.istituto-bellieni.it\/sc\/wp-json\/wp\/v2\/users\/1"}],"replies":[{"embeddable":true,"href":"https:\/\/www.istituto-bellieni.it\/sc\/wp-json\/wp\/v2\/comments?post=30715"}],"version-history":[{"count":3,"href":"https:\/\/www.istituto-bellieni.it\/sc\/wp-json\/wp\/v2\/posts\/30715\/revisions"}],"predecessor-version":[{"id":30718,"href":"https:\/\/www.istituto-bellieni.it\/sc\/wp-json\/wp\/v2\/posts\/30715\/revisions\/30718"}],"wp:featuredmedia":[{"embeddable":true,"href":"https:\/\/www.istituto-bellieni.it\/sc\/wp-json\/wp\/v2\/media\/30704"}],"wp:attachment":[{"href":"https:\/\/www.istituto-bellieni.it\/sc\/wp-json\/wp\/v2\/media?parent=30715"}],"wp:term":[{"taxonomy":"category","embeddable":true,"href":"https:\/\/www.istituto-bellieni.it\/sc\/wp-json\/wp\/v2\/categories?post=30715"},{"taxonomy":"post_tag","embeddable":true,"href":"https:\/\/www.istituto-bellieni.it\/sc\/wp-json\/wp\/v2\/tags?post=30715"}],"curies":[{"name":"wp","href":"https:\/\/api.w.org\/{rel}","templated":true}]}}