{"id":30738,"date":"2025-11-07T11:58:45","date_gmt":"2025-11-07T11:58:45","guid":{"rendered":"https:\/\/www.istituto-bellieni.it\/martis-in-poesia-2025-viii-edizione\/"},"modified":"2025-11-07T12:21:56","modified_gmt":"2025-11-07T12:21:56","slug":"martis-in-poesia-2025-sa-de-viii-editziones","status":"publish","type":"post","link":"https:\/\/www.istituto-bellieni.it\/sc\/martis-in-poesia-2025-sa-de-viii-editziones\/","title":{"rendered":"Martis in Poesia 2025 \u2013 Sa de VIII Editziones"},"content":{"rendered":"\t\t<div data-elementor-type=\"wp-post\" data-elementor-id=\"30738\" class=\"elementor elementor-30738 elementor-30722\" data-elementor-post-type=\"post\">\n\t\t\t\t\t\t<section class=\"elementor-section elementor-top-section elementor-element elementor-element-42758450 elementor-section-boxed elementor-section-height-default elementor-section-height-default\" data-id=\"42758450\" data-element_type=\"section\" data-e-type=\"section\">\n\t\t\t\t\t\t<div class=\"elementor-container elementor-column-gap-default\">\n\t\t\t\t\t<div class=\"elementor-column elementor-col-100 elementor-top-column elementor-element elementor-element-f862549\" data-id=\"f862549\" data-element_type=\"column\" data-e-type=\"column\">\n\t\t\t<div class=\"elementor-widget-wrap elementor-element-populated\">\n\t\t\t\t\t\t<div class=\"elementor-element elementor-element-7a23bef9 elementor-widget elementor-widget-text-editor\" data-id=\"7a23bef9\" data-element_type=\"widget\" data-e-type=\"widget\" data-settings=\"{&quot;ekit_we_effect_on&quot;:&quot;none&quot;}\" data-widget_type=\"text-editor.default\">\n\t\t\t\t<div class=\"elementor-widget-container\">\n\t\t\t\t\t\t\t\t\t<p>Su\u00a0<strong>15 de Santandria 2025<\/strong>, Martis at a istrangiare sa de <strong>VIII editziones de \u201cMartis in Poesia\u201d<\/strong>, manifestatzione prom\u00f2vida in su cuntestu de su\u00a0<strong>F\u00e8stival Liter\u00e0riu Ethnos,<\/strong>\u00a0paris a s\u2019ass\u00f2tziu \u00c8lighe, organizadore de su F\u00e8stival, e s\u2019<strong>Istitutu Camillo Bellieni<\/strong>, cun su patrotz\u00ecniu e contributu de su <strong>Comune de Martis.<\/strong><\/p><p>S\u2019abboju at a \u00e8ssere in su\u00a0<strong>Museu Paleobot\u00e0nicu de Martis,<\/strong> in Cursu Umberto I n. 12,\u00a0dae sas 5 e mesa de sero, e at a \u00e8ssere dedicadu a su tema de sa <strong>gherra<\/strong>, chi\u00a0 essit a campu in formas medas: <strong>tra p\u00f2pulos, tra indiv\u00ecduos, comente lota interiore.<\/strong><\/p><p>Sos interventos de sa serada ant a \u00e8ssere curados dae <strong>Daniela Masia Urgu<\/strong> e <strong>Lucia Sechi<\/strong> &#8211; \u00a0operadoras Is.Be \u2013 chi ant a aprofundire su tema de sos conflitos chi nde essint a pizu pro sa valorizatzione de sas limbas, e <strong>Immacolata Salis <\/strong>&#8211; operadora Is.Be \u2013 chi at a presentare s\u2019\u00f9rtimu libru de s\u2019intelletuale, iscritore e ativista de sa Limba Sarda <strong>Giuseppe Corongiu:<\/strong> <strong>\u201cGherras\u201d, <\/strong>regorta de contos chi isforrojant in sas intragnas de sa <u>cunditzione<\/u> umana, intritzende sas cuntierras \u2013 cussas de sas gherras de a tesu, cussas \u00ecntimas de sos sil\u00e8ntzios familiares, cussas de ogni die in su tzilleri\u2013 cun un\u2019istrumentu, sa Limba Sarda, chi est isse e totu cuntierra.<\/p><h4><br \/><strong>Programma de sos interventos<\/strong><\/h4><ul><li>\u201c<em>Gherras e limbas. Meledos, cantos de ispera e promotzione de fainas de bonu cumprou<\/em>\u201d, a cura de s&#8217;Is.Be, cun <strong>Daniela Masia Urgu<\/strong> e <strong>Lucia Sechi<\/strong><\/li><li>Presentada de su libru &#8220;<em>Gherras<\/em>&#8221; de Giuseppe Corongiu a incuru de <strong>Immacolata Salis <\/strong>operadora Is. Be.<\/li><\/ul><p>Bos isetamus pro bos aunire a s\u2019abbboju nostru, chi at a segugiare sa riflessione, cunfrontu cun sas tim\u00f2rias pr\u00f2pias e preguntas subra s\u2019identidade, sarda e universale. S\u2019eventu naschet a intro de su <strong>F\u00e8stival Liter\u00e0riu Ethnos<\/strong>, comente atu de resist\u00e8ntzia culturale chi si faghet literadura.<br \/><br \/><\/p><h4><strong>Info eventu:<\/strong><\/h4><p><strong>Martis in Poesia<\/strong>: a sas 5 e mesa de sero, Museu Paleobot\u00e0nicu de Martis<\/p><h4><br \/><strong>Pro nde ischire de prus:<\/strong><\/h4><p><a href=\"mailto:istitutobellieni@gmail.com\"><strong>istitutobellieni@gmail.com<\/strong><\/a><br \/>079 230268 lun. \u2013 m\u00e8r. \u2013 chen. h 10.00 &#8211; 13.00<\/p>\t\t\t\t\t\t\t\t<\/div>\n\t\t\t\t<\/div>\n\t\t\t\t<div class=\"elementor-element elementor-element-eee4f21 elementor-widget elementor-widget-spacer\" data-id=\"eee4f21\" data-element_type=\"widget\" data-e-type=\"widget\" data-settings=\"{&quot;ekit_we_effect_on&quot;:&quot;none&quot;}\" data-widget_type=\"spacer.default\">\n\t\t\t\t<div class=\"elementor-widget-container\">\n\t\t\t\t\t\t\t<div class=\"elementor-spacer\">\n\t\t\t<div class=\"elementor-spacer-inner\"><\/div>\n\t\t<\/div>\n\t\t\t\t\t\t<\/div>\n\t\t\t\t<\/div>\n\t\t\t\t<div class=\"elementor-element elementor-element-466aa0c elementor-widget elementor-widget-image\" data-id=\"466aa0c\" data-element_type=\"widget\" data-e-type=\"widget\" data-settings=\"{&quot;ekit_we_effect_on&quot;:&quot;none&quot;}\" data-widget_type=\"image.default\">\n\t\t\t\t<div class=\"elementor-widget-container\">\n\t\t\t\t\t\t\t\t\t\t\t\t\t\t\t<img fetchpriority=\"high\" decoding=\"async\" width=\"1080\" height=\"1350\" src=\"https:\/\/www.istituto-bellieni.it\/wp-content\/uploads\/2025\/11\/loca_MIP_2025.jpg\" class=\"attachment-large size-large wp-image-30731\" alt=\"Martis in Poesia 2025\" srcset=\"https:\/\/www.istituto-bellieni.it\/wp-content\/uploads\/2025\/11\/loca_MIP_2025.jpg 1080w, https:\/\/www.istituto-bellieni.it\/wp-content\/uploads\/2025\/11\/loca_MIP_2025-768x960.jpg 768w, https:\/\/www.istituto-bellieni.it\/wp-content\/uploads\/2025\/11\/loca_MIP_2025-600x750.jpg 600w\" sizes=\"(max-width: 1080px) 100vw, 1080px\" \/>\t\t\t\t\t\t\t\t\t\t\t\t\t\t\t<\/div>\n\t\t\t\t<\/div>\n\t\t\t\t\t<\/div>\n\t\t<\/div>\n\t\t\t\t\t<\/div>\n\t\t<\/section>\n\t\t\t\t<\/div>\n\t\t","protected":false},"excerpt":{"rendered":"<p>Il 15 novembre 2025 Martis ospita l\u2019VIII edizione di \u201cMartis in Poesia\u201d, evento del Festival Letterario Ethnos dedicato al tema della guerra, tra popoli, individui e interiorit\u00e0, con interventi e presentazione del libro \u201cGherras\u201d.<\/p>\n","protected":false},"author":1,"featured_media":30728,"comment_status":"closed","ping_status":"closed","sticky":false,"template":"","format":"standard","meta":{"footnotes":""},"categories":[121],"tags":[],"class_list":["post-30738","post","type-post","status-publish","format-standard","has-post-thumbnail","hentry","category-noas-e-eventos"],"yoast_head":"<!-- This site is optimized with the Yoast SEO plugin v27.4 - https:\/\/yoast.com\/product\/yoast-seo-wordpress\/ -->\n<title>Martis in Poesia 2025 \u2013 VIII Edizione al Museo Paleobotanico di Martis<\/title>\n<meta name=\"description\" content=\"Il 15 novembre 2025 Martis ospita l\u2019VIII edizione di \u201cMartis in Poesia\u201d, evento del Festival Letterario Ethnos dedicato al tema della guerra, tra popoli, individui e interiorit\u00e0, con interventi e presentazione del libro \u201cGherras\u201d.\" \/>\n<meta name=\"robots\" content=\"index, follow, max-snippet:-1, max-image-preview:large, max-video-preview:-1\" \/>\n<link rel=\"canonical\" href=\"https:\/\/www.istituto-bellieni.it\/sc\/martis-in-poesia-2025-sa-de-viii-editziones\/\" \/>\n<meta property=\"og:locale\" content=\"en_US\" \/>\n<meta property=\"og:type\" content=\"article\" \/>\n<meta property=\"og:title\" content=\"Martis in Poesia 2025 \u2013 VIII Edizione\" \/>\n<meta property=\"og:description\" content=\"Il 15 novembre 2025 Martis ospita l\u2019VIII edizione di \u201cMartis in Poesia\u201d, evento del Festival Letterario Ethnos dedicato al tema della guerra con interventi e presentazione del libro \u201cGherras\u201d.\" \/>\n<meta property=\"og:url\" content=\"https:\/\/www.istituto-bellieni.it\/sc\/martis-in-poesia-2025-sa-de-viii-editziones\/\" \/>\n<meta property=\"og:site_name\" content=\"Istituto Camillo Bellieni Sassari\" \/>\n<meta property=\"article:publisher\" content=\"https:\/\/www.facebook.com\/IstitutoBellieni\" \/>\n<meta property=\"article:published_time\" content=\"2025-11-07T11:58:45+00:00\" \/>\n<meta property=\"article:modified_time\" content=\"2025-11-07T12:21:56+00:00\" \/>\n<meta property=\"og:image\" content=\"https:\/\/www.istituto-bellieni.it\/wp-content\/uploads\/2025\/11\/MIP_2025.jpg\" \/>\n\t<meta property=\"og:image:width\" content=\"820\" \/>\n\t<meta property=\"og:image:height\" content=\"360\" \/>\n\t<meta property=\"og:image:type\" content=\"image\/jpeg\" \/>\n<meta name=\"author\" content=\"admin\" \/>\n<meta name=\"twitter:card\" content=\"summary_large_image\" \/>\n<meta name=\"twitter:label1\" content=\"Written by\" \/>\n\t<meta name=\"twitter:data1\" content=\"admin\" \/>\n\t<meta name=\"twitter:label2\" content=\"Est. reading time\" \/>\n\t<meta name=\"twitter:data2\" content=\"3 minutes\" \/>\n<script type=\"application\/ld+json\" class=\"yoast-schema-graph\">{\"@context\":\"https:\\\/\\\/schema.org\",\"@graph\":[{\"@type\":\"Article\",\"@id\":\"https:\\\/\\\/www.istituto-bellieni.it\\\/sc\\\/martis-in-poesia-2025-sa-de-viii-editziones\\\/#article\",\"isPartOf\":{\"@id\":\"https:\\\/\\\/www.istituto-bellieni.it\\\/sc\\\/martis-in-poesia-2025-sa-de-viii-editziones\\\/\"},\"author\":{\"name\":\"admin\",\"@id\":\"https:\\\/\\\/www.istituto-bellieni.it\\\/#\\\/schema\\\/person\\\/ad5e2af9b2c2e2673c3d93d608b4dc7b\"},\"headline\":\"Martis in Poesia 2025 \u2013 Sa de VIII Editziones\",\"datePublished\":\"2025-11-07T11:58:45+00:00\",\"dateModified\":\"2025-11-07T12:21:56+00:00\",\"mainEntityOfPage\":{\"@id\":\"https:\\\/\\\/www.istituto-bellieni.it\\\/sc\\\/martis-in-poesia-2025-sa-de-viii-editziones\\\/\"},\"wordCount\":356,\"publisher\":{\"@id\":\"https:\\\/\\\/www.istituto-bellieni.it\\\/#organization\"},\"image\":{\"@id\":\"https:\\\/\\\/www.istituto-bellieni.it\\\/sc\\\/martis-in-poesia-2025-sa-de-viii-editziones\\\/#primaryimage\"},\"thumbnailUrl\":\"https:\\\/\\\/www.istituto-bellieni.it\\\/wp-content\\\/uploads\\\/2025\\\/11\\\/MIP_2025.jpg\",\"articleSection\":[\"Noas e Eventos\"],\"inLanguage\":\"sc-SC\"},{\"@type\":\"WebPage\",\"@id\":\"https:\\\/\\\/www.istituto-bellieni.it\\\/sc\\\/martis-in-poesia-2025-sa-de-viii-editziones\\\/\",\"url\":\"https:\\\/\\\/www.istituto-bellieni.it\\\/sc\\\/martis-in-poesia-2025-sa-de-viii-editziones\\\/\",\"name\":\"Martis in Poesia 2025 \u2013 VIII Edizione al Museo Paleobotanico di Martis\",\"isPartOf\":{\"@id\":\"https:\\\/\\\/www.istituto-bellieni.it\\\/#website\"},\"primaryImageOfPage\":{\"@id\":\"https:\\\/\\\/www.istituto-bellieni.it\\\/sc\\\/martis-in-poesia-2025-sa-de-viii-editziones\\\/#primaryimage\"},\"image\":{\"@id\":\"https:\\\/\\\/www.istituto-bellieni.it\\\/sc\\\/martis-in-poesia-2025-sa-de-viii-editziones\\\/#primaryimage\"},\"thumbnailUrl\":\"https:\\\/\\\/www.istituto-bellieni.it\\\/wp-content\\\/uploads\\\/2025\\\/11\\\/MIP_2025.jpg\",\"datePublished\":\"2025-11-07T11:58:45+00:00\",\"dateModified\":\"2025-11-07T12:21:56+00:00\",\"description\":\"Il 15 novembre 2025 Martis ospita l\u2019VIII edizione di \u201cMartis in Poesia\u201d, evento del Festival Letterario Ethnos dedicato al tema della guerra, tra popoli, individui e interiorit\u00e0, con interventi e presentazione del libro \u201cGherras\u201d.\",\"breadcrumb\":{\"@id\":\"https:\\\/\\\/www.istituto-bellieni.it\\\/sc\\\/martis-in-poesia-2025-sa-de-viii-editziones\\\/#breadcrumb\"},\"inLanguage\":\"sc-SC\",\"potentialAction\":[{\"@type\":\"ReadAction\",\"target\":[\"https:\\\/\\\/www.istituto-bellieni.it\\\/sc\\\/martis-in-poesia-2025-sa-de-viii-editziones\\\/\"]}]},{\"@type\":\"ImageObject\",\"inLanguage\":\"sc-SC\",\"@id\":\"https:\\\/\\\/www.istituto-bellieni.it\\\/sc\\\/martis-in-poesia-2025-sa-de-viii-editziones\\\/#primaryimage\",\"url\":\"https:\\\/\\\/www.istituto-bellieni.it\\\/wp-content\\\/uploads\\\/2025\\\/11\\\/MIP_2025.jpg\",\"contentUrl\":\"https:\\\/\\\/www.istituto-bellieni.it\\\/wp-content\\\/uploads\\\/2025\\\/11\\\/MIP_2025.jpg\",\"width\":820,\"height\":360,\"caption\":\"Martis in Poesia 2025\"},{\"@type\":\"BreadcrumbList\",\"@id\":\"https:\\\/\\\/www.istituto-bellieni.it\\\/sc\\\/martis-in-poesia-2025-sa-de-viii-editziones\\\/#breadcrumb\",\"itemListElement\":[{\"@type\":\"ListItem\",\"position\":1,\"name\":\"Home\",\"item\":\"https:\\\/\\\/www.istituto-bellieni.it\\\/sc\\\/\"},{\"@type\":\"ListItem\",\"position\":2,\"name\":\"Martis in Poesia 2025 \u2013 Sa de VIII Editziones\"}]},{\"@type\":\"WebSite\",\"@id\":\"https:\\\/\\\/www.istituto-bellieni.it\\\/#website\",\"url\":\"https:\\\/\\\/www.istituto-bellieni.it\\\/\",\"name\":\"Istituto Camillo Bellieni Sassari\",\"description\":\"Il sito web dell&#039;Istituto di studi e ricerche Camillo Bellieni di Sassari\",\"publisher\":{\"@id\":\"https:\\\/\\\/www.istituto-bellieni.it\\\/#organization\"},\"potentialAction\":[{\"@type\":\"SearchAction\",\"target\":{\"@type\":\"EntryPoint\",\"urlTemplate\":\"https:\\\/\\\/www.istituto-bellieni.it\\\/?s={search_term_string}\"},\"query-input\":{\"@type\":\"PropertyValueSpecification\",\"valueRequired\":true,\"valueName\":\"search_term_string\"}}],\"inLanguage\":\"sc-SC\"},{\"@type\":\"Organization\",\"@id\":\"https:\\\/\\\/www.istituto-bellieni.it\\\/#organization\",\"name\":\"Istituto di Studi e Ricerce Camillo Bellieni Sassari\",\"url\":\"https:\\\/\\\/www.istituto-bellieni.it\\\/\",\"logo\":{\"@type\":\"ImageObject\",\"inLanguage\":\"sc-SC\",\"@id\":\"https:\\\/\\\/www.istituto-bellieni.it\\\/#\\\/schema\\\/logo\\\/image\\\/\",\"url\":\"https:\\\/\\\/www.istituto-bellieni.it\\\/wp-content\\\/uploads\\\/2022\\\/02\\\/logo-vect.svg\",\"contentUrl\":\"https:\\\/\\\/www.istituto-bellieni.it\\\/wp-content\\\/uploads\\\/2022\\\/02\\\/logo-vect.svg\",\"width\":305.021,\"height\":176.34,\"caption\":\"Istituto di Studi e Ricerce Camillo Bellieni Sassari\"},\"image\":{\"@id\":\"https:\\\/\\\/www.istituto-bellieni.it\\\/#\\\/schema\\\/logo\\\/image\\\/\"},\"sameAs\":[\"https:\\\/\\\/www.facebook.com\\\/IstitutoBellieni\"]},{\"@type\":\"Person\",\"@id\":\"https:\\\/\\\/www.istituto-bellieni.it\\\/#\\\/schema\\\/person\\\/ad5e2af9b2c2e2673c3d93d608b4dc7b\",\"name\":\"admin\",\"image\":{\"@type\":\"ImageObject\",\"inLanguage\":\"sc-SC\",\"@id\":\"https:\\\/\\\/secure.gravatar.com\\\/avatar\\\/6c3757f6686398e5a09f7b3113e4e325728a02ba358a49d250222878791cf4e7?s=96&d=mm&r=g\",\"url\":\"https:\\\/\\\/secure.gravatar.com\\\/avatar\\\/6c3757f6686398e5a09f7b3113e4e325728a02ba358a49d250222878791cf4e7?s=96&d=mm&r=g\",\"contentUrl\":\"https:\\\/\\\/secure.gravatar.com\\\/avatar\\\/6c3757f6686398e5a09f7b3113e4e325728a02ba358a49d250222878791cf4e7?s=96&d=mm&r=g\",\"caption\":\"admin\"},\"sameAs\":[\"https:\\\/\\\/www.istituto-bellieni.it\\\/\"],\"url\":\"https:\\\/\\\/www.istituto-bellieni.it\\\/sc\\\/author\\\/admin\\\/\"}]}<\/script>\n<!-- \/ Yoast SEO plugin. -->","yoast_head_json":{"title":"Martis in Poesia 2025 \u2013 VIII Edizione al Museo Paleobotanico di Martis","description":"Il 15 novembre 2025 Martis ospita l\u2019VIII edizione di \u201cMartis in Poesia\u201d, evento del Festival Letterario Ethnos dedicato al tema della guerra, tra popoli, individui e interiorit\u00e0, con interventi e presentazione del libro \u201cGherras\u201d.","robots":{"index":"index","follow":"follow","max-snippet":"max-snippet:-1","max-image-preview":"max-image-preview:large","max-video-preview":"max-video-preview:-1"},"canonical":"https:\/\/www.istituto-bellieni.it\/sc\/martis-in-poesia-2025-sa-de-viii-editziones\/","og_locale":"en_US","og_type":"article","og_title":"Martis in Poesia 2025 \u2013 VIII Edizione","og_description":"Il 15 novembre 2025 Martis ospita l\u2019VIII edizione di \u201cMartis in Poesia\u201d, evento del Festival Letterario Ethnos dedicato al tema della guerra con interventi e presentazione del libro \u201cGherras\u201d.","og_url":"https:\/\/www.istituto-bellieni.it\/sc\/martis-in-poesia-2025-sa-de-viii-editziones\/","og_site_name":"Istituto Camillo Bellieni Sassari","article_publisher":"https:\/\/www.facebook.com\/IstitutoBellieni","article_published_time":"2025-11-07T11:58:45+00:00","article_modified_time":"2025-11-07T12:21:56+00:00","og_image":[{"width":820,"height":360,"url":"https:\/\/www.istituto-bellieni.it\/wp-content\/uploads\/2025\/11\/MIP_2025.jpg","type":"image\/jpeg"}],"author":"admin","twitter_card":"summary_large_image","twitter_misc":{"Written by":"admin","Est. reading time":"3 minutes"},"schema":{"@context":"https:\/\/schema.org","@graph":[{"@type":"Article","@id":"https:\/\/www.istituto-bellieni.it\/sc\/martis-in-poesia-2025-sa-de-viii-editziones\/#article","isPartOf":{"@id":"https:\/\/www.istituto-bellieni.it\/sc\/martis-in-poesia-2025-sa-de-viii-editziones\/"},"author":{"name":"admin","@id":"https:\/\/www.istituto-bellieni.it\/#\/schema\/person\/ad5e2af9b2c2e2673c3d93d608b4dc7b"},"headline":"Martis in Poesia 2025 \u2013 Sa de VIII Editziones","datePublished":"2025-11-07T11:58:45+00:00","dateModified":"2025-11-07T12:21:56+00:00","mainEntityOfPage":{"@id":"https:\/\/www.istituto-bellieni.it\/sc\/martis-in-poesia-2025-sa-de-viii-editziones\/"},"wordCount":356,"publisher":{"@id":"https:\/\/www.istituto-bellieni.it\/#organization"},"image":{"@id":"https:\/\/www.istituto-bellieni.it\/sc\/martis-in-poesia-2025-sa-de-viii-editziones\/#primaryimage"},"thumbnailUrl":"https:\/\/www.istituto-bellieni.it\/wp-content\/uploads\/2025\/11\/MIP_2025.jpg","articleSection":["Noas e Eventos"],"inLanguage":"sc-SC"},{"@type":"WebPage","@id":"https:\/\/www.istituto-bellieni.it\/sc\/martis-in-poesia-2025-sa-de-viii-editziones\/","url":"https:\/\/www.istituto-bellieni.it\/sc\/martis-in-poesia-2025-sa-de-viii-editziones\/","name":"Martis in Poesia 2025 \u2013 VIII Edizione al Museo Paleobotanico di Martis","isPartOf":{"@id":"https:\/\/www.istituto-bellieni.it\/#website"},"primaryImageOfPage":{"@id":"https:\/\/www.istituto-bellieni.it\/sc\/martis-in-poesia-2025-sa-de-viii-editziones\/#primaryimage"},"image":{"@id":"https:\/\/www.istituto-bellieni.it\/sc\/martis-in-poesia-2025-sa-de-viii-editziones\/#primaryimage"},"thumbnailUrl":"https:\/\/www.istituto-bellieni.it\/wp-content\/uploads\/2025\/11\/MIP_2025.jpg","datePublished":"2025-11-07T11:58:45+00:00","dateModified":"2025-11-07T12:21:56+00:00","description":"Il 15 novembre 2025 Martis ospita l\u2019VIII edizione di \u201cMartis in Poesia\u201d, evento del Festival Letterario Ethnos dedicato al tema della guerra, tra popoli, individui e interiorit\u00e0, con interventi e presentazione del libro \u201cGherras\u201d.","breadcrumb":{"@id":"https:\/\/www.istituto-bellieni.it\/sc\/martis-in-poesia-2025-sa-de-viii-editziones\/#breadcrumb"},"inLanguage":"sc-SC","potentialAction":[{"@type":"ReadAction","target":["https:\/\/www.istituto-bellieni.it\/sc\/martis-in-poesia-2025-sa-de-viii-editziones\/"]}]},{"@type":"ImageObject","inLanguage":"sc-SC","@id":"https:\/\/www.istituto-bellieni.it\/sc\/martis-in-poesia-2025-sa-de-viii-editziones\/#primaryimage","url":"https:\/\/www.istituto-bellieni.it\/wp-content\/uploads\/2025\/11\/MIP_2025.jpg","contentUrl":"https:\/\/www.istituto-bellieni.it\/wp-content\/uploads\/2025\/11\/MIP_2025.jpg","width":820,"height":360,"caption":"Martis in Poesia 2025"},{"@type":"BreadcrumbList","@id":"https:\/\/www.istituto-bellieni.it\/sc\/martis-in-poesia-2025-sa-de-viii-editziones\/#breadcrumb","itemListElement":[{"@type":"ListItem","position":1,"name":"Home","item":"https:\/\/www.istituto-bellieni.it\/sc\/"},{"@type":"ListItem","position":2,"name":"Martis in Poesia 2025 \u2013 Sa de VIII Editziones"}]},{"@type":"WebSite","@id":"https:\/\/www.istituto-bellieni.it\/#website","url":"https:\/\/www.istituto-bellieni.it\/","name":"Istituto Camillo Bellieni Sassari","description":"Il sito web dell&#039;Istituto di studi e ricerche Camillo Bellieni di Sassari","publisher":{"@id":"https:\/\/www.istituto-bellieni.it\/#organization"},"potentialAction":[{"@type":"SearchAction","target":{"@type":"EntryPoint","urlTemplate":"https:\/\/www.istituto-bellieni.it\/?s={search_term_string}"},"query-input":{"@type":"PropertyValueSpecification","valueRequired":true,"valueName":"search_term_string"}}],"inLanguage":"sc-SC"},{"@type":"Organization","@id":"https:\/\/www.istituto-bellieni.it\/#organization","name":"Istituto di Studi e Ricerce Camillo Bellieni Sassari","url":"https:\/\/www.istituto-bellieni.it\/","logo":{"@type":"ImageObject","inLanguage":"sc-SC","@id":"https:\/\/www.istituto-bellieni.it\/#\/schema\/logo\/image\/","url":"https:\/\/www.istituto-bellieni.it\/wp-content\/uploads\/2022\/02\/logo-vect.svg","contentUrl":"https:\/\/www.istituto-bellieni.it\/wp-content\/uploads\/2022\/02\/logo-vect.svg","width":305.021,"height":176.34,"caption":"Istituto di Studi e Ricerce Camillo Bellieni Sassari"},"image":{"@id":"https:\/\/www.istituto-bellieni.it\/#\/schema\/logo\/image\/"},"sameAs":["https:\/\/www.facebook.com\/IstitutoBellieni"]},{"@type":"Person","@id":"https:\/\/www.istituto-bellieni.it\/#\/schema\/person\/ad5e2af9b2c2e2673c3d93d608b4dc7b","name":"admin","image":{"@type":"ImageObject","inLanguage":"sc-SC","@id":"https:\/\/secure.gravatar.com\/avatar\/6c3757f6686398e5a09f7b3113e4e325728a02ba358a49d250222878791cf4e7?s=96&d=mm&r=g","url":"https:\/\/secure.gravatar.com\/avatar\/6c3757f6686398e5a09f7b3113e4e325728a02ba358a49d250222878791cf4e7?s=96&d=mm&r=g","contentUrl":"https:\/\/secure.gravatar.com\/avatar\/6c3757f6686398e5a09f7b3113e4e325728a02ba358a49d250222878791cf4e7?s=96&d=mm&r=g","caption":"admin"},"sameAs":["https:\/\/www.istituto-bellieni.it\/"],"url":"https:\/\/www.istituto-bellieni.it\/sc\/author\/admin\/"}]}},"_links":{"self":[{"href":"https:\/\/www.istituto-bellieni.it\/sc\/wp-json\/wp\/v2\/posts\/30738","targetHints":{"allow":["GET"]}}],"collection":[{"href":"https:\/\/www.istituto-bellieni.it\/sc\/wp-json\/wp\/v2\/posts"}],"about":[{"href":"https:\/\/www.istituto-bellieni.it\/sc\/wp-json\/wp\/v2\/types\/post"}],"author":[{"embeddable":true,"href":"https:\/\/www.istituto-bellieni.it\/sc\/wp-json\/wp\/v2\/users\/1"}],"replies":[{"embeddable":true,"href":"https:\/\/www.istituto-bellieni.it\/sc\/wp-json\/wp\/v2\/comments?post=30738"}],"version-history":[{"count":4,"href":"https:\/\/www.istituto-bellieni.it\/sc\/wp-json\/wp\/v2\/posts\/30738\/revisions"}],"predecessor-version":[{"id":30742,"href":"https:\/\/www.istituto-bellieni.it\/sc\/wp-json\/wp\/v2\/posts\/30738\/revisions\/30742"}],"wp:featuredmedia":[{"embeddable":true,"href":"https:\/\/www.istituto-bellieni.it\/sc\/wp-json\/wp\/v2\/media\/30728"}],"wp:attachment":[{"href":"https:\/\/www.istituto-bellieni.it\/sc\/wp-json\/wp\/v2\/media?parent=30738"}],"wp:term":[{"taxonomy":"category","embeddable":true,"href":"https:\/\/www.istituto-bellieni.it\/sc\/wp-json\/wp\/v2\/categories?post=30738"},{"taxonomy":"post_tag","embeddable":true,"href":"https:\/\/www.istituto-bellieni.it\/sc\/wp-json\/wp\/v2\/tags?post=30738"}],"curies":[{"name":"wp","href":"https:\/\/api.w.org\/{rel}","templated":true}]}}