{"id":30755,"date":"2025-11-17T14:43:15","date_gmt":"2025-11-17T14:43:15","guid":{"rendered":"https:\/\/www.istituto-bellieni.it\/lis-be-presenta-luigi-nieddu-dal-mito-alla-storia-e-laltro-gramsci-a-cura-di-alberto-contu\/"},"modified":"2025-11-17T15:12:02","modified_gmt":"2025-11-17T15:12:02","slug":"lis-be-presenta-luigi-nieddu-dal-mito-alla-storia-e-laltro-gramsci-a-cura-di-alberto-contu","status":"publish","type":"post","link":"https:\/\/www.istituto-bellieni.it\/sc\/lis-be-presenta-luigi-nieddu-dal-mito-alla-storia-e-laltro-gramsci-a-cura-di-alberto-contu\/","title":{"rendered":"L\u2019Is.Be presenta Luigi Nieddu:  \u201cDal Mito alla Storia\u201d e \u201cL\u2019Altro Gramsci\u201d a cura di Alberto Contu"},"content":{"rendered":"\t\t<div data-elementor-type=\"wp-post\" data-elementor-id=\"30755\" class=\"elementor elementor-30755 elementor-30744\" data-elementor-post-type=\"post\">\n\t\t\t\t\t\t<section class=\"elementor-section elementor-top-section elementor-element elementor-element-42758450 elementor-section-boxed elementor-section-height-default elementor-section-height-default\" data-id=\"42758450\" data-element_type=\"section\" data-e-type=\"section\">\n\t\t\t\t\t\t<div class=\"elementor-container elementor-column-gap-default\">\n\t\t\t\t\t<div class=\"elementor-column elementor-col-100 elementor-top-column elementor-element elementor-element-f862549\" data-id=\"f862549\" data-element_type=\"column\" data-e-type=\"column\">\n\t\t\t<div class=\"elementor-widget-wrap elementor-element-populated\">\n\t\t\t\t\t\t<div class=\"elementor-element elementor-element-7a23bef9 elementor-widget elementor-widget-text-editor\" data-id=\"7a23bef9\" data-element_type=\"widget\" data-e-type=\"widget\" data-settings=\"{&quot;ekit_we_effect_on&quot;:&quot;none&quot;}\" data-widget_type=\"text-editor.default\">\n\t\t\t\t<div class=\"elementor-widget-container\">\n\t\t\t\t\t\t\t\t\t<p>S\u2019Istitutu Bellieni ammaniat, in s\u2019ambiente meravizoso e caldu de \u201cIl Vecchio Mulino\u201d, in T\u00e0tari, una serada dedicada a manera intrea a sa dibata subra duos s\u00e0gios intre sos pius importantes de s\u2019amadu e piantu <strong>Professor Luigi Nieddu<\/strong>: \u201c Dal Mito alla Storia \u201c e \u201cL\u2019altro Gramsci\u201d, curados dae Alberto Contu.<\/p><p>Isp\u00ecritu l\u00ecberu e innovadore, dae semper apassionadu de sos ist\u00f9dios ist\u00f2ricos e de ist\u00f2ria de sa pol\u00ectca, Luigi Nieddu d\u00e8dicat sa par\u00e0bula sua intelletuale e tzivile a sa demistfcatzione.<\/p><p>In su s\u00e0giu suo \u201cDal Mito alla Storia\u201d, a manera partculare, issu faghet riferimentu a sa rapresentatzione farsa (e s\u2019interpretatzione torta chi nde sighit) de chie impreat sos datos e sas ret\u00f2ricas de s\u2019ist\u00f2ria pro veicolare in realidade veridades ideol\u00f2gicas-pol\u00ectcas chi diant agatare a manera netzess\u00e0ria fundamentos siguros in sos documentos ist\u00f2ricos; s\u2019intentu suo de chircadore \u00e8tcu est, pro cussu, cussa de torrare a costruire sa veridade l\u00e0ica de s\u2019Ist\u00f2ria.<\/p><p>In \u201cL\u2019Altro Gramsci\u201d, a sa matessi manera, Nieddu esponit sas dedutziones \u201ccontrocorrente\u201d suas subra su pensadore mannu, iscumbinende pseudo-tzertesa istoriogr\u00e0fcas medas e chirchende de arresonare, cun connosch\u00e8ntzia prufunda, de sa fgura de Gramsci e de sa collocatzione bera sua e a s\u2019ispissu isc\u00f2moda in su panorama ideol\u00f2gicu de su Noighentos.<\/p><p>\u00a0<\/p><p><strong>Intervenint:<\/strong><\/p><p>Alberto Contu \u2013 Autore de libros<br \/>Immacolata Salis- Operadora Is. Be<\/p><p>\u00a0<\/p><p><strong>Programma:<\/strong><\/p><p>26 de Santandria 2025 \u2013 a sas 6:00 de sero<br \/>Il Vecchio Mulino, Carrera Frigaglia n. 5 \u2013 T\u00e0tari<\/p>\t\t\t\t\t\t\t\t<\/div>\n\t\t\t\t<\/div>\n\t\t\t\t<div class=\"elementor-element elementor-element-eee4f21 elementor-widget elementor-widget-spacer\" data-id=\"eee4f21\" data-element_type=\"widget\" data-e-type=\"widget\" data-settings=\"{&quot;ekit_we_effect_on&quot;:&quot;none&quot;}\" data-widget_type=\"spacer.default\">\n\t\t\t\t<div class=\"elementor-widget-container\">\n\t\t\t\t\t\t\t<div class=\"elementor-spacer\">\n\t\t\t<div class=\"elementor-spacer-inner\"><\/div>\n\t\t<\/div>\n\t\t\t\t\t\t<\/div>\n\t\t\t\t<\/div>\n\t\t\t\t<div class=\"elementor-element elementor-element-466aa0c elementor-widget elementor-widget-image\" data-id=\"466aa0c\" data-element_type=\"widget\" data-e-type=\"widget\" data-settings=\"{&quot;ekit_we_effect_on&quot;:&quot;none&quot;}\" data-widget_type=\"image.default\">\n\t\t\t\t<div class=\"elementor-widget-container\">\n\t\t\t\t\t\t\t\t\t\t\t\t\t\t\t<img fetchpriority=\"high\" decoding=\"async\" width=\"1080\" height=\"1350\" src=\"https:\/\/www.istituto-bellieni.it\/wp-content\/uploads\/2025\/11\/gigi-nieddu-locandina.jpg\" class=\"attachment-large size-large wp-image-30747\" alt=\"L\u2019Is.Be presenta Luigi Nieddu:  \u201cDal Mito alla Storia\u201d e \u201cL\u2019Altro Gramsci\u201d a cura di Alberto Contu\" srcset=\"https:\/\/www.istituto-bellieni.it\/wp-content\/uploads\/2025\/11\/gigi-nieddu-locandina.jpg 1080w, https:\/\/www.istituto-bellieni.it\/wp-content\/uploads\/2025\/11\/gigi-nieddu-locandina-768x960.jpg 768w, https:\/\/www.istituto-bellieni.it\/wp-content\/uploads\/2025\/11\/gigi-nieddu-locandina-600x750.jpg 600w\" sizes=\"(max-width: 1080px) 100vw, 1080px\" \/>\t\t\t\t\t\t\t\t\t\t\t\t\t\t\t<\/div>\n\t\t\t\t<\/div>\n\t\t\t\t\t<\/div>\n\t\t<\/div>\n\t\t\t\t\t<\/div>\n\t\t<\/section>\n\t\t\t\t<\/div>\n\t\t","protected":false},"excerpt":{"rendered":"<p>Serata dedicata ai saggi del compianto Luigi Nieddu, curati da Alberto Contu. Appuntamento il 26 novembre 2025 al Vecchio Mulino di Sassari.<\/p>\n","protected":false},"author":1,"featured_media":30749,"comment_status":"closed","ping_status":"closed","sticky":false,"template":"","format":"standard","meta":{"footnotes":""},"categories":[121],"tags":[],"class_list":["post-30755","post","type-post","status-publish","format-standard","has-post-thumbnail","hentry","category-noas-e-eventos"],"yoast_head":"<!-- This site is optimized with the Yoast SEO plugin v27.4 - https:\/\/yoast.com\/product\/yoast-seo-wordpress\/ -->\n<title>L\u2019Is.Be presenta Luigi Nieddu: \u201cDal Mito alla Storia\u201d e \u201cL\u2019Altro Gramsci\u201d a cura di Alberto Contu<\/title>\n<meta name=\"description\" content=\"Serata dedicata ai saggi di Luigi Nieddu \u201cDal Mito alla Storia\u201d e \u201cL\u2019Altro Gramsci\u201d, a cura di Alberto Contu. Il 26 novembre 2025 al Vecchio Mulino di Sassari.\" \/>\n<meta name=\"robots\" content=\"index, follow, max-snippet:-1, max-image-preview:large, max-video-preview:-1\" \/>\n<link rel=\"canonical\" href=\"https:\/\/www.istituto-bellieni.it\/sc\/lis-be-presenta-luigi-nieddu-dal-mito-alla-storia-e-laltro-gramsci-a-cura-di-alberto-contu\/\" \/>\n<meta property=\"og:locale\" content=\"en_US\" \/>\n<meta property=\"og:type\" content=\"article\" \/>\n<meta property=\"og:title\" content=\"Luigi Nieddu: \u201cDal Mito alla Storia\u201d e \u201cL\u2019Altro Gramsci\u201d \u2013 Evento Is.Be\" \/>\n<meta property=\"og:description\" content=\"Serata dedicata ai saggi del compianto Luigi Nieddu, curati da Alberto Contu. Appuntamento il 26 novembre 2025 al Vecchio Mulino di Sassari.\" \/>\n<meta property=\"og:url\" content=\"https:\/\/www.istituto-bellieni.it\/sc\/lis-be-presenta-luigi-nieddu-dal-mito-alla-storia-e-laltro-gramsci-a-cura-di-alberto-contu\/\" \/>\n<meta property=\"og:site_name\" content=\"Istituto Camillo Bellieni Sassari\" \/>\n<meta property=\"article:publisher\" content=\"https:\/\/www.facebook.com\/IstitutoBellieni\" \/>\n<meta property=\"article:published_time\" content=\"2025-11-17T14:43:15+00:00\" \/>\n<meta property=\"article:modified_time\" content=\"2025-11-17T15:12:02+00:00\" \/>\n<meta property=\"og:image\" content=\"https:\/\/www.istituto-bellieni.it\/wp-content\/uploads\/2025\/11\/Gigi-Nieddu-820-x-360-px.jpg\" \/>\n\t<meta property=\"og:image:width\" content=\"820\" \/>\n\t<meta property=\"og:image:height\" content=\"360\" \/>\n\t<meta property=\"og:image:type\" content=\"image\/jpeg\" \/>\n<meta name=\"author\" content=\"admin\" \/>\n<meta name=\"twitter:card\" content=\"summary_large_image\" \/>\n<meta name=\"twitter:label1\" content=\"Written by\" \/>\n\t<meta name=\"twitter:data1\" content=\"admin\" \/>\n\t<meta name=\"twitter:label2\" content=\"Est. reading time\" \/>\n\t<meta name=\"twitter:data2\" content=\"2 minutes\" \/>\n<script type=\"application\/ld+json\" class=\"yoast-schema-graph\">{\"@context\":\"https:\\\/\\\/schema.org\",\"@graph\":[{\"@type\":\"Article\",\"@id\":\"https:\\\/\\\/www.istituto-bellieni.it\\\/sc\\\/lis-be-presenta-luigi-nieddu-dal-mito-alla-storia-e-laltro-gramsci-a-cura-di-alberto-contu\\\/#article\",\"isPartOf\":{\"@id\":\"https:\\\/\\\/www.istituto-bellieni.it\\\/sc\\\/lis-be-presenta-luigi-nieddu-dal-mito-alla-storia-e-laltro-gramsci-a-cura-di-alberto-contu\\\/\"},\"author\":{\"name\":\"admin\",\"@id\":\"https:\\\/\\\/www.istituto-bellieni.it\\\/#\\\/schema\\\/person\\\/ad5e2af9b2c2e2673c3d93d608b4dc7b\"},\"headline\":\"L\u2019Is.Be presenta Luigi Nieddu: \u201cDal Mito alla Storia\u201d e \u201cL\u2019Altro Gramsci\u201d a cura di Alberto Contu\",\"datePublished\":\"2025-11-17T14:43:15+00:00\",\"dateModified\":\"2025-11-17T15:12:02+00:00\",\"mainEntityOfPage\":{\"@id\":\"https:\\\/\\\/www.istituto-bellieni.it\\\/sc\\\/lis-be-presenta-luigi-nieddu-dal-mito-alla-storia-e-laltro-gramsci-a-cura-di-alberto-contu\\\/\"},\"wordCount\":273,\"publisher\":{\"@id\":\"https:\\\/\\\/www.istituto-bellieni.it\\\/#organization\"},\"image\":{\"@id\":\"https:\\\/\\\/www.istituto-bellieni.it\\\/sc\\\/lis-be-presenta-luigi-nieddu-dal-mito-alla-storia-e-laltro-gramsci-a-cura-di-alberto-contu\\\/#primaryimage\"},\"thumbnailUrl\":\"https:\\\/\\\/www.istituto-bellieni.it\\\/wp-content\\\/uploads\\\/2025\\\/11\\\/Gigi-Nieddu-820-x-360-px.jpg\",\"articleSection\":[\"Noas e Eventos\"],\"inLanguage\":\"sc-SC\"},{\"@type\":\"WebPage\",\"@id\":\"https:\\\/\\\/www.istituto-bellieni.it\\\/sc\\\/lis-be-presenta-luigi-nieddu-dal-mito-alla-storia-e-laltro-gramsci-a-cura-di-alberto-contu\\\/\",\"url\":\"https:\\\/\\\/www.istituto-bellieni.it\\\/sc\\\/lis-be-presenta-luigi-nieddu-dal-mito-alla-storia-e-laltro-gramsci-a-cura-di-alberto-contu\\\/\",\"name\":\"L\u2019Is.Be presenta Luigi Nieddu: \u201cDal Mito alla Storia\u201d e \u201cL\u2019Altro Gramsci\u201d a cura di Alberto Contu\",\"isPartOf\":{\"@id\":\"https:\\\/\\\/www.istituto-bellieni.it\\\/#website\"},\"primaryImageOfPage\":{\"@id\":\"https:\\\/\\\/www.istituto-bellieni.it\\\/sc\\\/lis-be-presenta-luigi-nieddu-dal-mito-alla-storia-e-laltro-gramsci-a-cura-di-alberto-contu\\\/#primaryimage\"},\"image\":{\"@id\":\"https:\\\/\\\/www.istituto-bellieni.it\\\/sc\\\/lis-be-presenta-luigi-nieddu-dal-mito-alla-storia-e-laltro-gramsci-a-cura-di-alberto-contu\\\/#primaryimage\"},\"thumbnailUrl\":\"https:\\\/\\\/www.istituto-bellieni.it\\\/wp-content\\\/uploads\\\/2025\\\/11\\\/Gigi-Nieddu-820-x-360-px.jpg\",\"datePublished\":\"2025-11-17T14:43:15+00:00\",\"dateModified\":\"2025-11-17T15:12:02+00:00\",\"description\":\"Serata dedicata ai saggi di Luigi Nieddu \u201cDal Mito alla Storia\u201d e \u201cL\u2019Altro Gramsci\u201d, a cura di Alberto Contu. Il 26 novembre 2025 al Vecchio Mulino di Sassari.\",\"breadcrumb\":{\"@id\":\"https:\\\/\\\/www.istituto-bellieni.it\\\/sc\\\/lis-be-presenta-luigi-nieddu-dal-mito-alla-storia-e-laltro-gramsci-a-cura-di-alberto-contu\\\/#breadcrumb\"},\"inLanguage\":\"sc-SC\",\"potentialAction\":[{\"@type\":\"ReadAction\",\"target\":[\"https:\\\/\\\/www.istituto-bellieni.it\\\/sc\\\/lis-be-presenta-luigi-nieddu-dal-mito-alla-storia-e-laltro-gramsci-a-cura-di-alberto-contu\\\/\"]}]},{\"@type\":\"ImageObject\",\"inLanguage\":\"sc-SC\",\"@id\":\"https:\\\/\\\/www.istituto-bellieni.it\\\/sc\\\/lis-be-presenta-luigi-nieddu-dal-mito-alla-storia-e-laltro-gramsci-a-cura-di-alberto-contu\\\/#primaryimage\",\"url\":\"https:\\\/\\\/www.istituto-bellieni.it\\\/wp-content\\\/uploads\\\/2025\\\/11\\\/Gigi-Nieddu-820-x-360-px.jpg\",\"contentUrl\":\"https:\\\/\\\/www.istituto-bellieni.it\\\/wp-content\\\/uploads\\\/2025\\\/11\\\/Gigi-Nieddu-820-x-360-px.jpg\",\"width\":820,\"height\":360,\"caption\":\"L\u2019Is.Be presenta Luigi Nieddu: \u201cDal Mito alla Storia\u201d e \u201cL\u2019Altro Gramsci\u201d a cura di Alberto Contu\"},{\"@type\":\"BreadcrumbList\",\"@id\":\"https:\\\/\\\/www.istituto-bellieni.it\\\/sc\\\/lis-be-presenta-luigi-nieddu-dal-mito-alla-storia-e-laltro-gramsci-a-cura-di-alberto-contu\\\/#breadcrumb\",\"itemListElement\":[{\"@type\":\"ListItem\",\"position\":1,\"name\":\"Home\",\"item\":\"https:\\\/\\\/www.istituto-bellieni.it\\\/sc\\\/\"},{\"@type\":\"ListItem\",\"position\":2,\"name\":\"L\u2019Is.Be presenta Luigi Nieddu: \u201cDal Mito alla Storia\u201d e \u201cL\u2019Altro Gramsci\u201d a cura di Alberto Contu\"}]},{\"@type\":\"WebSite\",\"@id\":\"https:\\\/\\\/www.istituto-bellieni.it\\\/#website\",\"url\":\"https:\\\/\\\/www.istituto-bellieni.it\\\/\",\"name\":\"Istituto Camillo Bellieni Sassari\",\"description\":\"Il sito web dell&#039;Istituto di studi e ricerche Camillo Bellieni di Sassari\",\"publisher\":{\"@id\":\"https:\\\/\\\/www.istituto-bellieni.it\\\/#organization\"},\"potentialAction\":[{\"@type\":\"SearchAction\",\"target\":{\"@type\":\"EntryPoint\",\"urlTemplate\":\"https:\\\/\\\/www.istituto-bellieni.it\\\/?s={search_term_string}\"},\"query-input\":{\"@type\":\"PropertyValueSpecification\",\"valueRequired\":true,\"valueName\":\"search_term_string\"}}],\"inLanguage\":\"sc-SC\"},{\"@type\":\"Organization\",\"@id\":\"https:\\\/\\\/www.istituto-bellieni.it\\\/#organization\",\"name\":\"Istituto di Studi e Ricerce Camillo Bellieni Sassari\",\"url\":\"https:\\\/\\\/www.istituto-bellieni.it\\\/\",\"logo\":{\"@type\":\"ImageObject\",\"inLanguage\":\"sc-SC\",\"@id\":\"https:\\\/\\\/www.istituto-bellieni.it\\\/#\\\/schema\\\/logo\\\/image\\\/\",\"url\":\"https:\\\/\\\/www.istituto-bellieni.it\\\/wp-content\\\/uploads\\\/2022\\\/02\\\/logo-vect.svg\",\"contentUrl\":\"https:\\\/\\\/www.istituto-bellieni.it\\\/wp-content\\\/uploads\\\/2022\\\/02\\\/logo-vect.svg\",\"width\":305.021,\"height\":176.34,\"caption\":\"Istituto di Studi e Ricerce Camillo Bellieni Sassari\"},\"image\":{\"@id\":\"https:\\\/\\\/www.istituto-bellieni.it\\\/#\\\/schema\\\/logo\\\/image\\\/\"},\"sameAs\":[\"https:\\\/\\\/www.facebook.com\\\/IstitutoBellieni\"]},{\"@type\":\"Person\",\"@id\":\"https:\\\/\\\/www.istituto-bellieni.it\\\/#\\\/schema\\\/person\\\/ad5e2af9b2c2e2673c3d93d608b4dc7b\",\"name\":\"admin\",\"image\":{\"@type\":\"ImageObject\",\"inLanguage\":\"sc-SC\",\"@id\":\"https:\\\/\\\/secure.gravatar.com\\\/avatar\\\/6c3757f6686398e5a09f7b3113e4e325728a02ba358a49d250222878791cf4e7?s=96&d=mm&r=g\",\"url\":\"https:\\\/\\\/secure.gravatar.com\\\/avatar\\\/6c3757f6686398e5a09f7b3113e4e325728a02ba358a49d250222878791cf4e7?s=96&d=mm&r=g\",\"contentUrl\":\"https:\\\/\\\/secure.gravatar.com\\\/avatar\\\/6c3757f6686398e5a09f7b3113e4e325728a02ba358a49d250222878791cf4e7?s=96&d=mm&r=g\",\"caption\":\"admin\"},\"sameAs\":[\"https:\\\/\\\/www.istituto-bellieni.it\\\/\"],\"url\":\"https:\\\/\\\/www.istituto-bellieni.it\\\/sc\\\/author\\\/admin\\\/\"}]}<\/script>\n<!-- \/ Yoast SEO plugin. -->","yoast_head_json":{"title":"L\u2019Is.Be presenta Luigi Nieddu: \u201cDal Mito alla Storia\u201d e \u201cL\u2019Altro Gramsci\u201d a cura di Alberto Contu","description":"Serata dedicata ai saggi di Luigi Nieddu \u201cDal Mito alla Storia\u201d e \u201cL\u2019Altro Gramsci\u201d, a cura di Alberto Contu. Il 26 novembre 2025 al Vecchio Mulino di Sassari.","robots":{"index":"index","follow":"follow","max-snippet":"max-snippet:-1","max-image-preview":"max-image-preview:large","max-video-preview":"max-video-preview:-1"},"canonical":"https:\/\/www.istituto-bellieni.it\/sc\/lis-be-presenta-luigi-nieddu-dal-mito-alla-storia-e-laltro-gramsci-a-cura-di-alberto-contu\/","og_locale":"en_US","og_type":"article","og_title":"Luigi Nieddu: \u201cDal Mito alla Storia\u201d e \u201cL\u2019Altro Gramsci\u201d \u2013 Evento Is.Be","og_description":"Serata dedicata ai saggi del compianto Luigi Nieddu, curati da Alberto Contu. Appuntamento il 26 novembre 2025 al Vecchio Mulino di Sassari.","og_url":"https:\/\/www.istituto-bellieni.it\/sc\/lis-be-presenta-luigi-nieddu-dal-mito-alla-storia-e-laltro-gramsci-a-cura-di-alberto-contu\/","og_site_name":"Istituto Camillo Bellieni Sassari","article_publisher":"https:\/\/www.facebook.com\/IstitutoBellieni","article_published_time":"2025-11-17T14:43:15+00:00","article_modified_time":"2025-11-17T15:12:02+00:00","og_image":[{"width":820,"height":360,"url":"https:\/\/www.istituto-bellieni.it\/wp-content\/uploads\/2025\/11\/Gigi-Nieddu-820-x-360-px.jpg","type":"image\/jpeg"}],"author":"admin","twitter_card":"summary_large_image","twitter_misc":{"Written by":"admin","Est. reading time":"2 minutes"},"schema":{"@context":"https:\/\/schema.org","@graph":[{"@type":"Article","@id":"https:\/\/www.istituto-bellieni.it\/sc\/lis-be-presenta-luigi-nieddu-dal-mito-alla-storia-e-laltro-gramsci-a-cura-di-alberto-contu\/#article","isPartOf":{"@id":"https:\/\/www.istituto-bellieni.it\/sc\/lis-be-presenta-luigi-nieddu-dal-mito-alla-storia-e-laltro-gramsci-a-cura-di-alberto-contu\/"},"author":{"name":"admin","@id":"https:\/\/www.istituto-bellieni.it\/#\/schema\/person\/ad5e2af9b2c2e2673c3d93d608b4dc7b"},"headline":"L\u2019Is.Be presenta Luigi Nieddu: \u201cDal Mito alla Storia\u201d e \u201cL\u2019Altro Gramsci\u201d a cura di Alberto Contu","datePublished":"2025-11-17T14:43:15+00:00","dateModified":"2025-11-17T15:12:02+00:00","mainEntityOfPage":{"@id":"https:\/\/www.istituto-bellieni.it\/sc\/lis-be-presenta-luigi-nieddu-dal-mito-alla-storia-e-laltro-gramsci-a-cura-di-alberto-contu\/"},"wordCount":273,"publisher":{"@id":"https:\/\/www.istituto-bellieni.it\/#organization"},"image":{"@id":"https:\/\/www.istituto-bellieni.it\/sc\/lis-be-presenta-luigi-nieddu-dal-mito-alla-storia-e-laltro-gramsci-a-cura-di-alberto-contu\/#primaryimage"},"thumbnailUrl":"https:\/\/www.istituto-bellieni.it\/wp-content\/uploads\/2025\/11\/Gigi-Nieddu-820-x-360-px.jpg","articleSection":["Noas e Eventos"],"inLanguage":"sc-SC"},{"@type":"WebPage","@id":"https:\/\/www.istituto-bellieni.it\/sc\/lis-be-presenta-luigi-nieddu-dal-mito-alla-storia-e-laltro-gramsci-a-cura-di-alberto-contu\/","url":"https:\/\/www.istituto-bellieni.it\/sc\/lis-be-presenta-luigi-nieddu-dal-mito-alla-storia-e-laltro-gramsci-a-cura-di-alberto-contu\/","name":"L\u2019Is.Be presenta Luigi Nieddu: \u201cDal Mito alla Storia\u201d e \u201cL\u2019Altro Gramsci\u201d a cura di Alberto Contu","isPartOf":{"@id":"https:\/\/www.istituto-bellieni.it\/#website"},"primaryImageOfPage":{"@id":"https:\/\/www.istituto-bellieni.it\/sc\/lis-be-presenta-luigi-nieddu-dal-mito-alla-storia-e-laltro-gramsci-a-cura-di-alberto-contu\/#primaryimage"},"image":{"@id":"https:\/\/www.istituto-bellieni.it\/sc\/lis-be-presenta-luigi-nieddu-dal-mito-alla-storia-e-laltro-gramsci-a-cura-di-alberto-contu\/#primaryimage"},"thumbnailUrl":"https:\/\/www.istituto-bellieni.it\/wp-content\/uploads\/2025\/11\/Gigi-Nieddu-820-x-360-px.jpg","datePublished":"2025-11-17T14:43:15+00:00","dateModified":"2025-11-17T15:12:02+00:00","description":"Serata dedicata ai saggi di Luigi Nieddu \u201cDal Mito alla Storia\u201d e \u201cL\u2019Altro Gramsci\u201d, a cura di Alberto Contu. Il 26 novembre 2025 al Vecchio Mulino di Sassari.","breadcrumb":{"@id":"https:\/\/www.istituto-bellieni.it\/sc\/lis-be-presenta-luigi-nieddu-dal-mito-alla-storia-e-laltro-gramsci-a-cura-di-alberto-contu\/#breadcrumb"},"inLanguage":"sc-SC","potentialAction":[{"@type":"ReadAction","target":["https:\/\/www.istituto-bellieni.it\/sc\/lis-be-presenta-luigi-nieddu-dal-mito-alla-storia-e-laltro-gramsci-a-cura-di-alberto-contu\/"]}]},{"@type":"ImageObject","inLanguage":"sc-SC","@id":"https:\/\/www.istituto-bellieni.it\/sc\/lis-be-presenta-luigi-nieddu-dal-mito-alla-storia-e-laltro-gramsci-a-cura-di-alberto-contu\/#primaryimage","url":"https:\/\/www.istituto-bellieni.it\/wp-content\/uploads\/2025\/11\/Gigi-Nieddu-820-x-360-px.jpg","contentUrl":"https:\/\/www.istituto-bellieni.it\/wp-content\/uploads\/2025\/11\/Gigi-Nieddu-820-x-360-px.jpg","width":820,"height":360,"caption":"L\u2019Is.Be presenta Luigi Nieddu: \u201cDal Mito alla Storia\u201d e \u201cL\u2019Altro Gramsci\u201d a cura di Alberto Contu"},{"@type":"BreadcrumbList","@id":"https:\/\/www.istituto-bellieni.it\/sc\/lis-be-presenta-luigi-nieddu-dal-mito-alla-storia-e-laltro-gramsci-a-cura-di-alberto-contu\/#breadcrumb","itemListElement":[{"@type":"ListItem","position":1,"name":"Home","item":"https:\/\/www.istituto-bellieni.it\/sc\/"},{"@type":"ListItem","position":2,"name":"L\u2019Is.Be presenta Luigi Nieddu: \u201cDal Mito alla Storia\u201d e \u201cL\u2019Altro Gramsci\u201d a cura di Alberto Contu"}]},{"@type":"WebSite","@id":"https:\/\/www.istituto-bellieni.it\/#website","url":"https:\/\/www.istituto-bellieni.it\/","name":"Istituto Camillo Bellieni Sassari","description":"Il sito web dell&#039;Istituto di studi e ricerche Camillo Bellieni di Sassari","publisher":{"@id":"https:\/\/www.istituto-bellieni.it\/#organization"},"potentialAction":[{"@type":"SearchAction","target":{"@type":"EntryPoint","urlTemplate":"https:\/\/www.istituto-bellieni.it\/?s={search_term_string}"},"query-input":{"@type":"PropertyValueSpecification","valueRequired":true,"valueName":"search_term_string"}}],"inLanguage":"sc-SC"},{"@type":"Organization","@id":"https:\/\/www.istituto-bellieni.it\/#organization","name":"Istituto di Studi e Ricerce Camillo Bellieni Sassari","url":"https:\/\/www.istituto-bellieni.it\/","logo":{"@type":"ImageObject","inLanguage":"sc-SC","@id":"https:\/\/www.istituto-bellieni.it\/#\/schema\/logo\/image\/","url":"https:\/\/www.istituto-bellieni.it\/wp-content\/uploads\/2022\/02\/logo-vect.svg","contentUrl":"https:\/\/www.istituto-bellieni.it\/wp-content\/uploads\/2022\/02\/logo-vect.svg","width":305.021,"height":176.34,"caption":"Istituto di Studi e Ricerce Camillo Bellieni Sassari"},"image":{"@id":"https:\/\/www.istituto-bellieni.it\/#\/schema\/logo\/image\/"},"sameAs":["https:\/\/www.facebook.com\/IstitutoBellieni"]},{"@type":"Person","@id":"https:\/\/www.istituto-bellieni.it\/#\/schema\/person\/ad5e2af9b2c2e2673c3d93d608b4dc7b","name":"admin","image":{"@type":"ImageObject","inLanguage":"sc-SC","@id":"https:\/\/secure.gravatar.com\/avatar\/6c3757f6686398e5a09f7b3113e4e325728a02ba358a49d250222878791cf4e7?s=96&d=mm&r=g","url":"https:\/\/secure.gravatar.com\/avatar\/6c3757f6686398e5a09f7b3113e4e325728a02ba358a49d250222878791cf4e7?s=96&d=mm&r=g","contentUrl":"https:\/\/secure.gravatar.com\/avatar\/6c3757f6686398e5a09f7b3113e4e325728a02ba358a49d250222878791cf4e7?s=96&d=mm&r=g","caption":"admin"},"sameAs":["https:\/\/www.istituto-bellieni.it\/"],"url":"https:\/\/www.istituto-bellieni.it\/sc\/author\/admin\/"}]}},"_links":{"self":[{"href":"https:\/\/www.istituto-bellieni.it\/sc\/wp-json\/wp\/v2\/posts\/30755","targetHints":{"allow":["GET"]}}],"collection":[{"href":"https:\/\/www.istituto-bellieni.it\/sc\/wp-json\/wp\/v2\/posts"}],"about":[{"href":"https:\/\/www.istituto-bellieni.it\/sc\/wp-json\/wp\/v2\/types\/post"}],"author":[{"embeddable":true,"href":"https:\/\/www.istituto-bellieni.it\/sc\/wp-json\/wp\/v2\/users\/1"}],"replies":[{"embeddable":true,"href":"https:\/\/www.istituto-bellieni.it\/sc\/wp-json\/wp\/v2\/comments?post=30755"}],"version-history":[{"count":3,"href":"https:\/\/www.istituto-bellieni.it\/sc\/wp-json\/wp\/v2\/posts\/30755\/revisions"}],"predecessor-version":[{"id":30758,"href":"https:\/\/www.istituto-bellieni.it\/sc\/wp-json\/wp\/v2\/posts\/30755\/revisions\/30758"}],"wp:featuredmedia":[{"embeddable":true,"href":"https:\/\/www.istituto-bellieni.it\/sc\/wp-json\/wp\/v2\/media\/30749"}],"wp:attachment":[{"href":"https:\/\/www.istituto-bellieni.it\/sc\/wp-json\/wp\/v2\/media?parent=30755"}],"wp:term":[{"taxonomy":"category","embeddable":true,"href":"https:\/\/www.istituto-bellieni.it\/sc\/wp-json\/wp\/v2\/categories?post=30755"},{"taxonomy":"post_tag","embeddable":true,"href":"https:\/\/www.istituto-bellieni.it\/sc\/wp-json\/wp\/v2\/tags?post=30755"}],"curies":[{"name":"wp","href":"https:\/\/api.w.org\/{rel}","templated":true}]}}