{"id":30779,"date":"2025-12-04T17:23:53","date_gmt":"2025-12-04T17:23:53","guid":{"rendered":"https:\/\/www.istituto-bellieni.it\/camillo-bellieni-a-50-anni-dalla-morte\/"},"modified":"2025-12-04T17:30:21","modified_gmt":"2025-12-04T17:30:21","slug":"camillo-bellieni-a-50-annos-dae-sa-morte","status":"publish","type":"post","link":"https:\/\/www.istituto-bellieni.it\/sc\/camillo-bellieni-a-50-annos-dae-sa-morte\/","title":{"rendered":"Camillo Bellieni a 50 annos dae sa morte"},"content":{"rendered":"\t\t<div data-elementor-type=\"wp-post\" data-elementor-id=\"30779\" class=\"elementor elementor-30779 elementor-30761\" data-elementor-post-type=\"post\">\n\t\t\t\t\t\t<section class=\"elementor-section elementor-top-section elementor-element elementor-element-42758450 elementor-section-boxed elementor-section-height-default elementor-section-height-default\" data-id=\"42758450\" data-element_type=\"section\" data-e-type=\"section\">\n\t\t\t\t\t\t<div class=\"elementor-container elementor-column-gap-default\">\n\t\t\t\t\t<div class=\"elementor-column elementor-col-100 elementor-top-column elementor-element elementor-element-f862549\" data-id=\"f862549\" data-element_type=\"column\" data-e-type=\"column\">\n\t\t\t<div class=\"elementor-widget-wrap elementor-element-populated\">\n\t\t\t\t\t\t<div class=\"elementor-element elementor-element-7a23bef9 elementor-widget elementor-widget-text-editor\" data-id=\"7a23bef9\" data-element_type=\"widget\" data-e-type=\"widget\" data-settings=\"{&quot;ekit_we_effect_on&quot;:&quot;none&quot;}\" data-widget_type=\"text-editor.default\">\n\t\t\t\t<div class=\"elementor-widget-container\">\n\t\t\t\t\t\t\t\t\t<p>S\u2019acurtziat sa data de un\u2019avenimentu chi incantat e prenu de emotzione pro s\u2019<strong>Is.Be<\/strong>.: su <strong>9 de Nadale 2025, difatis, dae sas 4.00 de sero, in s\u2019Aula Magna \u2013 Retoradu de s\u2019Universidade de T\u00e0tari<\/strong> nos amus a b\u00ecdere pro tzelebrare sos 50 annos dae sa morte de una de sa figuras pol\u00ecticas prus autorevoles de su \u2018900, <strong>Camillo Bellieni<\/strong>, dae su cale s\u2019Istitutu nostru leat su n\u00f9mene.<\/p><p>Su cunvegnu, chi rapresentat puru su momentu de serrada de sas atividades Is.Be. 2025, at a \u00e8ssere ocasione pretziosa pro cumpr\u00e8ndere in sa manera m\u00e8gius sa filosofia pol\u00ectica de Bellieni, sa visione federalista sua, s\u2019acostamentu antifascista e s\u2019ip\u00f2tesi sua de sardismu chi est arrivada in su 1921 a sa fundatzione de su Partidu Sardu de Atzione. Un\u2019oportunidade de aprofondimentu e di arrichimentu de sa prospetiva culturale de non p\u00e8rdere pro ognuno de a nois, a sa cale bos consigiamus de non rinuntziare.<\/p><p>Sa dibata at \u00e0ere unu t\u00e0gliu allegru e poli\u00e8dricu, ca sos interventos sunt diversos:<\/p><ul><li><strong>Antonello Nasone <\/strong><em>Sotzialismu pol\u00ecticu e idealismu filos\u00f2ficu in su sardismu de Bellieni<\/em><\/li><\/ul><ul><li><strong>Enrico Fenu <\/strong><em>S\u2019Arch\u00ecviu Bellieni: amparu, descritzione e prospetivas de valorizatzione a chimbanta annos dae sa morte de Camillo Bellieni<\/em><\/li><\/ul><ul><li><strong>Stefano Alberto Tedde <\/strong><em>Camillo Bellieni: un\u2019arch\u00ecviu isconn\u00f2schidu<\/em><\/li><\/ul><ul><li><strong>Alberto Contu <\/strong><em>Bellieni e sa mitopoiesi federalista<\/em><\/li><\/ul><ul><li><strong>Attilio Mastino <\/strong><em>Camillo Bellieni allievu de su natzionalista Ettore Pais, sa Sardigna dae su dom\u00ecniu romanu a sa liberatzione de su p\u00f2pulu sardu<\/em><\/li><\/ul><ul><li><strong>Vanni Piras <\/strong><em>Sos sardos in su medioevu de Camillo Bellieni<\/em><\/li><\/ul><ul><li><strong>Antonello Mattone <\/strong><em>Camillo Bellieni tra pol\u00ectica e istoriografia<\/em><\/li><\/ul><p>Amus a \u00e0ere, puru, sos saludos istitutzionales de:<\/p><p><strong>Gavino Mariotti (Magn\u00ecficu Retore Uniss)<br \/><\/strong><strong>Giuseppe Mascia (S\u00ecndigu de T\u00e0tari)<br \/><\/strong><strong>Maura Picciau (Soprintendente Archiv\u00ecstica de sa Sardigna)<br \/><\/strong><strong>Maria Doloretta Lai (Presidente Is.Be)<\/strong><\/p><p>At a moderare sa serada una collaboradora ist\u00f2rica de s\u2019Istitutu Bellieni: sa <strong>Dut.ra Daniela Masia Urgu<\/strong>.<\/p><p>A finitia, pro animare s\u2019abboju b\u2019ant a \u00e8ssere sas leturas curadas dae sa talentuosa atora e iscritora tataresa <strong>Maria Daniela Carta.<\/strong><\/p><p>Bos isetamus!!<\/p>\t\t\t\t\t\t\t\t<\/div>\n\t\t\t\t<\/div>\n\t\t\t\t<div class=\"elementor-element elementor-element-eee4f21 elementor-widget elementor-widget-spacer\" data-id=\"eee4f21\" data-element_type=\"widget\" data-e-type=\"widget\" data-settings=\"{&quot;ekit_we_effect_on&quot;:&quot;none&quot;}\" data-widget_type=\"spacer.default\">\n\t\t\t\t<div class=\"elementor-widget-container\">\n\t\t\t\t\t\t\t<div class=\"elementor-spacer\">\n\t\t\t<div class=\"elementor-spacer-inner\"><\/div>\n\t\t<\/div>\n\t\t\t\t\t\t<\/div>\n\t\t\t\t<\/div>\n\t\t\t\t<div class=\"elementor-element elementor-element-466aa0c elementor-widget elementor-widget-image\" data-id=\"466aa0c\" data-element_type=\"widget\" data-e-type=\"widget\" data-settings=\"{&quot;ekit_we_effect_on&quot;:&quot;none&quot;}\" data-widget_type=\"image.default\">\n\t\t\t\t<div class=\"elementor-widget-container\">\n\t\t\t\t\t\t\t\t\t\t\t\t\t\t\t<img fetchpriority=\"high\" decoding=\"async\" width=\"1080\" height=\"1350\" src=\"https:\/\/www.istituto-bellieni.it\/wp-content\/uploads\/2025\/12\/locandina-convegno-bellieni-50-anni.jpg\" class=\"attachment-large size-large wp-image-30776\" alt=\"CONVEGNO &quot;CAMILLO BELLIENI A 50 ANNI DALLA MORTE&quot;\" srcset=\"https:\/\/www.istituto-bellieni.it\/wp-content\/uploads\/2025\/12\/locandina-convegno-bellieni-50-anni.jpg 1080w, https:\/\/www.istituto-bellieni.it\/wp-content\/uploads\/2025\/12\/locandina-convegno-bellieni-50-anni-768x960.jpg 768w, https:\/\/www.istituto-bellieni.it\/wp-content\/uploads\/2025\/12\/locandina-convegno-bellieni-50-anni-600x750.jpg 600w\" sizes=\"(max-width: 1080px) 100vw, 1080px\" \/>\t\t\t\t\t\t\t\t\t\t\t\t\t\t\t<\/div>\n\t\t\t\t<\/div>\n\t\t\t\t\t<\/div>\n\t\t<\/div>\n\t\t\t\t\t<\/div>\n\t\t<\/section>\n\t\t\t\t<\/div>\n\t\t","protected":false},"excerpt":{"rendered":"<p>Il 9 dicembre 2025 l\u2019Is.Be. ricorda i 50 anni dalla morte di Camillo Bellieni con un convegno all\u2019Universit\u00e0 di Sassari dedicato alla sua eredit\u00e0 politica e culturale.<\/p>\n","protected":false},"author":1,"featured_media":30777,"comment_status":"closed","ping_status":"closed","sticky":false,"template":"","format":"standard","meta":{"footnotes":""},"categories":[121],"tags":[],"class_list":["post-30779","post","type-post","status-publish","format-standard","has-post-thumbnail","hentry","category-noas-e-eventos"],"yoast_head":"<!-- This site is optimized with the Yoast SEO plugin v27.4 - https:\/\/yoast.com\/product\/yoast-seo-wordpress\/ -->\n<title>Camillo Bellieni a 50 anni dalla morte<\/title>\n<meta name=\"description\" content=\"Il 9 dicembre 2025 l\u2019Is.Be. ricorda i 50 anni dalla morte di Camillo Bellieni con un convegno all\u2019Universit\u00e0 di Sassari dedicato alla sua eredit\u00e0 politica e culturale.\" \/>\n<meta name=\"robots\" content=\"index, follow, max-snippet:-1, max-image-preview:large, max-video-preview:-1\" \/>\n<link rel=\"canonical\" href=\"https:\/\/www.istituto-bellieni.it\/sc\/camillo-bellieni-a-50-annos-dae-sa-morte\/\" \/>\n<meta property=\"og:locale\" content=\"en_US\" \/>\n<meta property=\"og:type\" content=\"article\" \/>\n<meta property=\"og:title\" content=\"Camillo Bellieni: convegno a 50 anni dalla morte \u2013 Evento Is.Be., 9 Dicembre 2025\" \/>\n<meta property=\"og:description\" content=\"Il 9 dicembre 2025 l\u2019Is.Be. ricorda i 50 anni dalla morte di Camillo Bellieni con un convegno all\u2019Universit\u00e0 di Sassari dedicato alla sua eredit\u00e0 politica e culturale.\" \/>\n<meta property=\"og:url\" content=\"https:\/\/www.istituto-bellieni.it\/sc\/camillo-bellieni-a-50-annos-dae-sa-morte\/\" \/>\n<meta property=\"og:site_name\" content=\"Istituto Camillo Bellieni Sassari\" \/>\n<meta property=\"article:publisher\" content=\"https:\/\/www.facebook.com\/IstitutoBellieni\" \/>\n<meta property=\"article:published_time\" content=\"2025-12-04T17:23:53+00:00\" \/>\n<meta property=\"article:modified_time\" content=\"2025-12-04T17:30:21+00:00\" \/>\n<meta property=\"og:image\" content=\"https:\/\/www.istituto-bellieni.it\/wp-content\/uploads\/2025\/12\/thumbnail-convegno-bellieni-50-anni.jpg\" \/>\n\t<meta property=\"og:image:width\" content=\"820\" \/>\n\t<meta property=\"og:image:height\" content=\"360\" \/>\n\t<meta property=\"og:image:type\" content=\"image\/jpeg\" \/>\n<meta name=\"author\" content=\"admin\" \/>\n<meta name=\"twitter:card\" content=\"summary_large_image\" \/>\n<meta name=\"twitter:label1\" content=\"Written by\" \/>\n\t<meta name=\"twitter:data1\" content=\"admin\" \/>\n\t<meta name=\"twitter:label2\" content=\"Est. reading time\" \/>\n\t<meta name=\"twitter:data2\" content=\"2 minutes\" \/>\n<script type=\"application\/ld+json\" class=\"yoast-schema-graph\">{\"@context\":\"https:\\\/\\\/schema.org\",\"@graph\":[{\"@type\":\"Article\",\"@id\":\"https:\\\/\\\/www.istituto-bellieni.it\\\/sc\\\/camillo-bellieni-a-50-annos-dae-sa-morte\\\/#article\",\"isPartOf\":{\"@id\":\"https:\\\/\\\/www.istituto-bellieni.it\\\/sc\\\/camillo-bellieni-a-50-annos-dae-sa-morte\\\/\"},\"author\":{\"name\":\"admin\",\"@id\":\"https:\\\/\\\/www.istituto-bellieni.it\\\/#\\\/schema\\\/person\\\/ad5e2af9b2c2e2673c3d93d608b4dc7b\"},\"headline\":\"Camillo Bellieni a 50 annos dae sa morte\",\"datePublished\":\"2025-12-04T17:23:53+00:00\",\"dateModified\":\"2025-12-04T17:30:21+00:00\",\"mainEntityOfPage\":{\"@id\":\"https:\\\/\\\/www.istituto-bellieni.it\\\/sc\\\/camillo-bellieni-a-50-annos-dae-sa-morte\\\/\"},\"wordCount\":358,\"publisher\":{\"@id\":\"https:\\\/\\\/www.istituto-bellieni.it\\\/#organization\"},\"image\":{\"@id\":\"https:\\\/\\\/www.istituto-bellieni.it\\\/sc\\\/camillo-bellieni-a-50-annos-dae-sa-morte\\\/#primaryimage\"},\"thumbnailUrl\":\"https:\\\/\\\/www.istituto-bellieni.it\\\/wp-content\\\/uploads\\\/2025\\\/12\\\/thumbnail-convegno-bellieni-50-anni.jpg\",\"articleSection\":[\"Noas e Eventos\"],\"inLanguage\":\"sc-SC\"},{\"@type\":\"WebPage\",\"@id\":\"https:\\\/\\\/www.istituto-bellieni.it\\\/sc\\\/camillo-bellieni-a-50-annos-dae-sa-morte\\\/\",\"url\":\"https:\\\/\\\/www.istituto-bellieni.it\\\/sc\\\/camillo-bellieni-a-50-annos-dae-sa-morte\\\/\",\"name\":\"Camillo Bellieni a 50 anni dalla morte\",\"isPartOf\":{\"@id\":\"https:\\\/\\\/www.istituto-bellieni.it\\\/#website\"},\"primaryImageOfPage\":{\"@id\":\"https:\\\/\\\/www.istituto-bellieni.it\\\/sc\\\/camillo-bellieni-a-50-annos-dae-sa-morte\\\/#primaryimage\"},\"image\":{\"@id\":\"https:\\\/\\\/www.istituto-bellieni.it\\\/sc\\\/camillo-bellieni-a-50-annos-dae-sa-morte\\\/#primaryimage\"},\"thumbnailUrl\":\"https:\\\/\\\/www.istituto-bellieni.it\\\/wp-content\\\/uploads\\\/2025\\\/12\\\/thumbnail-convegno-bellieni-50-anni.jpg\",\"datePublished\":\"2025-12-04T17:23:53+00:00\",\"dateModified\":\"2025-12-04T17:30:21+00:00\",\"description\":\"Il 9 dicembre 2025 l\u2019Is.Be. ricorda i 50 anni dalla morte di Camillo Bellieni con un convegno all\u2019Universit\u00e0 di Sassari dedicato alla sua eredit\u00e0 politica e culturale.\",\"breadcrumb\":{\"@id\":\"https:\\\/\\\/www.istituto-bellieni.it\\\/sc\\\/camillo-bellieni-a-50-annos-dae-sa-morte\\\/#breadcrumb\"},\"inLanguage\":\"sc-SC\",\"potentialAction\":[{\"@type\":\"ReadAction\",\"target\":[\"https:\\\/\\\/www.istituto-bellieni.it\\\/sc\\\/camillo-bellieni-a-50-annos-dae-sa-morte\\\/\"]}]},{\"@type\":\"ImageObject\",\"inLanguage\":\"sc-SC\",\"@id\":\"https:\\\/\\\/www.istituto-bellieni.it\\\/sc\\\/camillo-bellieni-a-50-annos-dae-sa-morte\\\/#primaryimage\",\"url\":\"https:\\\/\\\/www.istituto-bellieni.it\\\/wp-content\\\/uploads\\\/2025\\\/12\\\/thumbnail-convegno-bellieni-50-anni.jpg\",\"contentUrl\":\"https:\\\/\\\/www.istituto-bellieni.it\\\/wp-content\\\/uploads\\\/2025\\\/12\\\/thumbnail-convegno-bellieni-50-anni.jpg\",\"width\":820,\"height\":360},{\"@type\":\"BreadcrumbList\",\"@id\":\"https:\\\/\\\/www.istituto-bellieni.it\\\/sc\\\/camillo-bellieni-a-50-annos-dae-sa-morte\\\/#breadcrumb\",\"itemListElement\":[{\"@type\":\"ListItem\",\"position\":1,\"name\":\"Home\",\"item\":\"https:\\\/\\\/www.istituto-bellieni.it\\\/sc\\\/\"},{\"@type\":\"ListItem\",\"position\":2,\"name\":\"Camillo Bellieni a 50 annos dae sa morte\"}]},{\"@type\":\"WebSite\",\"@id\":\"https:\\\/\\\/www.istituto-bellieni.it\\\/#website\",\"url\":\"https:\\\/\\\/www.istituto-bellieni.it\\\/\",\"name\":\"Istituto Camillo Bellieni Sassari\",\"description\":\"Il sito web dell&#039;Istituto di studi e ricerche Camillo Bellieni di Sassari\",\"publisher\":{\"@id\":\"https:\\\/\\\/www.istituto-bellieni.it\\\/#organization\"},\"potentialAction\":[{\"@type\":\"SearchAction\",\"target\":{\"@type\":\"EntryPoint\",\"urlTemplate\":\"https:\\\/\\\/www.istituto-bellieni.it\\\/?s={search_term_string}\"},\"query-input\":{\"@type\":\"PropertyValueSpecification\",\"valueRequired\":true,\"valueName\":\"search_term_string\"}}],\"inLanguage\":\"sc-SC\"},{\"@type\":\"Organization\",\"@id\":\"https:\\\/\\\/www.istituto-bellieni.it\\\/#organization\",\"name\":\"Istituto di Studi e Ricerce Camillo Bellieni Sassari\",\"url\":\"https:\\\/\\\/www.istituto-bellieni.it\\\/\",\"logo\":{\"@type\":\"ImageObject\",\"inLanguage\":\"sc-SC\",\"@id\":\"https:\\\/\\\/www.istituto-bellieni.it\\\/#\\\/schema\\\/logo\\\/image\\\/\",\"url\":\"https:\\\/\\\/www.istituto-bellieni.it\\\/wp-content\\\/uploads\\\/2022\\\/02\\\/logo-vect.svg\",\"contentUrl\":\"https:\\\/\\\/www.istituto-bellieni.it\\\/wp-content\\\/uploads\\\/2022\\\/02\\\/logo-vect.svg\",\"width\":305.021,\"height\":176.34,\"caption\":\"Istituto di Studi e Ricerce Camillo Bellieni Sassari\"},\"image\":{\"@id\":\"https:\\\/\\\/www.istituto-bellieni.it\\\/#\\\/schema\\\/logo\\\/image\\\/\"},\"sameAs\":[\"https:\\\/\\\/www.facebook.com\\\/IstitutoBellieni\"]},{\"@type\":\"Person\",\"@id\":\"https:\\\/\\\/www.istituto-bellieni.it\\\/#\\\/schema\\\/person\\\/ad5e2af9b2c2e2673c3d93d608b4dc7b\",\"name\":\"admin\",\"image\":{\"@type\":\"ImageObject\",\"inLanguage\":\"sc-SC\",\"@id\":\"https:\\\/\\\/secure.gravatar.com\\\/avatar\\\/6c3757f6686398e5a09f7b3113e4e325728a02ba358a49d250222878791cf4e7?s=96&d=mm&r=g\",\"url\":\"https:\\\/\\\/secure.gravatar.com\\\/avatar\\\/6c3757f6686398e5a09f7b3113e4e325728a02ba358a49d250222878791cf4e7?s=96&d=mm&r=g\",\"contentUrl\":\"https:\\\/\\\/secure.gravatar.com\\\/avatar\\\/6c3757f6686398e5a09f7b3113e4e325728a02ba358a49d250222878791cf4e7?s=96&d=mm&r=g\",\"caption\":\"admin\"},\"sameAs\":[\"https:\\\/\\\/www.istituto-bellieni.it\\\/\"],\"url\":\"https:\\\/\\\/www.istituto-bellieni.it\\\/sc\\\/author\\\/admin\\\/\"}]}<\/script>\n<!-- \/ Yoast SEO plugin. -->","yoast_head_json":{"title":"Camillo Bellieni a 50 anni dalla morte","description":"Il 9 dicembre 2025 l\u2019Is.Be. ricorda i 50 anni dalla morte di Camillo Bellieni con un convegno all\u2019Universit\u00e0 di Sassari dedicato alla sua eredit\u00e0 politica e culturale.","robots":{"index":"index","follow":"follow","max-snippet":"max-snippet:-1","max-image-preview":"max-image-preview:large","max-video-preview":"max-video-preview:-1"},"canonical":"https:\/\/www.istituto-bellieni.it\/sc\/camillo-bellieni-a-50-annos-dae-sa-morte\/","og_locale":"en_US","og_type":"article","og_title":"Camillo Bellieni: convegno a 50 anni dalla morte \u2013 Evento Is.Be., 9 Dicembre 2025","og_description":"Il 9 dicembre 2025 l\u2019Is.Be. ricorda i 50 anni dalla morte di Camillo Bellieni con un convegno all\u2019Universit\u00e0 di Sassari dedicato alla sua eredit\u00e0 politica e culturale.","og_url":"https:\/\/www.istituto-bellieni.it\/sc\/camillo-bellieni-a-50-annos-dae-sa-morte\/","og_site_name":"Istituto Camillo Bellieni Sassari","article_publisher":"https:\/\/www.facebook.com\/IstitutoBellieni","article_published_time":"2025-12-04T17:23:53+00:00","article_modified_time":"2025-12-04T17:30:21+00:00","og_image":[{"width":820,"height":360,"url":"https:\/\/www.istituto-bellieni.it\/wp-content\/uploads\/2025\/12\/thumbnail-convegno-bellieni-50-anni.jpg","type":"image\/jpeg"}],"author":"admin","twitter_card":"summary_large_image","twitter_misc":{"Written by":"admin","Est. reading time":"2 minutes"},"schema":{"@context":"https:\/\/schema.org","@graph":[{"@type":"Article","@id":"https:\/\/www.istituto-bellieni.it\/sc\/camillo-bellieni-a-50-annos-dae-sa-morte\/#article","isPartOf":{"@id":"https:\/\/www.istituto-bellieni.it\/sc\/camillo-bellieni-a-50-annos-dae-sa-morte\/"},"author":{"name":"admin","@id":"https:\/\/www.istituto-bellieni.it\/#\/schema\/person\/ad5e2af9b2c2e2673c3d93d608b4dc7b"},"headline":"Camillo Bellieni a 50 annos dae sa morte","datePublished":"2025-12-04T17:23:53+00:00","dateModified":"2025-12-04T17:30:21+00:00","mainEntityOfPage":{"@id":"https:\/\/www.istituto-bellieni.it\/sc\/camillo-bellieni-a-50-annos-dae-sa-morte\/"},"wordCount":358,"publisher":{"@id":"https:\/\/www.istituto-bellieni.it\/#organization"},"image":{"@id":"https:\/\/www.istituto-bellieni.it\/sc\/camillo-bellieni-a-50-annos-dae-sa-morte\/#primaryimage"},"thumbnailUrl":"https:\/\/www.istituto-bellieni.it\/wp-content\/uploads\/2025\/12\/thumbnail-convegno-bellieni-50-anni.jpg","articleSection":["Noas e Eventos"],"inLanguage":"sc-SC"},{"@type":"WebPage","@id":"https:\/\/www.istituto-bellieni.it\/sc\/camillo-bellieni-a-50-annos-dae-sa-morte\/","url":"https:\/\/www.istituto-bellieni.it\/sc\/camillo-bellieni-a-50-annos-dae-sa-morte\/","name":"Camillo Bellieni a 50 anni dalla morte","isPartOf":{"@id":"https:\/\/www.istituto-bellieni.it\/#website"},"primaryImageOfPage":{"@id":"https:\/\/www.istituto-bellieni.it\/sc\/camillo-bellieni-a-50-annos-dae-sa-morte\/#primaryimage"},"image":{"@id":"https:\/\/www.istituto-bellieni.it\/sc\/camillo-bellieni-a-50-annos-dae-sa-morte\/#primaryimage"},"thumbnailUrl":"https:\/\/www.istituto-bellieni.it\/wp-content\/uploads\/2025\/12\/thumbnail-convegno-bellieni-50-anni.jpg","datePublished":"2025-12-04T17:23:53+00:00","dateModified":"2025-12-04T17:30:21+00:00","description":"Il 9 dicembre 2025 l\u2019Is.Be. ricorda i 50 anni dalla morte di Camillo Bellieni con un convegno all\u2019Universit\u00e0 di Sassari dedicato alla sua eredit\u00e0 politica e culturale.","breadcrumb":{"@id":"https:\/\/www.istituto-bellieni.it\/sc\/camillo-bellieni-a-50-annos-dae-sa-morte\/#breadcrumb"},"inLanguage":"sc-SC","potentialAction":[{"@type":"ReadAction","target":["https:\/\/www.istituto-bellieni.it\/sc\/camillo-bellieni-a-50-annos-dae-sa-morte\/"]}]},{"@type":"ImageObject","inLanguage":"sc-SC","@id":"https:\/\/www.istituto-bellieni.it\/sc\/camillo-bellieni-a-50-annos-dae-sa-morte\/#primaryimage","url":"https:\/\/www.istituto-bellieni.it\/wp-content\/uploads\/2025\/12\/thumbnail-convegno-bellieni-50-anni.jpg","contentUrl":"https:\/\/www.istituto-bellieni.it\/wp-content\/uploads\/2025\/12\/thumbnail-convegno-bellieni-50-anni.jpg","width":820,"height":360},{"@type":"BreadcrumbList","@id":"https:\/\/www.istituto-bellieni.it\/sc\/camillo-bellieni-a-50-annos-dae-sa-morte\/#breadcrumb","itemListElement":[{"@type":"ListItem","position":1,"name":"Home","item":"https:\/\/www.istituto-bellieni.it\/sc\/"},{"@type":"ListItem","position":2,"name":"Camillo Bellieni a 50 annos dae sa morte"}]},{"@type":"WebSite","@id":"https:\/\/www.istituto-bellieni.it\/#website","url":"https:\/\/www.istituto-bellieni.it\/","name":"Istituto Camillo Bellieni Sassari","description":"Il sito web dell&#039;Istituto di studi e ricerche Camillo Bellieni di Sassari","publisher":{"@id":"https:\/\/www.istituto-bellieni.it\/#organization"},"potentialAction":[{"@type":"SearchAction","target":{"@type":"EntryPoint","urlTemplate":"https:\/\/www.istituto-bellieni.it\/?s={search_term_string}"},"query-input":{"@type":"PropertyValueSpecification","valueRequired":true,"valueName":"search_term_string"}}],"inLanguage":"sc-SC"},{"@type":"Organization","@id":"https:\/\/www.istituto-bellieni.it\/#organization","name":"Istituto di Studi e Ricerce Camillo Bellieni Sassari","url":"https:\/\/www.istituto-bellieni.it\/","logo":{"@type":"ImageObject","inLanguage":"sc-SC","@id":"https:\/\/www.istituto-bellieni.it\/#\/schema\/logo\/image\/","url":"https:\/\/www.istituto-bellieni.it\/wp-content\/uploads\/2022\/02\/logo-vect.svg","contentUrl":"https:\/\/www.istituto-bellieni.it\/wp-content\/uploads\/2022\/02\/logo-vect.svg","width":305.021,"height":176.34,"caption":"Istituto di Studi e Ricerce Camillo Bellieni Sassari"},"image":{"@id":"https:\/\/www.istituto-bellieni.it\/#\/schema\/logo\/image\/"},"sameAs":["https:\/\/www.facebook.com\/IstitutoBellieni"]},{"@type":"Person","@id":"https:\/\/www.istituto-bellieni.it\/#\/schema\/person\/ad5e2af9b2c2e2673c3d93d608b4dc7b","name":"admin","image":{"@type":"ImageObject","inLanguage":"sc-SC","@id":"https:\/\/secure.gravatar.com\/avatar\/6c3757f6686398e5a09f7b3113e4e325728a02ba358a49d250222878791cf4e7?s=96&d=mm&r=g","url":"https:\/\/secure.gravatar.com\/avatar\/6c3757f6686398e5a09f7b3113e4e325728a02ba358a49d250222878791cf4e7?s=96&d=mm&r=g","contentUrl":"https:\/\/secure.gravatar.com\/avatar\/6c3757f6686398e5a09f7b3113e4e325728a02ba358a49d250222878791cf4e7?s=96&d=mm&r=g","caption":"admin"},"sameAs":["https:\/\/www.istituto-bellieni.it\/"],"url":"https:\/\/www.istituto-bellieni.it\/sc\/author\/admin\/"}]}},"_links":{"self":[{"href":"https:\/\/www.istituto-bellieni.it\/sc\/wp-json\/wp\/v2\/posts\/30779","targetHints":{"allow":["GET"]}}],"collection":[{"href":"https:\/\/www.istituto-bellieni.it\/sc\/wp-json\/wp\/v2\/posts"}],"about":[{"href":"https:\/\/www.istituto-bellieni.it\/sc\/wp-json\/wp\/v2\/types\/post"}],"author":[{"embeddable":true,"href":"https:\/\/www.istituto-bellieni.it\/sc\/wp-json\/wp\/v2\/users\/1"}],"replies":[{"embeddable":true,"href":"https:\/\/www.istituto-bellieni.it\/sc\/wp-json\/wp\/v2\/comments?post=30779"}],"version-history":[{"count":4,"href":"https:\/\/www.istituto-bellieni.it\/sc\/wp-json\/wp\/v2\/posts\/30779\/revisions"}],"predecessor-version":[{"id":30783,"href":"https:\/\/www.istituto-bellieni.it\/sc\/wp-json\/wp\/v2\/posts\/30779\/revisions\/30783"}],"wp:featuredmedia":[{"embeddable":true,"href":"https:\/\/www.istituto-bellieni.it\/sc\/wp-json\/wp\/v2\/media\/30777"}],"wp:attachment":[{"href":"https:\/\/www.istituto-bellieni.it\/sc\/wp-json\/wp\/v2\/media?parent=30779"}],"wp:term":[{"taxonomy":"category","embeddable":true,"href":"https:\/\/www.istituto-bellieni.it\/sc\/wp-json\/wp\/v2\/categories?post=30779"},{"taxonomy":"post_tag","embeddable":true,"href":"https:\/\/www.istituto-bellieni.it\/sc\/wp-json\/wp\/v2\/tags?post=30779"}],"curies":[{"name":"wp","href":"https:\/\/api.w.org\/{rel}","templated":true}]}}