{"id":30902,"date":"2026-01-05T16:22:12","date_gmt":"2026-01-05T16:22:12","guid":{"rendered":"https:\/\/www.istituto-bellieni.it\/cuadru-normativu-internatzionale-europeu-natzionale\/"},"modified":"2026-01-14T18:12:36","modified_gmt":"2026-01-14T18:12:36","slug":"cuadru-normativu-internatzionale-europeu-natzionale","status":"publish","type":"post","link":"https:\/\/www.istituto-bellieni.it\/sc\/cuadru-normativu-internatzionale-europeu-natzionale\/","title":{"rendered":"Cuadru normativu internatzionale europeu natzionale"},"content":{"rendered":"\t\t<div data-elementor-type=\"wp-post\" data-elementor-id=\"30902\" class=\"elementor elementor-30902 elementor-30870\" data-elementor-post-type=\"post\">\n\t\t\t\t\t\t<section class=\"elementor-section elementor-top-section elementor-element elementor-element-c1d9f28 elementor-section-boxed elementor-section-height-default elementor-section-height-default\" data-id=\"c1d9f28\" data-element_type=\"section\" data-e-type=\"section\">\n\t\t\t\t\t\t<div class=\"elementor-container elementor-column-gap-default\">\n\t\t\t\t\t<div class=\"elementor-column elementor-col-100 elementor-top-column elementor-element elementor-element-a558205\" data-id=\"a558205\" data-element_type=\"column\" data-e-type=\"column\">\n\t\t\t<div class=\"elementor-widget-wrap elementor-element-populated\">\n\t\t\t\t\t\t<div class=\"elementor-element elementor-element-87a04bb elementor-widget elementor-widget-turitor-title\" data-id=\"87a04bb\" data-element_type=\"widget\" data-e-type=\"widget\" data-settings=\"{&quot;ekit_we_effect_on&quot;:&quot;none&quot;}\" data-widget_type=\"turitor-title.default\">\n\t\t\t\t<div class=\"elementor-widget-container\">\n\t\t\t\t\t\n   <div class=\"ts-section-title title-left\">\n\t\t<h2 class=\"section-title \">\n\t\t\t\t\t\t\t<span class=\"sub-title\">Di Daniela Masia Urgu<\/span>\n\t\t\t        Presentatzione de su Cuadru Normativu     <\/h2>\n               <i class=\"\"><\/i>\n\t\t\t      \t\t\t\n   <\/div>\n    \n    \t\t\t\t<\/div>\n\t\t\t\t<\/div>\n\t\t\t\t\t<\/div>\n\t\t<\/div>\n\t\t\t\t\t<\/div>\n\t\t<\/section>\n\t\t\t\t<section class=\"elementor-section elementor-top-section elementor-element elementor-element-c1e1922 elementor-section-boxed elementor-section-height-default elementor-section-height-default\" data-id=\"c1e1922\" data-element_type=\"section\" data-e-type=\"section\">\n\t\t\t\t\t\t<div class=\"elementor-container elementor-column-gap-default\">\n\t\t\t\t\t<div class=\"elementor-column elementor-col-100 elementor-top-column elementor-element elementor-element-f28382a\" data-id=\"f28382a\" data-element_type=\"column\" data-e-type=\"column\">\n\t\t\t<div class=\"elementor-widget-wrap elementor-element-populated\">\n\t\t\t\t\t\t<div class=\"elementor-element elementor-element-0c62107 elementor-widget elementor-widget-text-editor\" data-id=\"0c62107\" data-element_type=\"widget\" data-e-type=\"widget\" data-settings=\"{&quot;ekit_we_effect_on&quot;:&quot;none&quot;}\" data-widget_type=\"text-editor.default\">\n\t\t\t\t<div class=\"elementor-widget-container\">\n\t\t\t\t\t\t\t\t\t<p>In custa setzione de s\u2019Osservat\u00f2riu de sas Limbas de Minor\u00e0ntzia, cherimus presentare una prima parte de su cuadru normativu pro s\u2019amparu de sas limbas de minor\u00e0ntzia, pro sa limba sarda e pro sas \u00e0teras limbas alloglotas de Sardigna. Passu passu, s\u2019at a dare contu de \u00e0teros documentos importantes chi potzant \u00e8ssere de agiudu pro cumpr\u00e8ndere comente custa chistione siat semper e galu prus acraradora.<\/p>\n<h5>Cuadru normativu internatzionale, europeu, natzionale e regionale subra s\u2019amparu de sas minor\u00e0ntzias lingu\u00ecsticas<\/h5>\n<p><strong>Cuadru Internatzionale e Universale (Deretos de s&#8217;\u00d2mine)<\/strong><br>\u2022 Decraratzione Universale de sos Deretos de s&#8217;\u00d2mine (1948): su fundamentu \u00e8ticu pro totu sos deretos tziviles e culturales.<br>\u2022 Decraratzione Universale de sos Deretos Lingu\u00ecsticos (Bartzellona, 1996): n\u00e0schida dae sa Cunfer\u00e8ntzia Internatzionale pro amparare sa dignidade de ogni limba comente deretu inalien\u00e0bile<\/p>\n<p><strong>Cuadru Europeu (Cuns\u00ecgiu de Europa)<\/strong><br>\u2022 Carta Europea de sas Limbas Regionales o Minorit\u00e0rias (1992): su trastu printzipale pro sa promotzione de sas limbas ist\u00f2ricas in Europa.<br>\u2022 Cunventzione-Cuadro pro s&#8217;Amparu de sas Minor\u00e0ntzias Natzionales (1995): impinnu de sos Istados pro garantire s&#8217;egualidade de sas minor\u00e0ntzias (Istrasburgu, 1\u00b0 de fre\u00e0rgiu de su 1995).<\/p>\n<p><strong>Cuadru Natzionale (It\u00e0lia)<\/strong><br>\u2022 Lege n. 482 de su 15 de Nadale 1999: \u201cNormas in mat\u00e8ria de tutela de sas minor\u00e0ntzias lingu\u00ecsticas ist\u00f2ricas\u201d.<\/p>\n<p>Sa lege chi reconnoschet su sardu (e su tataresu, s\u2019aligheresu e su tabarchinu) comente limba de minor\u00e0ntzia.<br><\/p>\n<p><strong>Cuadru Regionale (Sardigna)<\/strong><br>\u2022 Lege Regionale n. 26 de su 15 de Santugaine 1997: \u201cPromotzione e valorizatzione de sa cultura e de sa limba de sa Sardigna\u201d.<br>Su primu passu ist\u00f2ricu de sa Regione pro s\u2019amparu de su patrim\u00f2niu.<br>\u2022 Lege Regionale n. 22 de su 3 de Tr\u00eculas de su 2018: \u201cDisciplina de sa pol\u00ectica lingu\u00ecstica regionale\u201d.<br>Sa norma prus moderna chi punnat a sa normalizatzione e a s\u2019impreu ufitziale de sa limba in totu sos \u00e0mbitos.<\/p>\n<h5>Decraratzione Universale de sos Deretos de s&#8217;\u00d2mine (1948)<\/h5>\n<p><strong>Art\u00ecculu 3<\/strong><br>A cada indiv\u00ecduu li tocant totu sos deretos e totu sas libertades enuntziadas in custa Decraratzione, sena distintzione peruna, pro resone de ratza, de colore, de sessu, de limba, de religione, de opinione pol\u00ectica o de \u00e0teru g\u00e8nere, de or\u00ecgine natzionale o sotziale, de richesa, de n\u00e0schida o de \u00e0tera cunditzione. In prus, peruna distintzione at a \u00e8ssere istabilida subra sa base de s&#8217;istatutu pol\u00ecticu, giur\u00ecdicu o internatzionale de s&#8217;Istadu o de su territ\u00f2riu ue una pessone apartenet, siat indipendente,<br>sutapostu a amministratzione fidutzi\u00e0ria, no aut\u00f2nomu o sugetu a cale si siat limitatzione de soberania.<\/p>\n<h5>Decraratzione Universale de sos Deretos Lingu\u00ecsticos<\/h5>\n<p>Cunfer\u00e8ntzia Internatzionale de sos Deretos Lingu\u00ecsticos \u2013 Bartzellona, 1996<br>Sas istitutziones e sas organizatziones non guvernativas firmat\u00e0rias de sa Decraratzione Universale de sos Deretos Lingu\u00ecsticos, riunidas in Bartzellona dae su 6 a su 9 de l\u00e0mpadas de su 1996, cunsiderende sa Decraratzione Universale de sos Deretos de s&#8217;\u00d2mine de su 1948, chi afirmat in su pre\u00e0mbulu suo sa fide in sos deretos umanos fundamentales, in sa dignidade e in su balore de sa pessone umana, in s&#8217;egualidade de sos deretos de s&#8217;\u00f2mine [\u2026]<br>Istabilit chi \u201ca ogni indiv\u00ecduu tocant totu sos deretos e totu sas libertades\u201d, sena distintzione \u201cde ratza, de colore, de sessu, de limba, de religione, de opinione pol\u00ectica o de \u00e0teru g\u00e8nere, de or\u00ecgine natzionale o sotziale, de richesa, de n\u00e0schida o de \u00e0tera cunditzione\u201d.<\/p>\n<h5>Carta Europea de sas Limbas Regionales o Minorit\u00e0rias (1992)<\/h5>\n<p>In su 1992 est istada presentada sa Carta Europea de sas Limbas Regionales o Minorit\u00e0rias, intrada in vigore in su 1998. Sa Carta amparat non solu sas minor\u00e0ntzias ist\u00f2ricas ligadas a unu territ\u00f2riu, ma finas cuddas chi non tenent unu logu geogr\u00e0ficu craru e allacanadu, siat chi siant comunidades istantziales siat chi siant n\u00f2mades (pro es\u00e8mpiu sas limbas de sos Rom e de sos Sinti).<\/p>\n<p><strong>Sa Carta amparat sa limba de minor\u00e0ntzia in setores fundamentales de sa vida p\u00f9blica:<\/strong><\/p>\n<p>\u2022 in s\u2019Iscola, in ue chircat de garantire s\u2019insignamentu de sa limba e s\u2019impreu de sa matessi comente limba veiculare;<br>\u2022 in s\u2019Amministratzione, in ue punnat a la f\u00e0ghere intrare in sos uf\u00ectzios e in sos serv\u00ectzios p\u00f9blicos;<br>\u2022 in sa Comunicatzione, in ue garantit sa pres\u00e8ntzia de sa limba in sos m\u00e8dios de<br>comunicatzione;<br>\u2022 in sa Sotziedade, in ue favorit s\u2019impreu de sa limba in sa vida econ\u00f2mica e sotziale de cada die.<\/p>\n<h5>Cunventzione-Cuadro pro s&#8217;Amparu de sas Minor\u00e0ntzias Natzionales (1995)<\/h5>\n<p>Custa Cunventzione est su primu istrumentu giur\u00ecdicu a livellu europeu chi ligat Istados medas e chi \u00f2bligat a su respetu e a s\u2019amparu de sas minor\u00e0ntzias natzionales. A difer\u00e8ntzia de \u00e0teros documentos, custu decrarat chi s\u2019amparu de sas minor\u00e0ntzias est parte integrante de s\u2019amparu internatzionale de sos deretos de s\u2019\u00f2mine.<\/p>\n<p><strong>Sos obietivos printzipales sunt:<\/strong><\/p>\n<p>\u2022 prom\u00f2vere s\u2019egualidade prena, cun sos Istados chi s\u2019impignant a garantire a sas pessones chi apartenent a sas minor\u00e0ntzias, s\u2019egualidade in antis de sa lege;<br>\u2022 amparare e remunire s\u2019identidade: sos firmat\u00e0rios depent creare sas cunditziones<br>netzess\u00e0rias pro perm\u00ectere a sas minor\u00e0ntzias de mant\u00e8nnere e isvilupare sa cultura issoro, s\u2019identidade, sa religione, sa limba e sas traditziones;<br>\u2022 reconn\u00f2schere sos deretos lingu\u00ecsticos, su deretu de impreare sa limba de minor\u00e0ntzia in privadu e in p\u00f9blicu (in s\u2019oralidade e in s\u2019iscritura), e s\u2019impinnu a amparare sa toponom\u00e0stica e sos n\u00f9menes pr\u00f2pios in limba;<br>\u2022 partetzipatzione, pro assegurare sa partetzipatzione de sas minor\u00e0ntzias a sa vida culturale, sotziale, econ\u00f2mica e p\u00f9blica de s\u2019Istadu.<\/p>\n<p>Sa Cunventzione est istada cungruida su 1\u00b0 de fre\u00e0rgiu de su 1995 in Istrasburgu.<br>S\u2019It\u00e0lia l\u2019at ratificada su 3 de santandria de su 1997 (intrada in ativu su 1\u00b0 de martzu de su 1998).<\/p>\n<h5>Cuadru Natzionale (It\u00e0lia)<\/h5>\n<p><strong>Lege n. 482 de su 15 de Nadale 1999<\/strong><br>\u201cNormas in mat\u00e8ria de tutela de sas minor\u00e0ntzias lingu\u00ecsticas ist\u00f2ricas\u201d<br>Art\u00ecculu 1 \u2013 Su Printz\u00ecpiu Generale Custu art\u00ecculu decrarat chi sa limba ufitziale de sa Rep\u00f9bblica est s\u2019italianu, ma istabilit puru chi sa Rep\u00f9bblica valorizat su patrim\u00f2niu lingu\u00ecsticu e culturale de sas minor\u00e0ntzias.<\/p>\n<p><strong>Art\u00ecculu 2 \u2013 Sas Limbas Reconnotas<\/strong><br>In custu art\u00ecculu sunt inditadas in manera ispetz\u00ecfica sas limbas chi tenent deretu a s\u2019amparu:<\/p>\n<p>\u00abIn atuatzione de s\u2019art\u00ecculu 6 de sa Costitutzione e in armonia cun sos printz\u00ecpios generales istabilidos dae sos organismos europeos e internatzionales, sa Rep\u00f9bblica amparat sa limba e sa cultura de sas populatziones albanesas, catalanas, germ\u00e0nicas, gregas, italo-albanesas, croatas, frantzesas, francu-proventzales, friulanas, ladinas, otzitanas e sardas\u00bb.<\/p>\n<h5>Cuadru Regionale (Sardigna)<\/h5>\n<p>S\u2019Istatutu (aprobadu cun sa Lege Costitutzionale n. 3 de su 26 de fre\u00e0rgiu de su 1948) est su fundamentu giur\u00ecdicu de s\u2019Autonomia de s\u2019\u00ecsula. Mancari siat istadu iscritu in unu per\u00ecodu ist\u00f2ricu ue su tema de sas minor\u00e0ntzias lingu\u00ecsticas non teniat sa matessi fortza de oe, issu est sa fonte de ue derivant totu sas cumpet\u00e8ntzias de sa Regione.<\/p>\n<p>Si puru in s\u2019Istatutu regionale non si mentovat sa limba in manera direta, in s\u2019Art\u00ecculu 3 si reconnoschet a sa Sardigna sa facultade de amparare totu sos elementos chi costituint s\u2019identidade sua. Sa Corte Costitutzionale at in bias medas afirmadu chi s\u2019amparu de sa limba est incl\u00f9didu in custos poderes, faghende de s\u2019Art\u00ecculu 3 su fundamentu giur\u00ecdicu de totu sas leges lingu\u00ecsticas imbenientes.<\/p>\n<p><strong>Lege Regionale n. 26 de su 15 de Santugaine 1997<\/strong><\/p>\n<p><em>\u201cPromotzione e valorizatzione de sa cultura e de sa limba de sa Sardigna\u201d<\/em><br>Su caminu de s\u2019amparu legislativu in Sardigna at tentu su primu passu ist\u00f2ricu suo cun custa lege, una norma chi at apostadu sos fundamentos pro sa promotzione e sa valorizatzione de sa cultura e de sa limba de s\u2019\u00ecsula, dende su comintzu a s\u2019amparu de su patrim\u00f2niu identit\u00e0riu nostru.<\/p>\n<p><strong>Lege Regionale n. 22 de su 3 de Tr\u00eculas de su 2018<\/strong><\/p>\n<p>Custa lege disciplinat oe sa pol\u00ectica lingu\u00ecstica regionale, punnende in manera direta a sa normalizatzione prus avanzada e trasformende s\u2019amparu te\u00f2ricu in una pr\u00e0tica de co-ufitzialidade de su sardu e de sas \u00e0teras variedades in totu sos \u00e0mbitos de sa vida p\u00f9blica e sotziale, garantende s\u2019impreu de sa limba in sos uf\u00ectzios, in s\u2019iscola e in sa comunicatzione ufitziale.<\/p>\t\t\t\t\t\t\t\t<\/div>\n\t\t\t\t<\/div>\n\t\t\t\t\t<\/div>\n\t\t<\/div>\n\t\t\t\t\t<\/div>\n\t\t<\/section>\n\t\t\t\t<\/div>\n\t\t","protected":false},"excerpt":{"rendered":"<p>Di Daniela Masia Urgu.<\/p>\n","protected":false},"author":1,"featured_media":0,"comment_status":"closed","ping_status":"closed","sticky":false,"template":"","format":"standard","meta":{"footnotes":""},"categories":[160],"tags":[165],"class_list":["post-30902","post","type-post","status-publish","format-standard","hentry","category-osservatorio-linguistico","tag-confronto-e-sinergie"],"yoast_head":"<!-- This site is optimized with the Yoast SEO plugin v27.4 - https:\/\/yoast.com\/product\/yoast-seo-wordpress\/ -->\n<title>Cuadru normativu internatzionale europeu natzionale - Istituto Camillo Bellieni Sassari<\/title>\n<meta name=\"description\" content=\"Di Daniela Masia Urgu.\" \/>\n<meta name=\"robots\" content=\"index, follow, max-snippet:-1, max-image-preview:large, max-video-preview:-1\" \/>\n<link rel=\"canonical\" href=\"https:\/\/www.istituto-bellieni.it\/sc\/cuadru-normativu-internatzionale-europeu-natzionale\/\" \/>\n<meta property=\"og:locale\" content=\"en_US\" \/>\n<meta property=\"og:type\" content=\"article\" \/>\n<meta property=\"og:title\" content=\"Cuadru normativu internatzionale europeu natzionale - Istituto Camillo Bellieni Sassari\" \/>\n<meta property=\"og:description\" content=\"Di Daniela Masia Urgu.\" \/>\n<meta property=\"og:url\" content=\"https:\/\/www.istituto-bellieni.it\/sc\/cuadru-normativu-internatzionale-europeu-natzionale\/\" \/>\n<meta property=\"og:site_name\" content=\"Istituto Camillo Bellieni Sassari\" \/>\n<meta property=\"article:publisher\" content=\"https:\/\/www.facebook.com\/IstitutoBellieni\" \/>\n<meta property=\"article:published_time\" content=\"2026-01-05T16:22:12+00:00\" \/>\n<meta property=\"article:modified_time\" content=\"2026-01-14T18:12:36+00:00\" \/>\n<meta name=\"author\" content=\"admin\" \/>\n<meta name=\"twitter:card\" content=\"summary_large_image\" \/>\n<meta name=\"twitter:label1\" content=\"Written by\" \/>\n\t<meta name=\"twitter:data1\" content=\"admin\" \/>\n\t<meta name=\"twitter:label2\" content=\"Est. reading time\" \/>\n\t<meta name=\"twitter:data2\" content=\"8 minutes\" \/>\n<script type=\"application\/ld+json\" class=\"yoast-schema-graph\">{\"@context\":\"https:\\\/\\\/schema.org\",\"@graph\":[{\"@type\":\"Article\",\"@id\":\"https:\\\/\\\/www.istituto-bellieni.it\\\/sc\\\/cuadru-normativu-internatzionale-europeu-natzionale\\\/#article\",\"isPartOf\":{\"@id\":\"https:\\\/\\\/www.istituto-bellieni.it\\\/sc\\\/cuadru-normativu-internatzionale-europeu-natzionale\\\/\"},\"author\":{\"name\":\"admin\",\"@id\":\"https:\\\/\\\/www.istituto-bellieni.it\\\/#\\\/schema\\\/person\\\/ad5e2af9b2c2e2673c3d93d608b4dc7b\"},\"headline\":\"Cuadru normativu internatzionale europeu natzionale\",\"datePublished\":\"2026-01-05T16:22:12+00:00\",\"dateModified\":\"2026-01-14T18:12:36+00:00\",\"mainEntityOfPage\":{\"@id\":\"https:\\\/\\\/www.istituto-bellieni.it\\\/sc\\\/cuadru-normativu-internatzionale-europeu-natzionale\\\/\"},\"wordCount\":1429,\"publisher\":{\"@id\":\"https:\\\/\\\/www.istituto-bellieni.it\\\/#organization\"},\"keywords\":[\"Confronto e Sinergie\"],\"articleSection\":[\"Osservatorio Linguistico\"],\"inLanguage\":\"sc-SC\"},{\"@type\":\"WebPage\",\"@id\":\"https:\\\/\\\/www.istituto-bellieni.it\\\/sc\\\/cuadru-normativu-internatzionale-europeu-natzionale\\\/\",\"url\":\"https:\\\/\\\/www.istituto-bellieni.it\\\/sc\\\/cuadru-normativu-internatzionale-europeu-natzionale\\\/\",\"name\":\"Cuadru normativu internatzionale europeu natzionale - Istituto Camillo Bellieni Sassari\",\"isPartOf\":{\"@id\":\"https:\\\/\\\/www.istituto-bellieni.it\\\/#website\"},\"datePublished\":\"2026-01-05T16:22:12+00:00\",\"dateModified\":\"2026-01-14T18:12:36+00:00\",\"description\":\"Di Daniela Masia Urgu.\",\"breadcrumb\":{\"@id\":\"https:\\\/\\\/www.istituto-bellieni.it\\\/sc\\\/cuadru-normativu-internatzionale-europeu-natzionale\\\/#breadcrumb\"},\"inLanguage\":\"sc-SC\",\"potentialAction\":[{\"@type\":\"ReadAction\",\"target\":[\"https:\\\/\\\/www.istituto-bellieni.it\\\/sc\\\/cuadru-normativu-internatzionale-europeu-natzionale\\\/\"]}]},{\"@type\":\"BreadcrumbList\",\"@id\":\"https:\\\/\\\/www.istituto-bellieni.it\\\/sc\\\/cuadru-normativu-internatzionale-europeu-natzionale\\\/#breadcrumb\",\"itemListElement\":[{\"@type\":\"ListItem\",\"position\":1,\"name\":\"Home\",\"item\":\"https:\\\/\\\/www.istituto-bellieni.it\\\/sc\\\/\"},{\"@type\":\"ListItem\",\"position\":2,\"name\":\"Cuadru normativu internatzionale europeu natzionale\"}]},{\"@type\":\"WebSite\",\"@id\":\"https:\\\/\\\/www.istituto-bellieni.it\\\/#website\",\"url\":\"https:\\\/\\\/www.istituto-bellieni.it\\\/\",\"name\":\"Istituto Camillo Bellieni Sassari\",\"description\":\"Il sito web dell&#039;Istituto di studi e ricerche Camillo Bellieni di Sassari\",\"publisher\":{\"@id\":\"https:\\\/\\\/www.istituto-bellieni.it\\\/#organization\"},\"potentialAction\":[{\"@type\":\"SearchAction\",\"target\":{\"@type\":\"EntryPoint\",\"urlTemplate\":\"https:\\\/\\\/www.istituto-bellieni.it\\\/?s={search_term_string}\"},\"query-input\":{\"@type\":\"PropertyValueSpecification\",\"valueRequired\":true,\"valueName\":\"search_term_string\"}}],\"inLanguage\":\"sc-SC\"},{\"@type\":\"Organization\",\"@id\":\"https:\\\/\\\/www.istituto-bellieni.it\\\/#organization\",\"name\":\"Istituto di Studi e Ricerce Camillo Bellieni Sassari\",\"url\":\"https:\\\/\\\/www.istituto-bellieni.it\\\/\",\"logo\":{\"@type\":\"ImageObject\",\"inLanguage\":\"sc-SC\",\"@id\":\"https:\\\/\\\/www.istituto-bellieni.it\\\/#\\\/schema\\\/logo\\\/image\\\/\",\"url\":\"https:\\\/\\\/www.istituto-bellieni.it\\\/wp-content\\\/uploads\\\/2022\\\/02\\\/logo-vect.svg\",\"contentUrl\":\"https:\\\/\\\/www.istituto-bellieni.it\\\/wp-content\\\/uploads\\\/2022\\\/02\\\/logo-vect.svg\",\"width\":305.021,\"height\":176.34,\"caption\":\"Istituto di Studi e Ricerce Camillo Bellieni Sassari\"},\"image\":{\"@id\":\"https:\\\/\\\/www.istituto-bellieni.it\\\/#\\\/schema\\\/logo\\\/image\\\/\"},\"sameAs\":[\"https:\\\/\\\/www.facebook.com\\\/IstitutoBellieni\"]},{\"@type\":\"Person\",\"@id\":\"https:\\\/\\\/www.istituto-bellieni.it\\\/#\\\/schema\\\/person\\\/ad5e2af9b2c2e2673c3d93d608b4dc7b\",\"name\":\"admin\",\"image\":{\"@type\":\"ImageObject\",\"inLanguage\":\"sc-SC\",\"@id\":\"https:\\\/\\\/secure.gravatar.com\\\/avatar\\\/6c3757f6686398e5a09f7b3113e4e325728a02ba358a49d250222878791cf4e7?s=96&d=mm&r=g\",\"url\":\"https:\\\/\\\/secure.gravatar.com\\\/avatar\\\/6c3757f6686398e5a09f7b3113e4e325728a02ba358a49d250222878791cf4e7?s=96&d=mm&r=g\",\"contentUrl\":\"https:\\\/\\\/secure.gravatar.com\\\/avatar\\\/6c3757f6686398e5a09f7b3113e4e325728a02ba358a49d250222878791cf4e7?s=96&d=mm&r=g\",\"caption\":\"admin\"},\"sameAs\":[\"https:\\\/\\\/www.istituto-bellieni.it\\\/\"],\"url\":\"https:\\\/\\\/www.istituto-bellieni.it\\\/sc\\\/author\\\/admin\\\/\"}]}<\/script>\n<!-- \/ Yoast SEO plugin. -->","yoast_head_json":{"title":"Cuadru normativu internatzionale europeu natzionale - Istituto Camillo Bellieni Sassari","description":"Di Daniela Masia Urgu.","robots":{"index":"index","follow":"follow","max-snippet":"max-snippet:-1","max-image-preview":"max-image-preview:large","max-video-preview":"max-video-preview:-1"},"canonical":"https:\/\/www.istituto-bellieni.it\/sc\/cuadru-normativu-internatzionale-europeu-natzionale\/","og_locale":"en_US","og_type":"article","og_title":"Cuadru normativu internatzionale europeu natzionale - Istituto Camillo Bellieni Sassari","og_description":"Di Daniela Masia Urgu.","og_url":"https:\/\/www.istituto-bellieni.it\/sc\/cuadru-normativu-internatzionale-europeu-natzionale\/","og_site_name":"Istituto Camillo Bellieni Sassari","article_publisher":"https:\/\/www.facebook.com\/IstitutoBellieni","article_published_time":"2026-01-05T16:22:12+00:00","article_modified_time":"2026-01-14T18:12:36+00:00","author":"admin","twitter_card":"summary_large_image","twitter_misc":{"Written by":"admin","Est. reading time":"8 minutes"},"schema":{"@context":"https:\/\/schema.org","@graph":[{"@type":"Article","@id":"https:\/\/www.istituto-bellieni.it\/sc\/cuadru-normativu-internatzionale-europeu-natzionale\/#article","isPartOf":{"@id":"https:\/\/www.istituto-bellieni.it\/sc\/cuadru-normativu-internatzionale-europeu-natzionale\/"},"author":{"name":"admin","@id":"https:\/\/www.istituto-bellieni.it\/#\/schema\/person\/ad5e2af9b2c2e2673c3d93d608b4dc7b"},"headline":"Cuadru normativu internatzionale europeu natzionale","datePublished":"2026-01-05T16:22:12+00:00","dateModified":"2026-01-14T18:12:36+00:00","mainEntityOfPage":{"@id":"https:\/\/www.istituto-bellieni.it\/sc\/cuadru-normativu-internatzionale-europeu-natzionale\/"},"wordCount":1429,"publisher":{"@id":"https:\/\/www.istituto-bellieni.it\/#organization"},"keywords":["Confronto e Sinergie"],"articleSection":["Osservatorio Linguistico"],"inLanguage":"sc-SC"},{"@type":"WebPage","@id":"https:\/\/www.istituto-bellieni.it\/sc\/cuadru-normativu-internatzionale-europeu-natzionale\/","url":"https:\/\/www.istituto-bellieni.it\/sc\/cuadru-normativu-internatzionale-europeu-natzionale\/","name":"Cuadru normativu internatzionale europeu natzionale - Istituto Camillo Bellieni Sassari","isPartOf":{"@id":"https:\/\/www.istituto-bellieni.it\/#website"},"datePublished":"2026-01-05T16:22:12+00:00","dateModified":"2026-01-14T18:12:36+00:00","description":"Di Daniela Masia Urgu.","breadcrumb":{"@id":"https:\/\/www.istituto-bellieni.it\/sc\/cuadru-normativu-internatzionale-europeu-natzionale\/#breadcrumb"},"inLanguage":"sc-SC","potentialAction":[{"@type":"ReadAction","target":["https:\/\/www.istituto-bellieni.it\/sc\/cuadru-normativu-internatzionale-europeu-natzionale\/"]}]},{"@type":"BreadcrumbList","@id":"https:\/\/www.istituto-bellieni.it\/sc\/cuadru-normativu-internatzionale-europeu-natzionale\/#breadcrumb","itemListElement":[{"@type":"ListItem","position":1,"name":"Home","item":"https:\/\/www.istituto-bellieni.it\/sc\/"},{"@type":"ListItem","position":2,"name":"Cuadru normativu internatzionale europeu natzionale"}]},{"@type":"WebSite","@id":"https:\/\/www.istituto-bellieni.it\/#website","url":"https:\/\/www.istituto-bellieni.it\/","name":"Istituto Camillo Bellieni Sassari","description":"Il sito web dell&#039;Istituto di studi e ricerche Camillo Bellieni di Sassari","publisher":{"@id":"https:\/\/www.istituto-bellieni.it\/#organization"},"potentialAction":[{"@type":"SearchAction","target":{"@type":"EntryPoint","urlTemplate":"https:\/\/www.istituto-bellieni.it\/?s={search_term_string}"},"query-input":{"@type":"PropertyValueSpecification","valueRequired":true,"valueName":"search_term_string"}}],"inLanguage":"sc-SC"},{"@type":"Organization","@id":"https:\/\/www.istituto-bellieni.it\/#organization","name":"Istituto di Studi e Ricerce Camillo Bellieni Sassari","url":"https:\/\/www.istituto-bellieni.it\/","logo":{"@type":"ImageObject","inLanguage":"sc-SC","@id":"https:\/\/www.istituto-bellieni.it\/#\/schema\/logo\/image\/","url":"https:\/\/www.istituto-bellieni.it\/wp-content\/uploads\/2022\/02\/logo-vect.svg","contentUrl":"https:\/\/www.istituto-bellieni.it\/wp-content\/uploads\/2022\/02\/logo-vect.svg","width":305.021,"height":176.34,"caption":"Istituto di Studi e Ricerce Camillo Bellieni Sassari"},"image":{"@id":"https:\/\/www.istituto-bellieni.it\/#\/schema\/logo\/image\/"},"sameAs":["https:\/\/www.facebook.com\/IstitutoBellieni"]},{"@type":"Person","@id":"https:\/\/www.istituto-bellieni.it\/#\/schema\/person\/ad5e2af9b2c2e2673c3d93d608b4dc7b","name":"admin","image":{"@type":"ImageObject","inLanguage":"sc-SC","@id":"https:\/\/secure.gravatar.com\/avatar\/6c3757f6686398e5a09f7b3113e4e325728a02ba358a49d250222878791cf4e7?s=96&d=mm&r=g","url":"https:\/\/secure.gravatar.com\/avatar\/6c3757f6686398e5a09f7b3113e4e325728a02ba358a49d250222878791cf4e7?s=96&d=mm&r=g","contentUrl":"https:\/\/secure.gravatar.com\/avatar\/6c3757f6686398e5a09f7b3113e4e325728a02ba358a49d250222878791cf4e7?s=96&d=mm&r=g","caption":"admin"},"sameAs":["https:\/\/www.istituto-bellieni.it\/"],"url":"https:\/\/www.istituto-bellieni.it\/sc\/author\/admin\/"}]}},"_links":{"self":[{"href":"https:\/\/www.istituto-bellieni.it\/sc\/wp-json\/wp\/v2\/posts\/30902","targetHints":{"allow":["GET"]}}],"collection":[{"href":"https:\/\/www.istituto-bellieni.it\/sc\/wp-json\/wp\/v2\/posts"}],"about":[{"href":"https:\/\/www.istituto-bellieni.it\/sc\/wp-json\/wp\/v2\/types\/post"}],"author":[{"embeddable":true,"href":"https:\/\/www.istituto-bellieni.it\/sc\/wp-json\/wp\/v2\/users\/1"}],"replies":[{"embeddable":true,"href":"https:\/\/www.istituto-bellieni.it\/sc\/wp-json\/wp\/v2\/comments?post=30902"}],"version-history":[{"count":7,"href":"https:\/\/www.istituto-bellieni.it\/sc\/wp-json\/wp\/v2\/posts\/30902\/revisions"}],"predecessor-version":[{"id":31028,"href":"https:\/\/www.istituto-bellieni.it\/sc\/wp-json\/wp\/v2\/posts\/30902\/revisions\/31028"}],"wp:attachment":[{"href":"https:\/\/www.istituto-bellieni.it\/sc\/wp-json\/wp\/v2\/media?parent=30902"}],"wp:term":[{"taxonomy":"category","embeddable":true,"href":"https:\/\/www.istituto-bellieni.it\/sc\/wp-json\/wp\/v2\/categories?post=30902"},{"taxonomy":"post_tag","embeddable":true,"href":"https:\/\/www.istituto-bellieni.it\/sc\/wp-json\/wp\/v2\/tags?post=30902"}],"curies":[{"name":"wp","href":"https:\/\/api.w.org\/{rel}","templated":true}]}}