{"id":30911,"date":"2026-01-05T15:44:38","date_gmt":"2026-01-05T15:44:38","guid":{"rendered":"https:\/\/www.istituto-bellieni.it\/presentatzione-de-sosservatoriu-limbas-minoritarias\/"},"modified":"2026-01-08T09:02:56","modified_gmt":"2026-01-08T09:02:56","slug":"presentatzione-de-sosservatoriu-limbas-minoritarias","status":"publish","type":"post","link":"https:\/\/www.istituto-bellieni.it\/sc\/presentatzione-de-sosservatoriu-limbas-minoritarias\/","title":{"rendered":"Presentatzione de s&#8217;Osservat\u00f2riu Limbas Minorit\u00e0rias"},"content":{"rendered":"\t\t<div data-elementor-type=\"wp-post\" data-elementor-id=\"30911\" class=\"elementor elementor-30911 elementor-30860\" data-elementor-post-type=\"post\">\n\t\t\t\t\t\t<section class=\"elementor-section elementor-top-section elementor-element elementor-element-c1d9f28 elementor-section-boxed elementor-section-height-default elementor-section-height-default\" data-id=\"c1d9f28\" data-element_type=\"section\" data-e-type=\"section\">\n\t\t\t\t\t\t<div class=\"elementor-container elementor-column-gap-default\">\n\t\t\t\t\t<div class=\"elementor-column elementor-col-100 elementor-top-column elementor-element elementor-element-a558205\" data-id=\"a558205\" data-element_type=\"column\" data-e-type=\"column\">\n\t\t\t<div class=\"elementor-widget-wrap elementor-element-populated\">\n\t\t\t\t\t\t<div class=\"elementor-element elementor-element-87a04bb elementor-widget elementor-widget-turitor-title\" data-id=\"87a04bb\" data-element_type=\"widget\" data-e-type=\"widget\" data-settings=\"{&quot;ekit_we_effect_on&quot;:&quot;none&quot;}\" data-widget_type=\"turitor-title.default\">\n\t\t\t\t<div class=\"elementor-widget-container\">\n\t\t\t\t\t\n   <div class=\"ts-section-title title-left\">\n\t\t<h2 class=\"section-title \">\n\t\t\t\t\t\t\t<span class=\"sub-title\">Di Daniela Masia Urgu<\/span>\n\t\t\t        Finalidade, filosofia e laborat\u00f2riu permanente de atzione     <\/h2>\n               <i class=\"\"><\/i>\n\t\t\t      \t\t\t\n   <\/div>\n    \n    \t\t\t\t<\/div>\n\t\t\t\t<\/div>\n\t\t\t\t\t<\/div>\n\t\t<\/div>\n\t\t\t\t\t<\/div>\n\t\t<\/section>\n\t\t\t\t<section class=\"elementor-section elementor-top-section elementor-element elementor-element-c1e1922 elementor-section-boxed elementor-section-height-default elementor-section-height-default\" data-id=\"c1e1922\" data-element_type=\"section\" data-e-type=\"section\">\n\t\t\t\t\t\t<div class=\"elementor-container elementor-column-gap-default\">\n\t\t\t\t\t<div class=\"elementor-column elementor-col-100 elementor-top-column elementor-element elementor-element-f28382a\" data-id=\"f28382a\" data-element_type=\"column\" data-e-type=\"column\">\n\t\t\t<div class=\"elementor-widget-wrap elementor-element-populated\">\n\t\t\t\t\t\t<div class=\"elementor-element elementor-element-0c62107 elementor-widget elementor-widget-text-editor\" data-id=\"0c62107\" data-element_type=\"widget\" data-e-type=\"widget\" data-settings=\"{&quot;ekit_we_effect_on&quot;:&quot;none&quot;}\" data-widget_type=\"text-editor.default\">\n\t\t\t\t<div class=\"elementor-widget-container\">\n\t\t\t\t\t\t\t\t\t<p>S&#8217;Osservat\u00f2riu subra de sas Limbas Minorit\u00e0rias si proponet comente a unu trastu operativu cualificadu e avantzadu de s\u2019Istitutu de Ist\u00f9dios e Chircas \u201cCamillo Bellieni\u201d. Sa costitutzione de s&#8217;Osservat\u00f2riu af\u00f2rtiat galu de prus sa missione de s&#8217;Istitutu, impinnadu, in manera ist\u00f2rica, in sa promotzione de s&#8217;identidade sarda e in s&#8217;amparu de su pluralismu lingu\u00ecsticu. S\u2019Osservat\u00f2riu si cunfigurat comente a un\u2019evolutzione naturale de sas fainas acumpridas dae s\u2019Istitutu in su per\u00ecodu<br \/>de prus de trinta annos (barigande sos 36 annos), oferende pr\u00e0ticas bonas e unu sustennu operativu pro sas pol\u00ecticas lingu\u00ecsticas fatas in sas carreras, in sas domos, in sas biddas, in tzitade, in iscola e ognu \u00e0mbitu de sa vida. Cun sa mira de prop\u00f2nnere semper sa l\u00ecnea de sustennu de sas leges de amparu e de sa operatividade pr\u00e0tica in sas comuninades lingu\u00ecsticas, cun s\u2019isetu de m\u00f2vere s\u2019idea chi pro chi sa limba siat una realidade cuncreta, siat netzess\u00e0riu p\u00f2nnere manu semper de prus a su printz\u00ecpiu de normalizare sa limba in sos cuntestos de vida a fitianu, gasi chi non siat ebbia unu modu conservativu de la cunsiderare ma siat intregada a sa realide de su tempus modernu.<\/p><p>In s\u2019atividade de an\u00e0lisi e osservatzione sua at a \u00f2perare adotende un&#8217;acostamentu multidisciplin\u00e0riu pro su compudu de sa trasmissione intergeneratzionale, bortende s&#8217;an\u00e0lisi in atzione cuncreta a traessu de s&#8217;isperimentatzione e sa valorizatzione de sas esperi\u00e8ntzias maduradas in campu.<\/p><p>Dae sas atividades de contivizu e bardia territoriale pro su m\u00e8diu de su traballu in sos isportellos lingu\u00ecsticos e sa promotzione e s&#8217;impreu de sa limba in su teatru in limba siat in sardu siat in tataresu.<br \/>Su tataresu est sustentadu cun apentu e in modu ativu s&#8217;isvilupu e sa promotzione sua, finas cun fainas de livellu ufitziale comente a sa congruida de s&#8217;istandard (fatu cun inc\u00e0rrigu de sa Regione Sardigna) e sa cumpridura de su vocabol\u00e0riu de tataresu chi est in publicatzione, ma finas a sas \u00e0teras variedades minorit\u00e0rias reconnotas.<\/p><p>Sende unu trastu operativu de s\u2019Istitutu Camillo Bellieni, s\u2019Osservat\u00f2riu ad a impitare pro acumprire sa faina sua, sos riferimentos e sas relatziones cun organismos europeos comente a sa Coppieters Foundation, francu de sa Regione Sardigna e de sos Ministeros cumpetentes, pro intregare s\u2019esperi\u00e8ntzia locale in sa dibata europea subra sos deretos de sas minor\u00e0ntzias e subra sas pol\u00ecticas lingu\u00ecsticas, dende unu cuadru agiornadu subra sas atziones propostas e custu lig\u00e0mene tra s\u2019Istitutu Camillo Bellieni e sa Coppieters Foundation de Bruxelles est una l\u00ecnea printzipale chi ponet in comunicatzione sa Sardigna cun sas istitutziones europeas pro su chi pertocat su printz\u00ecpiu de s\u2019autodeterminatzione e sos deretos lingu\u00ecsticos.<\/p><p>Sa Coppieters Foundation est unu tzentru de ist\u00f9dios europeu (ligadu a s&#8217;alle\u00e0ntzia pol\u00ectica European Free Alliance &#8211; EFA) chi punnat a s&#8217;amparu de sa diversidade culturale e lingu\u00ecstica, a su federalismu e a su deretu de sos p\u00f2pulos de sas minor\u00e0ntzias a s&#8217;autoguvernu in Europa.<\/p><p>In custa faina noa at a \u00e8ssere sa l\u00ecnea chi movet totu su traballu de s\u2019Istitutu Bellieni in contu de sa limba e sa cultura sarda, chi si fundat subra s&#8217;idea chi sa pol\u00ectica lingu\u00ecstica depat \u00e8ssere ghiada dae s&#8217;isp\u00ecritu formativu de sa geografia de s&#8217;\u00e0nima, una met\u00e0fora filos\u00f2fica ch\u2019isplicat su lig\u00e0mine chi non si podet is\u00f2rvere tra s&#8217;identidade profunda de una comunidade e s&#8217;isp\u00e0tziu f\u00ecsicu in ue issa bivit.<br \/>In custu sensu, sa limba sarda no est ebbia un&#8217;istrumentu pro comunicare, ma rapresentat una mapa emotiva de su territ\u00f2riu, faghende de interfatza e de ponte intre s&#8217;individuu e su paes\u00e0giu chi lu tzircundat. Comente amparadore e remunidore de sa mem\u00f2ria, sa limba mantenet bia s&#8217;identidade colletiva comente sa toponom\u00e0stica e sas sabidoriasligadas a sa terra, deventende unu vetore identit\u00e0riu de fundamentu chi, si benit a mancare, lassat su territ\u00f2riu sena profundidade simb\u00f2lica e sa comunidade in un&#8217;istadu de disperdimentu e iscusertu culturale. Sos s\u00ecmbulos sunt a sa base de sa definitzione de s\u2019aparten\u00e8ntzia sena s\u00ecmbulos sa comunidade perdet sa ghia. Su territ\u00f2riu non est cunsideradu, in custu arrejonu, una l\u00e0cana amministrativa o a sa cartografia ufitziale de s&#8217;istadu ebbia. Ma su territ\u00f2riu est definidu dae sa geografia de sas limbas, un&#8217;isp\u00e0tziu biu chi benit prasmadu dae sas pr\u00e0ticas de cada die e dae sa limba chi lu n\u00f9menat e lu faghet esistire.<br \/>Sa limba, pro subrab\u00ecvere e mant\u00e8nnere sa balia sua, tenet bis\u00f2ngju de logos biosin ue potzat \u00e8ssere bida, trasm\u00ectida e reconnota dae totus. Sa vitalidade de su sardu, ma chi balet pro totu sas limbas de minor\u00e0ntzia,si mesurat tando pro sa pres\u00e8ntzia sua ativa in custos isp\u00e0tzios de vida, chi costituint unu territ\u00f2riu beru in ue sa comunidade podet fundare su benidore suo. Sa limba comente mapa de su territ\u00f2riu chi marcat sa difer\u00e8ntzia tra isp\u00e0tziu amministrativu e isp\u00e0tziu de vida.<\/p>\t\t\t\t\t\t\t\t<\/div>\n\t\t\t\t<\/div>\n\t\t\t\t\t<\/div>\n\t\t<\/div>\n\t\t\t\t\t<\/div>\n\t\t<\/section>\n\t\t\t\t<\/div>\n\t\t","protected":false},"excerpt":{"rendered":"<p>Di Daniela Masia Urgu.<\/p>\n","protected":false},"author":1,"featured_media":0,"comment_status":"closed","ping_status":"closed","sticky":false,"template":"","format":"standard","meta":{"footnotes":""},"categories":[160],"tags":[166],"class_list":["post-30911","post","type-post","status-publish","format-standard","hentry","category-osservatorio-linguistico","tag-lingue-minoritarie-e-sardo"],"yoast_head":"<!-- This site is optimized with the Yoast SEO plugin v27.4 - https:\/\/yoast.com\/product\/yoast-seo-wordpress\/ -->\n<title>Presentatzione de s&#039;Osservat\u00f2riu Limbas Minorit\u00e0rias - Istituto Camillo Bellieni Sassari<\/title>\n<meta name=\"description\" content=\"Di Daniela Masia Urgu.\" \/>\n<meta name=\"robots\" content=\"index, follow, max-snippet:-1, max-image-preview:large, max-video-preview:-1\" \/>\n<link rel=\"canonical\" href=\"https:\/\/www.istituto-bellieni.it\/sc\/presentatzione-de-sosservatoriu-limbas-minoritarias\/\" \/>\n<meta property=\"og:locale\" content=\"en_US\" \/>\n<meta property=\"og:type\" content=\"article\" \/>\n<meta property=\"og:title\" content=\"Presentatzione de s&#039;Osservat\u00f2riu Limbas Minorit\u00e0rias - Istituto Camillo Bellieni Sassari\" \/>\n<meta property=\"og:description\" content=\"Di Daniela Masia Urgu.\" \/>\n<meta property=\"og:url\" content=\"https:\/\/www.istituto-bellieni.it\/sc\/presentatzione-de-sosservatoriu-limbas-minoritarias\/\" \/>\n<meta property=\"og:site_name\" content=\"Istituto Camillo Bellieni Sassari\" \/>\n<meta property=\"article:publisher\" content=\"https:\/\/www.facebook.com\/IstitutoBellieni\" \/>\n<meta property=\"article:published_time\" content=\"2026-01-05T15:44:38+00:00\" \/>\n<meta property=\"article:modified_time\" content=\"2026-01-08T09:02:56+00:00\" \/>\n<meta name=\"author\" content=\"admin\" \/>\n<meta name=\"twitter:card\" content=\"summary_large_image\" \/>\n<meta name=\"twitter:label1\" content=\"Written by\" \/>\n\t<meta name=\"twitter:data1\" content=\"admin\" \/>\n\t<meta name=\"twitter:label2\" content=\"Est. reading time\" \/>\n\t<meta name=\"twitter:data2\" content=\"5 minutes\" \/>\n<script type=\"application\/ld+json\" class=\"yoast-schema-graph\">{\"@context\":\"https:\\\/\\\/schema.org\",\"@graph\":[{\"@type\":\"Article\",\"@id\":\"https:\\\/\\\/www.istituto-bellieni.it\\\/sc\\\/presentatzione-de-sosservatoriu-limbas-minoritarias\\\/#article\",\"isPartOf\":{\"@id\":\"https:\\\/\\\/www.istituto-bellieni.it\\\/sc\\\/presentatzione-de-sosservatoriu-limbas-minoritarias\\\/\"},\"author\":{\"name\":\"admin\",\"@id\":\"https:\\\/\\\/www.istituto-bellieni.it\\\/#\\\/schema\\\/person\\\/ad5e2af9b2c2e2673c3d93d608b4dc7b\"},\"headline\":\"Presentatzione de s&#8217;Osservat\u00f2riu Limbas Minorit\u00e0rias\",\"datePublished\":\"2026-01-05T15:44:38+00:00\",\"dateModified\":\"2026-01-08T09:02:56+00:00\",\"mainEntityOfPage\":{\"@id\":\"https:\\\/\\\/www.istituto-bellieni.it\\\/sc\\\/presentatzione-de-sosservatoriu-limbas-minoritarias\\\/\"},\"wordCount\":915,\"publisher\":{\"@id\":\"https:\\\/\\\/www.istituto-bellieni.it\\\/#organization\"},\"keywords\":[\"Lingue Minoritarie e Sardo\"],\"articleSection\":[\"Osservatorio Linguistico\"],\"inLanguage\":\"sc-SC\"},{\"@type\":\"WebPage\",\"@id\":\"https:\\\/\\\/www.istituto-bellieni.it\\\/sc\\\/presentatzione-de-sosservatoriu-limbas-minoritarias\\\/\",\"url\":\"https:\\\/\\\/www.istituto-bellieni.it\\\/sc\\\/presentatzione-de-sosservatoriu-limbas-minoritarias\\\/\",\"name\":\"Presentatzione de s'Osservat\u00f2riu Limbas Minorit\u00e0rias - Istituto Camillo Bellieni Sassari\",\"isPartOf\":{\"@id\":\"https:\\\/\\\/www.istituto-bellieni.it\\\/#website\"},\"datePublished\":\"2026-01-05T15:44:38+00:00\",\"dateModified\":\"2026-01-08T09:02:56+00:00\",\"description\":\"Di Daniela Masia Urgu.\",\"breadcrumb\":{\"@id\":\"https:\\\/\\\/www.istituto-bellieni.it\\\/sc\\\/presentatzione-de-sosservatoriu-limbas-minoritarias\\\/#breadcrumb\"},\"inLanguage\":\"sc-SC\",\"potentialAction\":[{\"@type\":\"ReadAction\",\"target\":[\"https:\\\/\\\/www.istituto-bellieni.it\\\/sc\\\/presentatzione-de-sosservatoriu-limbas-minoritarias\\\/\"]}]},{\"@type\":\"BreadcrumbList\",\"@id\":\"https:\\\/\\\/www.istituto-bellieni.it\\\/sc\\\/presentatzione-de-sosservatoriu-limbas-minoritarias\\\/#breadcrumb\",\"itemListElement\":[{\"@type\":\"ListItem\",\"position\":1,\"name\":\"Home\",\"item\":\"https:\\\/\\\/www.istituto-bellieni.it\\\/sc\\\/\"},{\"@type\":\"ListItem\",\"position\":2,\"name\":\"Presentatzione de s&#8217;Osservat\u00f2riu Limbas Minorit\u00e0rias\"}]},{\"@type\":\"WebSite\",\"@id\":\"https:\\\/\\\/www.istituto-bellieni.it\\\/#website\",\"url\":\"https:\\\/\\\/www.istituto-bellieni.it\\\/\",\"name\":\"Istituto Camillo Bellieni Sassari\",\"description\":\"Il sito web dell&#039;Istituto di studi e ricerche Camillo Bellieni di Sassari\",\"publisher\":{\"@id\":\"https:\\\/\\\/www.istituto-bellieni.it\\\/#organization\"},\"potentialAction\":[{\"@type\":\"SearchAction\",\"target\":{\"@type\":\"EntryPoint\",\"urlTemplate\":\"https:\\\/\\\/www.istituto-bellieni.it\\\/?s={search_term_string}\"},\"query-input\":{\"@type\":\"PropertyValueSpecification\",\"valueRequired\":true,\"valueName\":\"search_term_string\"}}],\"inLanguage\":\"sc-SC\"},{\"@type\":\"Organization\",\"@id\":\"https:\\\/\\\/www.istituto-bellieni.it\\\/#organization\",\"name\":\"Istituto di Studi e Ricerce Camillo Bellieni Sassari\",\"url\":\"https:\\\/\\\/www.istituto-bellieni.it\\\/\",\"logo\":{\"@type\":\"ImageObject\",\"inLanguage\":\"sc-SC\",\"@id\":\"https:\\\/\\\/www.istituto-bellieni.it\\\/#\\\/schema\\\/logo\\\/image\\\/\",\"url\":\"https:\\\/\\\/www.istituto-bellieni.it\\\/wp-content\\\/uploads\\\/2022\\\/02\\\/logo-vect.svg\",\"contentUrl\":\"https:\\\/\\\/www.istituto-bellieni.it\\\/wp-content\\\/uploads\\\/2022\\\/02\\\/logo-vect.svg\",\"width\":305.021,\"height\":176.34,\"caption\":\"Istituto di Studi e Ricerce Camillo Bellieni Sassari\"},\"image\":{\"@id\":\"https:\\\/\\\/www.istituto-bellieni.it\\\/#\\\/schema\\\/logo\\\/image\\\/\"},\"sameAs\":[\"https:\\\/\\\/www.facebook.com\\\/IstitutoBellieni\"]},{\"@type\":\"Person\",\"@id\":\"https:\\\/\\\/www.istituto-bellieni.it\\\/#\\\/schema\\\/person\\\/ad5e2af9b2c2e2673c3d93d608b4dc7b\",\"name\":\"admin\",\"image\":{\"@type\":\"ImageObject\",\"inLanguage\":\"sc-SC\",\"@id\":\"https:\\\/\\\/secure.gravatar.com\\\/avatar\\\/6c3757f6686398e5a09f7b3113e4e325728a02ba358a49d250222878791cf4e7?s=96&d=mm&r=g\",\"url\":\"https:\\\/\\\/secure.gravatar.com\\\/avatar\\\/6c3757f6686398e5a09f7b3113e4e325728a02ba358a49d250222878791cf4e7?s=96&d=mm&r=g\",\"contentUrl\":\"https:\\\/\\\/secure.gravatar.com\\\/avatar\\\/6c3757f6686398e5a09f7b3113e4e325728a02ba358a49d250222878791cf4e7?s=96&d=mm&r=g\",\"caption\":\"admin\"},\"sameAs\":[\"https:\\\/\\\/www.istituto-bellieni.it\\\/\"],\"url\":\"https:\\\/\\\/www.istituto-bellieni.it\\\/sc\\\/author\\\/admin\\\/\"}]}<\/script>\n<!-- \/ Yoast SEO plugin. -->","yoast_head_json":{"title":"Presentatzione de s'Osservat\u00f2riu Limbas Minorit\u00e0rias - Istituto Camillo Bellieni Sassari","description":"Di Daniela Masia Urgu.","robots":{"index":"index","follow":"follow","max-snippet":"max-snippet:-1","max-image-preview":"max-image-preview:large","max-video-preview":"max-video-preview:-1"},"canonical":"https:\/\/www.istituto-bellieni.it\/sc\/presentatzione-de-sosservatoriu-limbas-minoritarias\/","og_locale":"en_US","og_type":"article","og_title":"Presentatzione de s'Osservat\u00f2riu Limbas Minorit\u00e0rias - Istituto Camillo Bellieni Sassari","og_description":"Di Daniela Masia Urgu.","og_url":"https:\/\/www.istituto-bellieni.it\/sc\/presentatzione-de-sosservatoriu-limbas-minoritarias\/","og_site_name":"Istituto Camillo Bellieni Sassari","article_publisher":"https:\/\/www.facebook.com\/IstitutoBellieni","article_published_time":"2026-01-05T15:44:38+00:00","article_modified_time":"2026-01-08T09:02:56+00:00","author":"admin","twitter_card":"summary_large_image","twitter_misc":{"Written by":"admin","Est. reading time":"5 minutes"},"schema":{"@context":"https:\/\/schema.org","@graph":[{"@type":"Article","@id":"https:\/\/www.istituto-bellieni.it\/sc\/presentatzione-de-sosservatoriu-limbas-minoritarias\/#article","isPartOf":{"@id":"https:\/\/www.istituto-bellieni.it\/sc\/presentatzione-de-sosservatoriu-limbas-minoritarias\/"},"author":{"name":"admin","@id":"https:\/\/www.istituto-bellieni.it\/#\/schema\/person\/ad5e2af9b2c2e2673c3d93d608b4dc7b"},"headline":"Presentatzione de s&#8217;Osservat\u00f2riu Limbas Minorit\u00e0rias","datePublished":"2026-01-05T15:44:38+00:00","dateModified":"2026-01-08T09:02:56+00:00","mainEntityOfPage":{"@id":"https:\/\/www.istituto-bellieni.it\/sc\/presentatzione-de-sosservatoriu-limbas-minoritarias\/"},"wordCount":915,"publisher":{"@id":"https:\/\/www.istituto-bellieni.it\/#organization"},"keywords":["Lingue Minoritarie e Sardo"],"articleSection":["Osservatorio Linguistico"],"inLanguage":"sc-SC"},{"@type":"WebPage","@id":"https:\/\/www.istituto-bellieni.it\/sc\/presentatzione-de-sosservatoriu-limbas-minoritarias\/","url":"https:\/\/www.istituto-bellieni.it\/sc\/presentatzione-de-sosservatoriu-limbas-minoritarias\/","name":"Presentatzione de s'Osservat\u00f2riu Limbas Minorit\u00e0rias - Istituto Camillo Bellieni Sassari","isPartOf":{"@id":"https:\/\/www.istituto-bellieni.it\/#website"},"datePublished":"2026-01-05T15:44:38+00:00","dateModified":"2026-01-08T09:02:56+00:00","description":"Di Daniela Masia Urgu.","breadcrumb":{"@id":"https:\/\/www.istituto-bellieni.it\/sc\/presentatzione-de-sosservatoriu-limbas-minoritarias\/#breadcrumb"},"inLanguage":"sc-SC","potentialAction":[{"@type":"ReadAction","target":["https:\/\/www.istituto-bellieni.it\/sc\/presentatzione-de-sosservatoriu-limbas-minoritarias\/"]}]},{"@type":"BreadcrumbList","@id":"https:\/\/www.istituto-bellieni.it\/sc\/presentatzione-de-sosservatoriu-limbas-minoritarias\/#breadcrumb","itemListElement":[{"@type":"ListItem","position":1,"name":"Home","item":"https:\/\/www.istituto-bellieni.it\/sc\/"},{"@type":"ListItem","position":2,"name":"Presentatzione de s&#8217;Osservat\u00f2riu Limbas Minorit\u00e0rias"}]},{"@type":"WebSite","@id":"https:\/\/www.istituto-bellieni.it\/#website","url":"https:\/\/www.istituto-bellieni.it\/","name":"Istituto Camillo Bellieni Sassari","description":"Il sito web dell&#039;Istituto di studi e ricerche Camillo Bellieni di Sassari","publisher":{"@id":"https:\/\/www.istituto-bellieni.it\/#organization"},"potentialAction":[{"@type":"SearchAction","target":{"@type":"EntryPoint","urlTemplate":"https:\/\/www.istituto-bellieni.it\/?s={search_term_string}"},"query-input":{"@type":"PropertyValueSpecification","valueRequired":true,"valueName":"search_term_string"}}],"inLanguage":"sc-SC"},{"@type":"Organization","@id":"https:\/\/www.istituto-bellieni.it\/#organization","name":"Istituto di Studi e Ricerce Camillo Bellieni Sassari","url":"https:\/\/www.istituto-bellieni.it\/","logo":{"@type":"ImageObject","inLanguage":"sc-SC","@id":"https:\/\/www.istituto-bellieni.it\/#\/schema\/logo\/image\/","url":"https:\/\/www.istituto-bellieni.it\/wp-content\/uploads\/2022\/02\/logo-vect.svg","contentUrl":"https:\/\/www.istituto-bellieni.it\/wp-content\/uploads\/2022\/02\/logo-vect.svg","width":305.021,"height":176.34,"caption":"Istituto di Studi e Ricerce Camillo Bellieni Sassari"},"image":{"@id":"https:\/\/www.istituto-bellieni.it\/#\/schema\/logo\/image\/"},"sameAs":["https:\/\/www.facebook.com\/IstitutoBellieni"]},{"@type":"Person","@id":"https:\/\/www.istituto-bellieni.it\/#\/schema\/person\/ad5e2af9b2c2e2673c3d93d608b4dc7b","name":"admin","image":{"@type":"ImageObject","inLanguage":"sc-SC","@id":"https:\/\/secure.gravatar.com\/avatar\/6c3757f6686398e5a09f7b3113e4e325728a02ba358a49d250222878791cf4e7?s=96&d=mm&r=g","url":"https:\/\/secure.gravatar.com\/avatar\/6c3757f6686398e5a09f7b3113e4e325728a02ba358a49d250222878791cf4e7?s=96&d=mm&r=g","contentUrl":"https:\/\/secure.gravatar.com\/avatar\/6c3757f6686398e5a09f7b3113e4e325728a02ba358a49d250222878791cf4e7?s=96&d=mm&r=g","caption":"admin"},"sameAs":["https:\/\/www.istituto-bellieni.it\/"],"url":"https:\/\/www.istituto-bellieni.it\/sc\/author\/admin\/"}]}},"_links":{"self":[{"href":"https:\/\/www.istituto-bellieni.it\/sc\/wp-json\/wp\/v2\/posts\/30911","targetHints":{"allow":["GET"]}}],"collection":[{"href":"https:\/\/www.istituto-bellieni.it\/sc\/wp-json\/wp\/v2\/posts"}],"about":[{"href":"https:\/\/www.istituto-bellieni.it\/sc\/wp-json\/wp\/v2\/types\/post"}],"author":[{"embeddable":true,"href":"https:\/\/www.istituto-bellieni.it\/sc\/wp-json\/wp\/v2\/users\/1"}],"replies":[{"embeddable":true,"href":"https:\/\/www.istituto-bellieni.it\/sc\/wp-json\/wp\/v2\/comments?post=30911"}],"version-history":[{"count":4,"href":"https:\/\/www.istituto-bellieni.it\/sc\/wp-json\/wp\/v2\/posts\/30911\/revisions"}],"predecessor-version":[{"id":31004,"href":"https:\/\/www.istituto-bellieni.it\/sc\/wp-json\/wp\/v2\/posts\/30911\/revisions\/31004"}],"wp:attachment":[{"href":"https:\/\/www.istituto-bellieni.it\/sc\/wp-json\/wp\/v2\/media?parent=30911"}],"wp:term":[{"taxonomy":"category","embeddable":true,"href":"https:\/\/www.istituto-bellieni.it\/sc\/wp-json\/wp\/v2\/categories?post=30911"},{"taxonomy":"post_tag","embeddable":true,"href":"https:\/\/www.istituto-bellieni.it\/sc\/wp-json\/wp\/v2\/tags?post=30911"}],"curies":[{"name":"wp","href":"https:\/\/api.w.org\/{rel}","templated":true}]}}