{"id":31121,"date":"2026-02-03T18:12:29","date_gmt":"2026-02-03T18:12:29","guid":{"rendered":"https:\/\/www.istituto-bellieni.it\/?p=31121"},"modified":"2026-02-03T18:32:29","modified_gmt":"2026-02-03T18:32:29","slug":"limpurthanzia-di-lu-laboratoriu-linghisthiggu","status":"publish","type":"post","link":"https:\/\/www.istituto-bellieni.it\/sc\/limpurthanzia-di-lu-laboratoriu-linghisthiggu\/","title":{"rendered":"L\u2019impurthanzia di lu laboratoriu linghisthiggu"},"content":{"rendered":"\t\t<div data-elementor-type=\"wp-post\" data-elementor-id=\"31121\" class=\"elementor elementor-31121 elementor-31116\" data-elementor-post-type=\"post\">\n\t\t\t\t\t\t<section class=\"elementor-section elementor-top-section elementor-element elementor-element-c1d9f28 elementor-section-boxed elementor-section-height-default elementor-section-height-default\" data-id=\"c1d9f28\" data-element_type=\"section\" data-e-type=\"section\">\n\t\t\t\t\t\t<div class=\"elementor-container elementor-column-gap-default\">\n\t\t\t\t\t<div class=\"elementor-column elementor-col-100 elementor-top-column elementor-element elementor-element-a558205\" data-id=\"a558205\" data-element_type=\"column\" data-e-type=\"column\">\n\t\t\t<div class=\"elementor-widget-wrap elementor-element-populated\">\n\t\t\t\t\t\t<div class=\"elementor-element elementor-element-87a04bb elementor-widget elementor-widget-turitor-title\" data-id=\"87a04bb\" data-element_type=\"widget\" data-e-type=\"widget\" data-settings=\"{&quot;ekit_we_effect_on&quot;:&quot;none&quot;}\" data-widget_type=\"turitor-title.default\">\n\t\t\t\t<div class=\"elementor-widget-container\">\n\t\t\t\t\t\n   <div class=\"ts-section-title title-left\">\n\t\t<h2 class=\"section-title \">\n\t\t\t\t\t\t\t<span class=\"sub-title\">Di Mario Marras<\/span>\n\t\t\t        Cantu po ass\u00e9 impurthanti sigh\u00ec un laboratoriu linghisthiggu? E si la linga intaressadda \u00e8 fabiddadda soru ind\u2019 una parthi di territoriu?     <\/h2>\n               <i class=\"\"><\/i>\n\t\t\t      \t\t\t\n   <\/div>\n    \n    \t\t\t\t<\/div>\n\t\t\t\t<\/div>\n\t\t\t\t\t<\/div>\n\t\t<\/div>\n\t\t\t\t\t<\/div>\n\t\t<\/section>\n\t\t\t\t<section class=\"elementor-section elementor-top-section elementor-element elementor-element-c1e1922 elementor-section-boxed elementor-section-height-default elementor-section-height-default\" data-id=\"c1e1922\" data-element_type=\"section\" data-e-type=\"section\">\n\t\t\t\t\t\t<div class=\"elementor-container elementor-column-gap-default\">\n\t\t\t\t\t<div class=\"elementor-column elementor-col-100 elementor-top-column elementor-element elementor-element-f28382a\" data-id=\"f28382a\" data-element_type=\"column\" data-e-type=\"column\">\n\t\t\t<div class=\"elementor-widget-wrap elementor-element-populated\">\n\t\t\t\t\t\t<div class=\"elementor-element elementor-element-0c62107 elementor-widget elementor-widget-text-editor\" data-id=\"0c62107\" data-element_type=\"widget\" data-e-type=\"widget\" data-settings=\"{&quot;ekit_we_effect_on&quot;:&quot;none&quot;}\" data-widget_type=\"text-editor.default\">\n\t\t\t\t<div class=\"elementor-widget-container\">\n\t\t\t\t\t\t\t\t\t<p>A chistha dummanda si po\u2019 rippund\u00ec in tanti maneri. Tandu inogghi trattemmu soru di la linga sassaresa o turritana, chi si fabedda in Sassari, Sossu, Porthu Torra e Isthintini, saristhia a d\u00ec i\u2019 la Sardhigna di maisthrari. Trattendisi d\u2019una linga chi \u00e8 arrischendi di pirdhissi pa \u2018 umb\u00e8 di rasgioni, impignassi a fa un laboratoriu pa\u2019\u00a0 ca vo imparalla o migliuralla \u00e8 assai impurthanti, acch\u00ec po ass\u00e9 un aggiuddu mannu pa\u2019 tin\u00ec vibi\u00a0 l\u2019identiddai, lu fabeddu e \u00a0li r\u00e9guri di l\u2019ortografia.<\/p><p>Ed \u00e8 propiu la chisthioni di l\u2019ortografia a intaress\u00e0 lu sassaresu, acch\u00ec pa\u2019 tantu tempu li chi ani ischrittu in chistha linga no sigh\u00ecani una r\u00e9gura prizzisa, cunvinti d\u2019ass\u00e9 sempri fendi la cosa pi\u00f9 giustha. E cuss\u00ec si pudia ligg\u00ec la matessi paraura ischritta in dui o tre maneri dibessi, cumenti <em>balconi, balchoni, baschoni<\/em>, tantu pa\u2019 fa un esempiu.<\/p><p>L\u2019isci\u00f2baru di f\u00e0\u00a0 un laboratoriu pa\u2019 impar\u00e0 li r\u00e9guri nezzessari a ischrib\u00ec in la manera giustha \u00e8 isthaddu d\u2019impurthanzia manna assai, v\u2019\u00e9rani tanti passoni chi no aisittabani althru e chi ani pigliaddu parthi a li laboratori chi so ischuminzaddi a lu mancu da lu 2023, da candu \u00e8 isciddu lu Standard ortograficu di lu sassaresu.<\/p><p>In chisthi occasioni s\u2019\u00e8 visthu cantu era impurthanti: li passoni, no tutti giobaneddi ma tutti assai impignaddi e curiosi, ani vuruddu dassi chi f\u00e0 pa\u2019 cumprind\u00ec cantu era beddu impar\u00e0 megliu la linga e li so reguri grammaticari ma, massimamenti, chissi chi riguardhani l\u2019ortografia. Vin\u00ecani da ippirienzi dibessi, v\u2019era ca fabiddaba megliu e ca no abia mai intesu zerthi par\u00e0uri, ca abia sempri fabiddaddu ind\u2019una manera, siguru d\u2019ass\u00e9 da la parthi giustha,\u00a0 e ca inveci dizia una cosa dibessa.\u00a0 E propiu da chisthi discussioni e da lu cunfrontu \u00e8 isthaddu pi\u00f9 fazziri arrib\u00ec a chissa chi era la suruzioni di lu problema: nisciunu s\u2019\u00e0 pigliaddu la parthi manna, no v\u2019\u00e8 isthadda gana di fa li primi di la classe, ma dugnunu \u00e0 pududdu d\u00ec la so\u2019 gidea chena timoria, sabendi chi v\u2019era lu rippettu di l\u2019althri.\u00a0 A la fini di li laboratori, tutti ani migliuraddu i\u2019 la scrittura e puru i\u2019 la cunniscenzia di li pi\u00f9 impurthanti pueti e ischrittori in linga sassaresa, acch\u00ec ani liggiddu \u00f3bbari prubbiggaddi da lu 1770 finz\u2019a oggi, pigliendi cuss\u00ec cussenzia di li ciambamenti di la linga, videndi par\u00e0uri che no s\u2019impreani pi\u00f9 e parauri nobi intraddi i\u2019 la linga chi si fabedda oggi.<\/p><p>Chisthi so li rasgioni chi dizini cantu benefizziu p\u00f3ni purth\u00e0 li laboratori linghisthigghi, chi voni fatti chena tim\u00ec chi sia tempu pessu: inveci so un ingesthu di curaggiu e s\u00e9ivini a mantin\u00ec viba la tradizioni e forthi\u00a0 l\u2019identiddai.<\/p><p><em>Mario L. Marras<\/em><\/p>\t\t\t\t\t\t\t\t<\/div>\n\t\t\t\t<\/div>\n\t\t\t\t\t<\/div>\n\t\t<\/div>\n\t\t\t\t\t<\/div>\n\t\t<\/section>\n\t\t\t\t<\/div>\n\t\t","protected":false},"excerpt":{"rendered":"<p>Di Mario Marras.<\/p>\n","protected":false},"author":1,"featured_media":0,"comment_status":"closed","ping_status":"closed","sticky":false,"template":"","format":"standard","meta":{"footnotes":""},"categories":[160],"tags":[166],"class_list":["post-31121","post","type-post","status-publish","format-standard","hentry","category-osservatorio-linguistico","tag-lingue-minoritarie-e-sardo"],"yoast_head":"<!-- This site is optimized with the Yoast SEO plugin v27.4 - https:\/\/yoast.com\/product\/yoast-seo-wordpress\/ -->\n<title>L\u2019impurthanzia di lu laboratoriu linghisthiggu - Istituto Camillo Bellieni Sassari<\/title>\n<meta name=\"robots\" content=\"index, follow, max-snippet:-1, max-image-preview:large, max-video-preview:-1\" \/>\n<link rel=\"canonical\" href=\"https:\/\/www.istituto-bellieni.it\/sc\/limpurthanzia-di-lu-laboratoriu-linghisthiggu\/\" \/>\n<meta property=\"og:locale\" content=\"en_US\" \/>\n<meta property=\"og:type\" content=\"article\" \/>\n<meta property=\"og:title\" content=\"L\u2019impurthanzia di lu laboratoriu linghisthiggu - Istituto Camillo Bellieni Sassari\" \/>\n<meta property=\"og:description\" content=\"Di Mario Marras.\" \/>\n<meta property=\"og:url\" content=\"https:\/\/www.istituto-bellieni.it\/sc\/limpurthanzia-di-lu-laboratoriu-linghisthiggu\/\" \/>\n<meta property=\"og:site_name\" content=\"Istituto Camillo Bellieni Sassari\" \/>\n<meta property=\"article:publisher\" content=\"https:\/\/www.facebook.com\/IstitutoBellieni\" \/>\n<meta property=\"article:published_time\" content=\"2026-02-03T18:12:29+00:00\" \/>\n<meta property=\"article:modified_time\" content=\"2026-02-03T18:32:29+00:00\" \/>\n<meta name=\"author\" content=\"admin\" \/>\n<meta name=\"twitter:card\" content=\"summary_large_image\" \/>\n<meta name=\"twitter:label1\" content=\"Written by\" \/>\n\t<meta name=\"twitter:data1\" content=\"admin\" \/>\n\t<meta name=\"twitter:label2\" content=\"Est. reading time\" \/>\n\t<meta name=\"twitter:data2\" content=\"3 minutes\" \/>\n<script type=\"application\/ld+json\" class=\"yoast-schema-graph\">{\"@context\":\"https:\\\/\\\/schema.org\",\"@graph\":[{\"@type\":\"Article\",\"@id\":\"https:\\\/\\\/www.istituto-bellieni.it\\\/sc\\\/limpurthanzia-di-lu-laboratoriu-linghisthiggu\\\/#article\",\"isPartOf\":{\"@id\":\"https:\\\/\\\/www.istituto-bellieni.it\\\/sc\\\/limpurthanzia-di-lu-laboratoriu-linghisthiggu\\\/\"},\"author\":{\"name\":\"admin\",\"@id\":\"https:\\\/\\\/www.istituto-bellieni.it\\\/#\\\/schema\\\/person\\\/ad5e2af9b2c2e2673c3d93d608b4dc7b\"},\"headline\":\"L\u2019impurthanzia di lu laboratoriu linghisthiggu\",\"datePublished\":\"2026-02-03T18:12:29+00:00\",\"dateModified\":\"2026-02-03T18:32:29+00:00\",\"mainEntityOfPage\":{\"@id\":\"https:\\\/\\\/www.istituto-bellieni.it\\\/sc\\\/limpurthanzia-di-lu-laboratoriu-linghisthiggu\\\/\"},\"wordCount\":481,\"publisher\":{\"@id\":\"https:\\\/\\\/www.istituto-bellieni.it\\\/#organization\"},\"keywords\":[\"Lingue Minoritarie e Sardo\"],\"articleSection\":[\"Osservatorio Linguistico\"],\"inLanguage\":\"sc-SC\"},{\"@type\":\"WebPage\",\"@id\":\"https:\\\/\\\/www.istituto-bellieni.it\\\/sc\\\/limpurthanzia-di-lu-laboratoriu-linghisthiggu\\\/\",\"url\":\"https:\\\/\\\/www.istituto-bellieni.it\\\/sc\\\/limpurthanzia-di-lu-laboratoriu-linghisthiggu\\\/\",\"name\":\"L\u2019impurthanzia di lu laboratoriu linghisthiggu - Istituto Camillo Bellieni Sassari\",\"isPartOf\":{\"@id\":\"https:\\\/\\\/www.istituto-bellieni.it\\\/#website\"},\"datePublished\":\"2026-02-03T18:12:29+00:00\",\"dateModified\":\"2026-02-03T18:32:29+00:00\",\"breadcrumb\":{\"@id\":\"https:\\\/\\\/www.istituto-bellieni.it\\\/sc\\\/limpurthanzia-di-lu-laboratoriu-linghisthiggu\\\/#breadcrumb\"},\"inLanguage\":\"sc-SC\",\"potentialAction\":[{\"@type\":\"ReadAction\",\"target\":[\"https:\\\/\\\/www.istituto-bellieni.it\\\/sc\\\/limpurthanzia-di-lu-laboratoriu-linghisthiggu\\\/\"]}]},{\"@type\":\"BreadcrumbList\",\"@id\":\"https:\\\/\\\/www.istituto-bellieni.it\\\/sc\\\/limpurthanzia-di-lu-laboratoriu-linghisthiggu\\\/#breadcrumb\",\"itemListElement\":[{\"@type\":\"ListItem\",\"position\":1,\"name\":\"Home\",\"item\":\"https:\\\/\\\/www.istituto-bellieni.it\\\/sc\\\/\"},{\"@type\":\"ListItem\",\"position\":2,\"name\":\"L\u2019impurthanzia di lu laboratoriu linghisthiggu\"}]},{\"@type\":\"WebSite\",\"@id\":\"https:\\\/\\\/www.istituto-bellieni.it\\\/#website\",\"url\":\"https:\\\/\\\/www.istituto-bellieni.it\\\/\",\"name\":\"Istituto Camillo Bellieni Sassari\",\"description\":\"Il sito web dell&#039;Istituto di studi e ricerche Camillo Bellieni di Sassari\",\"publisher\":{\"@id\":\"https:\\\/\\\/www.istituto-bellieni.it\\\/#organization\"},\"potentialAction\":[{\"@type\":\"SearchAction\",\"target\":{\"@type\":\"EntryPoint\",\"urlTemplate\":\"https:\\\/\\\/www.istituto-bellieni.it\\\/?s={search_term_string}\"},\"query-input\":{\"@type\":\"PropertyValueSpecification\",\"valueRequired\":true,\"valueName\":\"search_term_string\"}}],\"inLanguage\":\"sc-SC\"},{\"@type\":\"Organization\",\"@id\":\"https:\\\/\\\/www.istituto-bellieni.it\\\/#organization\",\"name\":\"Istituto di Studi e Ricerce Camillo Bellieni Sassari\",\"url\":\"https:\\\/\\\/www.istituto-bellieni.it\\\/\",\"logo\":{\"@type\":\"ImageObject\",\"inLanguage\":\"sc-SC\",\"@id\":\"https:\\\/\\\/www.istituto-bellieni.it\\\/#\\\/schema\\\/logo\\\/image\\\/\",\"url\":\"https:\\\/\\\/www.istituto-bellieni.it\\\/wp-content\\\/uploads\\\/2022\\\/02\\\/logo-vect.svg\",\"contentUrl\":\"https:\\\/\\\/www.istituto-bellieni.it\\\/wp-content\\\/uploads\\\/2022\\\/02\\\/logo-vect.svg\",\"width\":305.021,\"height\":176.34,\"caption\":\"Istituto di Studi e Ricerce Camillo Bellieni Sassari\"},\"image\":{\"@id\":\"https:\\\/\\\/www.istituto-bellieni.it\\\/#\\\/schema\\\/logo\\\/image\\\/\"},\"sameAs\":[\"https:\\\/\\\/www.facebook.com\\\/IstitutoBellieni\"]},{\"@type\":\"Person\",\"@id\":\"https:\\\/\\\/www.istituto-bellieni.it\\\/#\\\/schema\\\/person\\\/ad5e2af9b2c2e2673c3d93d608b4dc7b\",\"name\":\"admin\",\"image\":{\"@type\":\"ImageObject\",\"inLanguage\":\"sc-SC\",\"@id\":\"https:\\\/\\\/secure.gravatar.com\\\/avatar\\\/6c3757f6686398e5a09f7b3113e4e325728a02ba358a49d250222878791cf4e7?s=96&d=mm&r=g\",\"url\":\"https:\\\/\\\/secure.gravatar.com\\\/avatar\\\/6c3757f6686398e5a09f7b3113e4e325728a02ba358a49d250222878791cf4e7?s=96&d=mm&r=g\",\"contentUrl\":\"https:\\\/\\\/secure.gravatar.com\\\/avatar\\\/6c3757f6686398e5a09f7b3113e4e325728a02ba358a49d250222878791cf4e7?s=96&d=mm&r=g\",\"caption\":\"admin\"},\"sameAs\":[\"https:\\\/\\\/www.istituto-bellieni.it\\\/\"],\"url\":\"https:\\\/\\\/www.istituto-bellieni.it\\\/sc\\\/author\\\/admin\\\/\"}]}<\/script>\n<!-- \/ Yoast SEO plugin. -->","yoast_head_json":{"title":"L\u2019impurthanzia di lu laboratoriu linghisthiggu - Istituto Camillo Bellieni Sassari","robots":{"index":"index","follow":"follow","max-snippet":"max-snippet:-1","max-image-preview":"max-image-preview:large","max-video-preview":"max-video-preview:-1"},"canonical":"https:\/\/www.istituto-bellieni.it\/sc\/limpurthanzia-di-lu-laboratoriu-linghisthiggu\/","og_locale":"en_US","og_type":"article","og_title":"L\u2019impurthanzia di lu laboratoriu linghisthiggu - Istituto Camillo Bellieni Sassari","og_description":"Di Mario Marras.","og_url":"https:\/\/www.istituto-bellieni.it\/sc\/limpurthanzia-di-lu-laboratoriu-linghisthiggu\/","og_site_name":"Istituto Camillo Bellieni Sassari","article_publisher":"https:\/\/www.facebook.com\/IstitutoBellieni","article_published_time":"2026-02-03T18:12:29+00:00","article_modified_time":"2026-02-03T18:32:29+00:00","author":"admin","twitter_card":"summary_large_image","twitter_misc":{"Written by":"admin","Est. reading time":"3 minutes"},"schema":{"@context":"https:\/\/schema.org","@graph":[{"@type":"Article","@id":"https:\/\/www.istituto-bellieni.it\/sc\/limpurthanzia-di-lu-laboratoriu-linghisthiggu\/#article","isPartOf":{"@id":"https:\/\/www.istituto-bellieni.it\/sc\/limpurthanzia-di-lu-laboratoriu-linghisthiggu\/"},"author":{"name":"admin","@id":"https:\/\/www.istituto-bellieni.it\/#\/schema\/person\/ad5e2af9b2c2e2673c3d93d608b4dc7b"},"headline":"L\u2019impurthanzia di lu laboratoriu linghisthiggu","datePublished":"2026-02-03T18:12:29+00:00","dateModified":"2026-02-03T18:32:29+00:00","mainEntityOfPage":{"@id":"https:\/\/www.istituto-bellieni.it\/sc\/limpurthanzia-di-lu-laboratoriu-linghisthiggu\/"},"wordCount":481,"publisher":{"@id":"https:\/\/www.istituto-bellieni.it\/#organization"},"keywords":["Lingue Minoritarie e Sardo"],"articleSection":["Osservatorio Linguistico"],"inLanguage":"sc-SC"},{"@type":"WebPage","@id":"https:\/\/www.istituto-bellieni.it\/sc\/limpurthanzia-di-lu-laboratoriu-linghisthiggu\/","url":"https:\/\/www.istituto-bellieni.it\/sc\/limpurthanzia-di-lu-laboratoriu-linghisthiggu\/","name":"L\u2019impurthanzia di lu laboratoriu linghisthiggu - Istituto Camillo Bellieni Sassari","isPartOf":{"@id":"https:\/\/www.istituto-bellieni.it\/#website"},"datePublished":"2026-02-03T18:12:29+00:00","dateModified":"2026-02-03T18:32:29+00:00","breadcrumb":{"@id":"https:\/\/www.istituto-bellieni.it\/sc\/limpurthanzia-di-lu-laboratoriu-linghisthiggu\/#breadcrumb"},"inLanguage":"sc-SC","potentialAction":[{"@type":"ReadAction","target":["https:\/\/www.istituto-bellieni.it\/sc\/limpurthanzia-di-lu-laboratoriu-linghisthiggu\/"]}]},{"@type":"BreadcrumbList","@id":"https:\/\/www.istituto-bellieni.it\/sc\/limpurthanzia-di-lu-laboratoriu-linghisthiggu\/#breadcrumb","itemListElement":[{"@type":"ListItem","position":1,"name":"Home","item":"https:\/\/www.istituto-bellieni.it\/sc\/"},{"@type":"ListItem","position":2,"name":"L\u2019impurthanzia di lu laboratoriu linghisthiggu"}]},{"@type":"WebSite","@id":"https:\/\/www.istituto-bellieni.it\/#website","url":"https:\/\/www.istituto-bellieni.it\/","name":"Istituto Camillo Bellieni Sassari","description":"Il sito web dell&#039;Istituto di studi e ricerche Camillo Bellieni di Sassari","publisher":{"@id":"https:\/\/www.istituto-bellieni.it\/#organization"},"potentialAction":[{"@type":"SearchAction","target":{"@type":"EntryPoint","urlTemplate":"https:\/\/www.istituto-bellieni.it\/?s={search_term_string}"},"query-input":{"@type":"PropertyValueSpecification","valueRequired":true,"valueName":"search_term_string"}}],"inLanguage":"sc-SC"},{"@type":"Organization","@id":"https:\/\/www.istituto-bellieni.it\/#organization","name":"Istituto di Studi e Ricerce Camillo Bellieni Sassari","url":"https:\/\/www.istituto-bellieni.it\/","logo":{"@type":"ImageObject","inLanguage":"sc-SC","@id":"https:\/\/www.istituto-bellieni.it\/#\/schema\/logo\/image\/","url":"https:\/\/www.istituto-bellieni.it\/wp-content\/uploads\/2022\/02\/logo-vect.svg","contentUrl":"https:\/\/www.istituto-bellieni.it\/wp-content\/uploads\/2022\/02\/logo-vect.svg","width":305.021,"height":176.34,"caption":"Istituto di Studi e Ricerce Camillo Bellieni Sassari"},"image":{"@id":"https:\/\/www.istituto-bellieni.it\/#\/schema\/logo\/image\/"},"sameAs":["https:\/\/www.facebook.com\/IstitutoBellieni"]},{"@type":"Person","@id":"https:\/\/www.istituto-bellieni.it\/#\/schema\/person\/ad5e2af9b2c2e2673c3d93d608b4dc7b","name":"admin","image":{"@type":"ImageObject","inLanguage":"sc-SC","@id":"https:\/\/secure.gravatar.com\/avatar\/6c3757f6686398e5a09f7b3113e4e325728a02ba358a49d250222878791cf4e7?s=96&d=mm&r=g","url":"https:\/\/secure.gravatar.com\/avatar\/6c3757f6686398e5a09f7b3113e4e325728a02ba358a49d250222878791cf4e7?s=96&d=mm&r=g","contentUrl":"https:\/\/secure.gravatar.com\/avatar\/6c3757f6686398e5a09f7b3113e4e325728a02ba358a49d250222878791cf4e7?s=96&d=mm&r=g","caption":"admin"},"sameAs":["https:\/\/www.istituto-bellieni.it\/"],"url":"https:\/\/www.istituto-bellieni.it\/sc\/author\/admin\/"}]}},"_links":{"self":[{"href":"https:\/\/www.istituto-bellieni.it\/sc\/wp-json\/wp\/v2\/posts\/31121","targetHints":{"allow":["GET"]}}],"collection":[{"href":"https:\/\/www.istituto-bellieni.it\/sc\/wp-json\/wp\/v2\/posts"}],"about":[{"href":"https:\/\/www.istituto-bellieni.it\/sc\/wp-json\/wp\/v2\/types\/post"}],"author":[{"embeddable":true,"href":"https:\/\/www.istituto-bellieni.it\/sc\/wp-json\/wp\/v2\/users\/1"}],"replies":[{"embeddable":true,"href":"https:\/\/www.istituto-bellieni.it\/sc\/wp-json\/wp\/v2\/comments?post=31121"}],"version-history":[{"count":4,"href":"https:\/\/www.istituto-bellieni.it\/sc\/wp-json\/wp\/v2\/posts\/31121\/revisions"}],"predecessor-version":[{"id":31125,"href":"https:\/\/www.istituto-bellieni.it\/sc\/wp-json\/wp\/v2\/posts\/31121\/revisions\/31125"}],"wp:attachment":[{"href":"https:\/\/www.istituto-bellieni.it\/sc\/wp-json\/wp\/v2\/media?parent=31121"}],"wp:term":[{"taxonomy":"category","embeddable":true,"href":"https:\/\/www.istituto-bellieni.it\/sc\/wp-json\/wp\/v2\/categories?post=31121"},{"taxonomy":"post_tag","embeddable":true,"href":"https:\/\/www.istituto-bellieni.it\/sc\/wp-json\/wp\/v2\/tags?post=31121"}],"curies":[{"name":"wp","href":"https:\/\/api.w.org\/{rel}","templated":true}]}}