{"id":31131,"date":"2026-02-06T14:56:20","date_gmt":"2026-02-06T14:56:20","guid":{"rendered":"https:\/\/www.istituto-bellieni.it\/?p=31131"},"modified":"2026-02-06T15:47:02","modified_gmt":"2026-02-06T15:47:02","slug":"sas-fainas-de-sos-isportellos-linguisticos","status":"publish","type":"post","link":"https:\/\/www.istituto-bellieni.it\/sc\/sas-fainas-de-sos-isportellos-linguisticos\/","title":{"rendered":"Sas fainas de sos Isportellos lingu\u00ecsticos"},"content":{"rendered":"\t\t<div data-elementor-type=\"wp-post\" data-elementor-id=\"31131\" class=\"elementor elementor-31131 elementor-31126\" data-elementor-post-type=\"post\">\n\t\t\t\t\t\t<section class=\"elementor-section elementor-top-section elementor-element elementor-element-c1d9f28 elementor-section-boxed elementor-section-height-default elementor-section-height-default\" data-id=\"c1d9f28\" data-element_type=\"section\" data-e-type=\"section\">\n\t\t\t\t\t\t<div class=\"elementor-container elementor-column-gap-default\">\n\t\t\t\t\t<div class=\"elementor-column elementor-col-100 elementor-top-column elementor-element elementor-element-a558205\" data-id=\"a558205\" data-element_type=\"column\" data-e-type=\"column\">\n\t\t\t<div class=\"elementor-widget-wrap elementor-element-populated\">\n\t\t\t\t\t\t<div class=\"elementor-element elementor-element-87a04bb elementor-widget elementor-widget-turitor-title\" data-id=\"87a04bb\" data-element_type=\"widget\" data-e-type=\"widget\" data-settings=\"{&quot;ekit_we_effect_on&quot;:&quot;none&quot;}\" data-widget_type=\"turitor-title.default\">\n\t\t\t\t<div class=\"elementor-widget-container\">\n\t\t\t\t\t\n   <div class=\"ts-section-title title-left\">\n\t\t<h2 class=\"section-title \">\n\t\t\t\t\t\t\t<span class=\"sub-title\">Di Immacolata Salis<\/span>\n\t\t\t             <\/h2>\n               <i class=\"\"><\/i>\n\t\t\t      \t\t\t\n   <\/div>\n    \n    \t\t\t\t<\/div>\n\t\t\t\t<\/div>\n\t\t\t\t\t<\/div>\n\t\t<\/div>\n\t\t\t\t\t<\/div>\n\t\t<\/section>\n\t\t\t\t<section class=\"elementor-section elementor-top-section elementor-element elementor-element-c1e1922 elementor-section-boxed elementor-section-height-default elementor-section-height-default\" data-id=\"c1e1922\" data-element_type=\"section\" data-e-type=\"section\">\n\t\t\t\t\t\t<div class=\"elementor-container elementor-column-gap-default\">\n\t\t\t\t\t<div class=\"elementor-column elementor-col-100 elementor-top-column elementor-element elementor-element-f28382a\" data-id=\"f28382a\" data-element_type=\"column\" data-e-type=\"column\">\n\t\t\t<div class=\"elementor-widget-wrap elementor-element-populated\">\n\t\t\t\t\t\t<div class=\"elementor-element elementor-element-0c62107 elementor-widget elementor-widget-text-editor\" data-id=\"0c62107\" data-element_type=\"widget\" data-e-type=\"widget\" data-settings=\"{&quot;ekit_we_effect_on&quot;:&quot;none&quot;}\" data-widget_type=\"text-editor.default\">\n\t\t\t\t<div class=\"elementor-widget-container\">\n\t\t\t\t\t\t\t\t\t<p>Faeddare de limba sarda, de ite si podet f\u00e0ghere cun sa limba sarda, de ite si faghet cun sa limba sarda est una manera de cumprire a unu dovere identit\u00e0riu e de cumpr\u00e8ndere s\u2019import\u00e0ntzia manna chi su sardu at in unu territ\u00f2riu comente sa Sardigna. Sa punna de custu traballu est cussa de mustrare una realidade cumproada de su poderiu chi su sardu podet \u00e0ere in sos \u00e0mbitos amministrativos e culturales chi vivimus ogni die. In antis de totu, tocat de ammentare su pro ite podimus chistionare oe, cun fieresa, de sa limba nostra. Cando est intrada in vigore sa Carta europea de sas limbas de minoria (su 5 de santandria de su 1992) s\u2019art\u00ecculu 1 nos at dadu unu resumu de su balore de sa limba sarda, boghende\u00b7nde a p\u00ecgiu una definitzione de limbas regionales e de minoria chi nos tocat in prenu e nos dat unu riconnoschimentu a livellu internatzionale. Pro limbas regionales o de minoria s\u2019intendent sas limbas chi pro costum\u00e0ntzia sunt faeddadas a dae intro de su territ\u00f2riu de un\u2019Istadu dae una minor\u00e0ntzia de tzitadinos e custas limbas regionales o de minoria mustrant un\u2019importu pretzisu chi nde giust\u00ecficat sa difusione pro more de sa cale cussas limbas andat tuteladas. E andant tuteladas, mescamente, ca respetare sa limba de una comunidade est un atu de valore tzivile chi cheret n\u00e0rrere chi benit respetada sa comunidade matessi. Sa limba mama no est unu trasti optzionale, chi si detzidit de impreare si b\u2019at gana de l\u2019impreare,, ma issa est posta a dae intro de s\u2019\u00e0nimu, de sas intrannas de sa pessone chi la chistionat e est s\u2019isprigu de sa cultura chi l\u2019at fata.<\/p><p>A pustis, sa Lege 482 de su 1999 de s\u2019Istadu italianu cunfirmat sa tutela e su balore de sas limbas de minoria e de sa cultura issoro pro more de s\u2019impreu issoro in sos \u00e0mbitos de s\u2019istrutzione, de sas amministratziones e de sa retza. Pro su chi pertocat s\u2019Istrutzione, sa 482\/99, dat diritu de usare sa limba de minoria in s\u2019insegnamentu cun sa possibilidade chi sos babbos e sas mamas la s\u00e8berent comente materia curricolare; in sas p\u00f9blicas amministratziones, imbetzes, benit garantidu s\u2019usu de sa limba de minoria in sos uf\u00ectzios p\u00f9blicos; e in sa retza, chi siet r\u00e0diu, televisione o web, benint mandadas trasmissiones de su serv\u00ectziu p\u00f9blicu e locale, pro garantire e valorizare s\u2019oralidade de sa limba. In custu cuadru normativu, sa Regione Sardigna no est arreada a mancu de seguru. Est de su 1997 sa lege regionale n. 26 chi mirat a reconn\u00f2schere sa dignidade de sa limba sarda, tutelende\u00b7nde s\u2019istoria, sas traditziones , s\u2019arte e totu su patrim\u00f2niu culturale. De su 2018 est, imbetzes, sa lege regionale n. 22 chi definit sas istrategias postas in campu dae sa Regione Sardigna ammaniende fainas mezus definidas rispetu a sa lege 26, comente, pro es\u00e8mpiu, un\u2019elencu de dotzentes cualificados pro s\u2019insegnamentu de su sardu e de sas limbas alloglotas, s\u2019usu de sas limbas regionales in sas denominatziones istradales e in sos sinnales, s\u2019ativatzione, ogni annu de sos Isportellos lingu\u00ecsticos chi benint ativados a dae intro de sas Amministratziones p\u00f9licas cun sa mira de dare suportu a sos tzitadinos e a sas amministratziones etotu.<\/p><p>Sa funtzione de custos isportellos est cussa de assegurare sa pres\u00e8ntzia in totue de operadores cumpetentes chi potzant f\u00e0ghere promotzione a sa limba sarda dende\u00b7li visibilidade in intro de sos logos in ue s&#8217;agatant. Custos uf\u00ectzios sunt ativados in belle totus sas realidades sardas.<\/p><p>Sa faina prus manna de sos isportellos lingu\u00ecsticos est, duncas, de f\u00e0ghere <strong>promotzione<\/strong> de sa limba, e pro f\u00e0ghere custu tocat in antis de totu chi s&#8217;uf\u00ectziu siat <strong>vis\u00ecbile<\/strong> e <strong>bene cullegadu<\/strong> cun totu sos uf\u00ectzios de s&#8217;ente in ue \u00f2perat. Chie \u00e0nimat s&#8217;uf\u00ectziu est s&#8217;operadore, pessone cualificada e tzertificada, chi in antis de totu devet conn\u00f2schere bene sa limba faeddada e sas normas de sa limba iscrita. In prus devet t\u00e8nnere finas sa capatzidade de <strong>cumpr\u00e8ndere<\/strong> sas chi podent \u00e8ssere sas atziones de pol\u00ectica lingu\u00ecstica prus giustas in unu territ\u00f2riu ispetz\u00ecficu. Est importante a ischire tratare cun sa gente, pro traballare paris cun sos \u00e0teros dipendentes e organismos chi si ocupant de promotzione de sa limba. A s&#8217;urtimada, s&#8217;operadore de un&#8217;uf\u00ectziu de sa limba sarda est sa <strong>madrighe<\/strong> chi agiuat su territ\u00f2riu a cumpr\u00e8ndere chi sa limba sarda si podet impreare in cale si siat cuntestu.<\/p><p>S\u2019operadore lingu\u00ecsticu diventat parte integrante de sa comunidade in ue ponet pees. Intrat caminende in punta cun sa punna de div\u00e8nnere unu tzitadinu de cussa bidda. Isse progetat e programmat atividades de animatzione territoriale cun laborat\u00f2rios de importu e chi rapresentent s\u2019\u00e0nima de su territ\u00f2riu in ue traballat. Diventat consulente de entes e ass\u00f2tzios e de sos tzitadinos matessi a manera chi custos impreent sa norma iscrita in modu pretzisu. Organizant cursos de limba e cultura sarda a livellos diferentes, cunforma a su Cuadru Qcer. Sos cursos sunt abertos a totu sos impitadores chi giai chistionant in sardu o chi cherent imparare a lu chistionare. Su metodu CLIL est s\u2019istrumentu chi s\u2019operadore usat e in su programma chi presentat, sa norma iscrita at semper unu postu de importu mannu ca tocat de cumpr\u00e8ndere chi a una limba, pro \u00e8ssere limba, non li bastat de \u00e8ssere faeddada ebbia, ma tocat de imparare finas a l\u2019iscr\u00ecere. A sas r\u00e8gulas ortogr\u00e0ficas e grammaticales benit ammeradu unu tema ispetz\u00ecficu chi at s\u2019iscopu de p\u00f2nnere in mustra s\u2019Ist\u00f2ria de sas traditziones popolares, person\u00e0gios de gabale n\u00e0schidos in cussa bidda, argumentos leter\u00e0rios e de poesia, argumentos de s\u2019Ist\u00f2ria de sa Sardigna, person\u00e0gios pol\u00ecticos.<\/p><p>S\u2019operadore est tando su paralimpu tra sas Istitutziones e sos tzitadinos. Isse est s\u2019artisanu chi cumprit:<\/p><ul><li>Sas tradutziones de atos amministrativos, avisos e documentos dae s\u2019italianu a su sardu, consul\u00e8ntzia ortogr\u00e0fica e lingu\u00ecstica<\/li><li>S\u2019assist\u00e8ntzia a sos impitadores pro s\u2019usu de sa limba sarda in sos lig\u00e0mines cun sa P\u00f9blica Amministratzione<\/li><li>S\u2019amm\u00e0niu de laborat\u00f2rios, cursos e eventos de sensibilizatzione in su territ\u00f2riu pro intzidiare su faeddu, mescamente in sos gi\u00f2vanos<\/li><li>Progetos did\u00e0ticos in sas iscolas, chi pertocant o sas mat\u00e8rias curriculares o atividades extra iscol\u00e0sticas, pro more de letziones frontales, giogos, laborat\u00f2rios did\u00e0ticos, teatru, realizatziones de contos, de giornalinos, de fumetos, de libros t\u00e0tiles<\/li><li>Sa digitazatzione e suportu a sa creatzione de software e materiale digitale in limba sarda.<\/li><\/ul><p><em>Immacolata Salis<\/em><\/p>\t\t\t\t\t\t\t\t<\/div>\n\t\t\t\t<\/div>\n\t\t\t\t\t<\/div>\n\t\t<\/div>\n\t\t\t\t\t<\/div>\n\t\t<\/section>\n\t\t\t\t<\/div>\n\t\t","protected":false},"excerpt":{"rendered":"<p>Di Immacolata Salis.<\/p>\n","protected":false},"author":1,"featured_media":0,"comment_status":"closed","ping_status":"closed","sticky":false,"template":"","format":"standard","meta":{"footnotes":""},"categories":[160],"tags":[165],"class_list":["post-31131","post","type-post","status-publish","format-standard","hentry","category-osservatorio-linguistico","tag-confronto-e-sinergie"],"yoast_head":"<!-- This site is optimized with the Yoast SEO plugin v27.4 - https:\/\/yoast.com\/product\/yoast-seo-wordpress\/ -->\n<title>Sas fainas de sos Isportellos lingu\u00ecsticos - Istituto Camillo Bellieni Sassari<\/title>\n<meta name=\"robots\" content=\"index, follow, max-snippet:-1, max-image-preview:large, max-video-preview:-1\" \/>\n<link rel=\"canonical\" href=\"https:\/\/www.istituto-bellieni.it\/sc\/sas-fainas-de-sos-isportellos-linguisticos\/\" \/>\n<meta property=\"og:locale\" content=\"en_US\" \/>\n<meta property=\"og:type\" content=\"article\" \/>\n<meta property=\"og:title\" content=\"Sas fainas de sos Isportellos lingu\u00ecsticos - Istituto Camillo Bellieni Sassari\" \/>\n<meta property=\"og:description\" content=\"Di Immacolata Salis.\" \/>\n<meta property=\"og:url\" content=\"https:\/\/www.istituto-bellieni.it\/sc\/sas-fainas-de-sos-isportellos-linguisticos\/\" \/>\n<meta property=\"og:site_name\" content=\"Istituto Camillo Bellieni Sassari\" \/>\n<meta property=\"article:publisher\" content=\"https:\/\/www.facebook.com\/IstitutoBellieni\" \/>\n<meta property=\"article:published_time\" content=\"2026-02-06T14:56:20+00:00\" \/>\n<meta property=\"article:modified_time\" content=\"2026-02-06T15:47:02+00:00\" \/>\n<meta name=\"author\" content=\"admin\" \/>\n<meta name=\"twitter:card\" content=\"summary_large_image\" \/>\n<meta name=\"twitter:label1\" content=\"Written by\" \/>\n\t<meta name=\"twitter:data1\" content=\"admin\" \/>\n\t<meta name=\"twitter:label2\" content=\"Est. reading time\" \/>\n\t<meta name=\"twitter:data2\" content=\"6 minutes\" \/>\n<script type=\"application\/ld+json\" class=\"yoast-schema-graph\">{\"@context\":\"https:\\\/\\\/schema.org\",\"@graph\":[{\"@type\":\"Article\",\"@id\":\"https:\\\/\\\/www.istituto-bellieni.it\\\/sc\\\/sas-fainas-de-sos-isportellos-linguisticos\\\/#article\",\"isPartOf\":{\"@id\":\"https:\\\/\\\/www.istituto-bellieni.it\\\/sc\\\/sas-fainas-de-sos-isportellos-linguisticos\\\/\"},\"author\":{\"name\":\"admin\",\"@id\":\"https:\\\/\\\/www.istituto-bellieni.it\\\/#\\\/schema\\\/person\\\/ad5e2af9b2c2e2673c3d93d608b4dc7b\"},\"headline\":\"Sas fainas de sos Isportellos lingu\u00ecsticos\",\"datePublished\":\"2026-02-06T14:56:20+00:00\",\"dateModified\":\"2026-02-06T15:47:02+00:00\",\"mainEntityOfPage\":{\"@id\":\"https:\\\/\\\/www.istituto-bellieni.it\\\/sc\\\/sas-fainas-de-sos-isportellos-linguisticos\\\/\"},\"wordCount\":1160,\"publisher\":{\"@id\":\"https:\\\/\\\/www.istituto-bellieni.it\\\/#organization\"},\"keywords\":[\"Confronto e Sinergie\"],\"articleSection\":[\"Osservatorio Linguistico\"],\"inLanguage\":\"sc-SC\"},{\"@type\":\"WebPage\",\"@id\":\"https:\\\/\\\/www.istituto-bellieni.it\\\/sc\\\/sas-fainas-de-sos-isportellos-linguisticos\\\/\",\"url\":\"https:\\\/\\\/www.istituto-bellieni.it\\\/sc\\\/sas-fainas-de-sos-isportellos-linguisticos\\\/\",\"name\":\"Sas fainas de sos Isportellos lingu\u00ecsticos - Istituto Camillo Bellieni Sassari\",\"isPartOf\":{\"@id\":\"https:\\\/\\\/www.istituto-bellieni.it\\\/#website\"},\"datePublished\":\"2026-02-06T14:56:20+00:00\",\"dateModified\":\"2026-02-06T15:47:02+00:00\",\"breadcrumb\":{\"@id\":\"https:\\\/\\\/www.istituto-bellieni.it\\\/sc\\\/sas-fainas-de-sos-isportellos-linguisticos\\\/#breadcrumb\"},\"inLanguage\":\"sc-SC\",\"potentialAction\":[{\"@type\":\"ReadAction\",\"target\":[\"https:\\\/\\\/www.istituto-bellieni.it\\\/sc\\\/sas-fainas-de-sos-isportellos-linguisticos\\\/\"]}]},{\"@type\":\"BreadcrumbList\",\"@id\":\"https:\\\/\\\/www.istituto-bellieni.it\\\/sc\\\/sas-fainas-de-sos-isportellos-linguisticos\\\/#breadcrumb\",\"itemListElement\":[{\"@type\":\"ListItem\",\"position\":1,\"name\":\"Home\",\"item\":\"https:\\\/\\\/www.istituto-bellieni.it\\\/sc\\\/\"},{\"@type\":\"ListItem\",\"position\":2,\"name\":\"Sas fainas de sos Isportellos lingu\u00ecsticos\"}]},{\"@type\":\"WebSite\",\"@id\":\"https:\\\/\\\/www.istituto-bellieni.it\\\/#website\",\"url\":\"https:\\\/\\\/www.istituto-bellieni.it\\\/\",\"name\":\"Istituto Camillo Bellieni Sassari\",\"description\":\"Il sito web dell&#039;Istituto di studi e ricerche Camillo Bellieni di Sassari\",\"publisher\":{\"@id\":\"https:\\\/\\\/www.istituto-bellieni.it\\\/#organization\"},\"potentialAction\":[{\"@type\":\"SearchAction\",\"target\":{\"@type\":\"EntryPoint\",\"urlTemplate\":\"https:\\\/\\\/www.istituto-bellieni.it\\\/?s={search_term_string}\"},\"query-input\":{\"@type\":\"PropertyValueSpecification\",\"valueRequired\":true,\"valueName\":\"search_term_string\"}}],\"inLanguage\":\"sc-SC\"},{\"@type\":\"Organization\",\"@id\":\"https:\\\/\\\/www.istituto-bellieni.it\\\/#organization\",\"name\":\"Istituto di Studi e Ricerce Camillo Bellieni Sassari\",\"url\":\"https:\\\/\\\/www.istituto-bellieni.it\\\/\",\"logo\":{\"@type\":\"ImageObject\",\"inLanguage\":\"sc-SC\",\"@id\":\"https:\\\/\\\/www.istituto-bellieni.it\\\/#\\\/schema\\\/logo\\\/image\\\/\",\"url\":\"https:\\\/\\\/www.istituto-bellieni.it\\\/wp-content\\\/uploads\\\/2022\\\/02\\\/logo-vect.svg\",\"contentUrl\":\"https:\\\/\\\/www.istituto-bellieni.it\\\/wp-content\\\/uploads\\\/2022\\\/02\\\/logo-vect.svg\",\"width\":305.021,\"height\":176.34,\"caption\":\"Istituto di Studi e Ricerce Camillo Bellieni Sassari\"},\"image\":{\"@id\":\"https:\\\/\\\/www.istituto-bellieni.it\\\/#\\\/schema\\\/logo\\\/image\\\/\"},\"sameAs\":[\"https:\\\/\\\/www.facebook.com\\\/IstitutoBellieni\"]},{\"@type\":\"Person\",\"@id\":\"https:\\\/\\\/www.istituto-bellieni.it\\\/#\\\/schema\\\/person\\\/ad5e2af9b2c2e2673c3d93d608b4dc7b\",\"name\":\"admin\",\"image\":{\"@type\":\"ImageObject\",\"inLanguage\":\"sc-SC\",\"@id\":\"https:\\\/\\\/secure.gravatar.com\\\/avatar\\\/6c3757f6686398e5a09f7b3113e4e325728a02ba358a49d250222878791cf4e7?s=96&d=mm&r=g\",\"url\":\"https:\\\/\\\/secure.gravatar.com\\\/avatar\\\/6c3757f6686398e5a09f7b3113e4e325728a02ba358a49d250222878791cf4e7?s=96&d=mm&r=g\",\"contentUrl\":\"https:\\\/\\\/secure.gravatar.com\\\/avatar\\\/6c3757f6686398e5a09f7b3113e4e325728a02ba358a49d250222878791cf4e7?s=96&d=mm&r=g\",\"caption\":\"admin\"},\"sameAs\":[\"https:\\\/\\\/www.istituto-bellieni.it\\\/\"],\"url\":\"https:\\\/\\\/www.istituto-bellieni.it\\\/sc\\\/author\\\/admin\\\/\"}]}<\/script>\n<!-- \/ Yoast SEO plugin. -->","yoast_head_json":{"title":"Sas fainas de sos Isportellos lingu\u00ecsticos - Istituto Camillo Bellieni Sassari","robots":{"index":"index","follow":"follow","max-snippet":"max-snippet:-1","max-image-preview":"max-image-preview:large","max-video-preview":"max-video-preview:-1"},"canonical":"https:\/\/www.istituto-bellieni.it\/sc\/sas-fainas-de-sos-isportellos-linguisticos\/","og_locale":"en_US","og_type":"article","og_title":"Sas fainas de sos Isportellos lingu\u00ecsticos - Istituto Camillo Bellieni Sassari","og_description":"Di Immacolata Salis.","og_url":"https:\/\/www.istituto-bellieni.it\/sc\/sas-fainas-de-sos-isportellos-linguisticos\/","og_site_name":"Istituto Camillo Bellieni Sassari","article_publisher":"https:\/\/www.facebook.com\/IstitutoBellieni","article_published_time":"2026-02-06T14:56:20+00:00","article_modified_time":"2026-02-06T15:47:02+00:00","author":"admin","twitter_card":"summary_large_image","twitter_misc":{"Written by":"admin","Est. reading time":"6 minutes"},"schema":{"@context":"https:\/\/schema.org","@graph":[{"@type":"Article","@id":"https:\/\/www.istituto-bellieni.it\/sc\/sas-fainas-de-sos-isportellos-linguisticos\/#article","isPartOf":{"@id":"https:\/\/www.istituto-bellieni.it\/sc\/sas-fainas-de-sos-isportellos-linguisticos\/"},"author":{"name":"admin","@id":"https:\/\/www.istituto-bellieni.it\/#\/schema\/person\/ad5e2af9b2c2e2673c3d93d608b4dc7b"},"headline":"Sas fainas de sos Isportellos lingu\u00ecsticos","datePublished":"2026-02-06T14:56:20+00:00","dateModified":"2026-02-06T15:47:02+00:00","mainEntityOfPage":{"@id":"https:\/\/www.istituto-bellieni.it\/sc\/sas-fainas-de-sos-isportellos-linguisticos\/"},"wordCount":1160,"publisher":{"@id":"https:\/\/www.istituto-bellieni.it\/#organization"},"keywords":["Confronto e Sinergie"],"articleSection":["Osservatorio Linguistico"],"inLanguage":"sc-SC"},{"@type":"WebPage","@id":"https:\/\/www.istituto-bellieni.it\/sc\/sas-fainas-de-sos-isportellos-linguisticos\/","url":"https:\/\/www.istituto-bellieni.it\/sc\/sas-fainas-de-sos-isportellos-linguisticos\/","name":"Sas fainas de sos Isportellos lingu\u00ecsticos - Istituto Camillo Bellieni Sassari","isPartOf":{"@id":"https:\/\/www.istituto-bellieni.it\/#website"},"datePublished":"2026-02-06T14:56:20+00:00","dateModified":"2026-02-06T15:47:02+00:00","breadcrumb":{"@id":"https:\/\/www.istituto-bellieni.it\/sc\/sas-fainas-de-sos-isportellos-linguisticos\/#breadcrumb"},"inLanguage":"sc-SC","potentialAction":[{"@type":"ReadAction","target":["https:\/\/www.istituto-bellieni.it\/sc\/sas-fainas-de-sos-isportellos-linguisticos\/"]}]},{"@type":"BreadcrumbList","@id":"https:\/\/www.istituto-bellieni.it\/sc\/sas-fainas-de-sos-isportellos-linguisticos\/#breadcrumb","itemListElement":[{"@type":"ListItem","position":1,"name":"Home","item":"https:\/\/www.istituto-bellieni.it\/sc\/"},{"@type":"ListItem","position":2,"name":"Sas fainas de sos Isportellos lingu\u00ecsticos"}]},{"@type":"WebSite","@id":"https:\/\/www.istituto-bellieni.it\/#website","url":"https:\/\/www.istituto-bellieni.it\/","name":"Istituto Camillo Bellieni Sassari","description":"Il sito web dell&#039;Istituto di studi e ricerche Camillo Bellieni di Sassari","publisher":{"@id":"https:\/\/www.istituto-bellieni.it\/#organization"},"potentialAction":[{"@type":"SearchAction","target":{"@type":"EntryPoint","urlTemplate":"https:\/\/www.istituto-bellieni.it\/?s={search_term_string}"},"query-input":{"@type":"PropertyValueSpecification","valueRequired":true,"valueName":"search_term_string"}}],"inLanguage":"sc-SC"},{"@type":"Organization","@id":"https:\/\/www.istituto-bellieni.it\/#organization","name":"Istituto di Studi e Ricerce Camillo Bellieni Sassari","url":"https:\/\/www.istituto-bellieni.it\/","logo":{"@type":"ImageObject","inLanguage":"sc-SC","@id":"https:\/\/www.istituto-bellieni.it\/#\/schema\/logo\/image\/","url":"https:\/\/www.istituto-bellieni.it\/wp-content\/uploads\/2022\/02\/logo-vect.svg","contentUrl":"https:\/\/www.istituto-bellieni.it\/wp-content\/uploads\/2022\/02\/logo-vect.svg","width":305.021,"height":176.34,"caption":"Istituto di Studi e Ricerce Camillo Bellieni Sassari"},"image":{"@id":"https:\/\/www.istituto-bellieni.it\/#\/schema\/logo\/image\/"},"sameAs":["https:\/\/www.facebook.com\/IstitutoBellieni"]},{"@type":"Person","@id":"https:\/\/www.istituto-bellieni.it\/#\/schema\/person\/ad5e2af9b2c2e2673c3d93d608b4dc7b","name":"admin","image":{"@type":"ImageObject","inLanguage":"sc-SC","@id":"https:\/\/secure.gravatar.com\/avatar\/6c3757f6686398e5a09f7b3113e4e325728a02ba358a49d250222878791cf4e7?s=96&d=mm&r=g","url":"https:\/\/secure.gravatar.com\/avatar\/6c3757f6686398e5a09f7b3113e4e325728a02ba358a49d250222878791cf4e7?s=96&d=mm&r=g","contentUrl":"https:\/\/secure.gravatar.com\/avatar\/6c3757f6686398e5a09f7b3113e4e325728a02ba358a49d250222878791cf4e7?s=96&d=mm&r=g","caption":"admin"},"sameAs":["https:\/\/www.istituto-bellieni.it\/"],"url":"https:\/\/www.istituto-bellieni.it\/sc\/author\/admin\/"}]}},"_links":{"self":[{"href":"https:\/\/www.istituto-bellieni.it\/sc\/wp-json\/wp\/v2\/posts\/31131","targetHints":{"allow":["GET"]}}],"collection":[{"href":"https:\/\/www.istituto-bellieni.it\/sc\/wp-json\/wp\/v2\/posts"}],"about":[{"href":"https:\/\/www.istituto-bellieni.it\/sc\/wp-json\/wp\/v2\/types\/post"}],"author":[{"embeddable":true,"href":"https:\/\/www.istituto-bellieni.it\/sc\/wp-json\/wp\/v2\/users\/1"}],"replies":[{"embeddable":true,"href":"https:\/\/www.istituto-bellieni.it\/sc\/wp-json\/wp\/v2\/comments?post=31131"}],"version-history":[{"count":13,"href":"https:\/\/www.istituto-bellieni.it\/sc\/wp-json\/wp\/v2\/posts\/31131\/revisions"}],"predecessor-version":[{"id":31146,"href":"https:\/\/www.istituto-bellieni.it\/sc\/wp-json\/wp\/v2\/posts\/31131\/revisions\/31146"}],"wp:attachment":[{"href":"https:\/\/www.istituto-bellieni.it\/sc\/wp-json\/wp\/v2\/media?parent=31131"}],"wp:term":[{"taxonomy":"category","embeddable":true,"href":"https:\/\/www.istituto-bellieni.it\/sc\/wp-json\/wp\/v2\/categories?post=31131"},{"taxonomy":"post_tag","embeddable":true,"href":"https:\/\/www.istituto-bellieni.it\/sc\/wp-json\/wp\/v2\/tags?post=31131"}],"curies":[{"name":"wp","href":"https:\/\/api.w.org\/{rel}","templated":true}]}}