{"id":31161,"date":"2026-02-11T18:26:38","date_gmt":"2026-02-11T18:26:38","guid":{"rendered":"https:\/\/www.istituto-bellieni.it\/?p=31161"},"modified":"2026-02-11T18:54:36","modified_gmt":"2026-02-11T18:54:36","slug":"la-festha-di-la-gobbura-lu-carrasciari-in-linga-sassaresa","status":"publish","type":"post","link":"https:\/\/www.istituto-bellieni.it\/sc\/la-festha-di-la-gobbura-lu-carrasciari-in-linga-sassaresa\/","title":{"rendered":"La Festha di la G\u00f3bbura: Lu Carrasciari in linga sassaresa"},"content":{"rendered":"\t\t<div data-elementor-type=\"wp-post\" data-elementor-id=\"31161\" class=\"elementor elementor-31161 elementor-31148\" data-elementor-post-type=\"post\">\n\t\t\t\t\t\t<section class=\"elementor-section elementor-top-section elementor-element elementor-element-42758450 elementor-section-boxed elementor-section-height-default elementor-section-height-default\" data-id=\"42758450\" data-element_type=\"section\" data-e-type=\"section\">\n\t\t\t\t\t\t<div class=\"elementor-container elementor-column-gap-default\">\n\t\t\t\t\t<div class=\"elementor-column elementor-col-100 elementor-top-column elementor-element elementor-element-f862549\" data-id=\"f862549\" data-element_type=\"column\" data-e-type=\"column\">\n\t\t\t<div class=\"elementor-widget-wrap elementor-element-populated\">\n\t\t\t\t\t\t<div class=\"elementor-element elementor-element-7a23bef9 elementor-widget elementor-widget-text-editor\" data-id=\"7a23bef9\" data-element_type=\"widget\" data-e-type=\"widget\" data-settings=\"{&quot;ekit_we_effect_on&quot;:&quot;none&quot;}\" data-widget_type=\"text-editor.default\">\n\t\t\t\t<div class=\"elementor-widget-container\">\n\t\t\t\t\t\t\t\t\t<p>Sighendi la suzzessu di l\u2019attoppi dedicaddi a la tradizioni puetigga di li Candareri, lu <strong>Municipiu di Sassari<\/strong> prisenta una appuntamentu pr\u00f9bbiggu nobu di lu prugettu in tre anni \u201c<strong>Lu sassaresu: un\u2019isth\u00f3ria ippiziari<\/strong>&#8220;, rearizaddu umpari a l\u2019<strong>Isthitutu Camillu Bellieni<\/strong>, attibiddai finanziadda da la Regioni Autonoma di la Sardhigna cu&#8217; li risuzi di L.R. 22\/16 e L.R. e L.R.6\/12 \u2013 Bandu TuLis 2025\/2027.<\/p><p><strong>La d\u00ec marthi dizassetti di fribbaggiu<\/strong>, da li quattru e mezu a li sei a parthi in sera, la Biblioteca Cumunari di Piazza Tola abar\u00e0 a accugl\u00ec un attoppu dedicaddu a la tradizioni di lu <strong>Carrasciari sassaresu<\/strong>. Lu masthru di linga sassaresa <strong>Mario Lucio Marras<\/strong> abar\u00e0 a accumpagn\u00e0 uniguanti ischurani di lu so\u2019 Laboratoriu, chi abarani a ligg\u00ec G\u00f3bburi e firasthrocchi i\u2019 la linga zittadina.<\/p><p>La gidea \u00e8 un mamentu impurthanti pa\u2019<strong> turr\u00e0 calche cosa a la ziddai<\/strong>: uniguanti ischurani di lu Laboratoriu di linga sassaresa abarani a d\u00e0 bozi a l\u2019identiddai sassaresa, dendi a la genti l\u2019occasioni d\u2019ischubi\u00e0 l\u2019irunia e la sthruttura di li p\u00e0gini di la tradizioni di carrasciari. Un viaggiu in mezu a li par\u00e0uri e a li rimi chi f\u00e0zini cuss\u00ec autentica la cultura sassarese.<\/p><p>Ca abar\u00e0 a ass\u00e9 prisenti podar\u00e0 gus\u00e0 la m\u00f9sigga e la bozi di <strong>Beppe Dettori<\/strong>, chi abar\u00e0 a ass\u00e9 la guarnizi sonora a lu chi si leggi.<br \/><br \/>\u25cf <strong>Candu<\/strong>: lu marthi dizassetti di fribbaggiu a li quattru e mezu a parthi in sera<br \/>\u25cf Und\u00ec: Biblioteca Cuminari in Piazza Tola in Sassari<br \/>\u25cf <strong>Info<\/strong>: istitutobellieni@gmail.com<br \/>\u25cf <strong>INTRADDA INDIBADDA<\/strong><\/p>\t\t\t\t\t\t\t\t<\/div>\n\t\t\t\t<\/div>\n\t\t\t\t\t<\/div>\n\t\t<\/div>\n\t\t\t\t\t<\/div>\n\t\t<\/section>\n\t\t\t\t<\/div>\n\t\t","protected":false},"excerpt":{"rendered":"<p>La Festa della Gobbula celebra il Carnevale sassarese con letture di Gobbule e filastrocche in lingua cittadina. Appuntamento il 17 febbraio alla Biblioteca di Sassari, con intermezzi musicali di Beppe Dettori. Ingresso gratuito.<\/p>\n","protected":false},"author":1,"featured_media":31162,"comment_status":"closed","ping_status":"closed","sticky":false,"template":"","format":"standard","meta":{"footnotes":""},"categories":[121],"tags":[],"class_list":["post-31161","post","type-post","status-publish","format-standard","has-post-thumbnail","hentry","category-noas-e-eventos"],"yoast_head":"<!-- This site is optimized with the Yoast SEO plugin v27.4 - https:\/\/yoast.com\/product\/yoast-seo-wordpress\/ -->\n<title>La Festha di la G\u00f3bbura: Lu Carrasciari in linga sassaresa - Istituto Camillo Bellieni Sassari<\/title>\n<meta name=\"robots\" content=\"index, follow, max-snippet:-1, max-image-preview:large, max-video-preview:-1\" \/>\n<link rel=\"canonical\" href=\"https:\/\/www.istituto-bellieni.it\/sc\/la-festha-di-la-gobbura-lu-carrasciari-in-linga-sassaresa\/\" \/>\n<meta property=\"og:locale\" content=\"en_US\" \/>\n<meta property=\"og:type\" content=\"article\" \/>\n<meta property=\"og:title\" content=\"La Festha di la G\u00f3bbura: Lu Carrasciari in linga sassaresa - Istituto Camillo Bellieni Sassari\" \/>\n<meta property=\"og:description\" content=\"La Festa della Gobbula celebra il Carnevale sassarese con letture di Gobbule e filastrocche in lingua cittadina. Appuntamento il 17 febbraio alla Biblioteca di Sassari, con intermezzi musicali di Beppe Dettori. Ingresso gratuito.\" \/>\n<meta property=\"og:url\" content=\"https:\/\/www.istituto-bellieni.it\/sc\/la-festha-di-la-gobbura-lu-carrasciari-in-linga-sassaresa\/\" \/>\n<meta property=\"og:site_name\" content=\"Istituto Camillo Bellieni Sassari\" \/>\n<meta property=\"article:publisher\" content=\"https:\/\/www.facebook.com\/IstitutoBellieni\" \/>\n<meta property=\"article:published_time\" content=\"2026-02-11T18:26:38+00:00\" \/>\n<meta property=\"article:modified_time\" content=\"2026-02-11T18:54:36+00:00\" \/>\n<meta property=\"og:image\" content=\"https:\/\/www.istituto-bellieni.it\/wp-content\/uploads\/2026\/02\/festadellagobbula-Sassarese.jpg\" \/>\n\t<meta property=\"og:image:width\" content=\"820\" \/>\n\t<meta property=\"og:image:height\" content=\"360\" \/>\n\t<meta property=\"og:image:type\" content=\"image\/jpeg\" \/>\n<meta name=\"author\" content=\"admin\" \/>\n<meta name=\"twitter:card\" content=\"summary_large_image\" \/>\n<meta name=\"twitter:label1\" content=\"Written by\" \/>\n\t<meta name=\"twitter:data1\" content=\"admin\" \/>\n\t<meta name=\"twitter:label2\" content=\"Est. reading time\" \/>\n\t<meta name=\"twitter:data2\" content=\"2 minutes\" \/>\n<script type=\"application\/ld+json\" class=\"yoast-schema-graph\">{\"@context\":\"https:\\\/\\\/schema.org\",\"@graph\":[{\"@type\":\"Article\",\"@id\":\"https:\\\/\\\/www.istituto-bellieni.it\\\/sc\\\/la-festha-di-la-gobbura-lu-carrasciari-in-linga-sassaresa\\\/#article\",\"isPartOf\":{\"@id\":\"https:\\\/\\\/www.istituto-bellieni.it\\\/sc\\\/la-festha-di-la-gobbura-lu-carrasciari-in-linga-sassaresa\\\/\"},\"author\":{\"name\":\"admin\",\"@id\":\"https:\\\/\\\/www.istituto-bellieni.it\\\/#\\\/schema\\\/person\\\/ad5e2af9b2c2e2673c3d93d608b4dc7b\"},\"headline\":\"La Festha di la G\u00f3bbura: Lu Carrasciari in linga sassaresa\",\"datePublished\":\"2026-02-11T18:26:38+00:00\",\"dateModified\":\"2026-02-11T18:54:36+00:00\",\"mainEntityOfPage\":{\"@id\":\"https:\\\/\\\/www.istituto-bellieni.it\\\/sc\\\/la-festha-di-la-gobbura-lu-carrasciari-in-linga-sassaresa\\\/\"},\"wordCount\":270,\"publisher\":{\"@id\":\"https:\\\/\\\/www.istituto-bellieni.it\\\/#organization\"},\"image\":{\"@id\":\"https:\\\/\\\/www.istituto-bellieni.it\\\/sc\\\/la-festha-di-la-gobbura-lu-carrasciari-in-linga-sassaresa\\\/#primaryimage\"},\"thumbnailUrl\":\"https:\\\/\\\/www.istituto-bellieni.it\\\/wp-content\\\/uploads\\\/2026\\\/02\\\/festadellagobbula-Sassarese.jpg\",\"articleSection\":[\"Noas e Eventos\"],\"inLanguage\":\"sc-SC\"},{\"@type\":\"WebPage\",\"@id\":\"https:\\\/\\\/www.istituto-bellieni.it\\\/sc\\\/la-festha-di-la-gobbura-lu-carrasciari-in-linga-sassaresa\\\/\",\"url\":\"https:\\\/\\\/www.istituto-bellieni.it\\\/sc\\\/la-festha-di-la-gobbura-lu-carrasciari-in-linga-sassaresa\\\/\",\"name\":\"La Festha di la G\u00f3bbura: Lu Carrasciari in linga sassaresa - Istituto Camillo Bellieni Sassari\",\"isPartOf\":{\"@id\":\"https:\\\/\\\/www.istituto-bellieni.it\\\/#website\"},\"primaryImageOfPage\":{\"@id\":\"https:\\\/\\\/www.istituto-bellieni.it\\\/sc\\\/la-festha-di-la-gobbura-lu-carrasciari-in-linga-sassaresa\\\/#primaryimage\"},\"image\":{\"@id\":\"https:\\\/\\\/www.istituto-bellieni.it\\\/sc\\\/la-festha-di-la-gobbura-lu-carrasciari-in-linga-sassaresa\\\/#primaryimage\"},\"thumbnailUrl\":\"https:\\\/\\\/www.istituto-bellieni.it\\\/wp-content\\\/uploads\\\/2026\\\/02\\\/festadellagobbula-Sassarese.jpg\",\"datePublished\":\"2026-02-11T18:26:38+00:00\",\"dateModified\":\"2026-02-11T18:54:36+00:00\",\"breadcrumb\":{\"@id\":\"https:\\\/\\\/www.istituto-bellieni.it\\\/sc\\\/la-festha-di-la-gobbura-lu-carrasciari-in-linga-sassaresa\\\/#breadcrumb\"},\"inLanguage\":\"sc-SC\",\"potentialAction\":[{\"@type\":\"ReadAction\",\"target\":[\"https:\\\/\\\/www.istituto-bellieni.it\\\/sc\\\/la-festha-di-la-gobbura-lu-carrasciari-in-linga-sassaresa\\\/\"]}]},{\"@type\":\"ImageObject\",\"inLanguage\":\"sc-SC\",\"@id\":\"https:\\\/\\\/www.istituto-bellieni.it\\\/sc\\\/la-festha-di-la-gobbura-lu-carrasciari-in-linga-sassaresa\\\/#primaryimage\",\"url\":\"https:\\\/\\\/www.istituto-bellieni.it\\\/wp-content\\\/uploads\\\/2026\\\/02\\\/festadellagobbula-Sassarese.jpg\",\"contentUrl\":\"https:\\\/\\\/www.istituto-bellieni.it\\\/wp-content\\\/uploads\\\/2026\\\/02\\\/festadellagobbula-Sassarese.jpg\",\"width\":820,\"height\":360,\"caption\":\"Festa della Gobbula\"},{\"@type\":\"BreadcrumbList\",\"@id\":\"https:\\\/\\\/www.istituto-bellieni.it\\\/sc\\\/la-festha-di-la-gobbura-lu-carrasciari-in-linga-sassaresa\\\/#breadcrumb\",\"itemListElement\":[{\"@type\":\"ListItem\",\"position\":1,\"name\":\"Home\",\"item\":\"https:\\\/\\\/www.istituto-bellieni.it\\\/sc\\\/\"},{\"@type\":\"ListItem\",\"position\":2,\"name\":\"La Festha di la G\u00f3bbura: Lu Carrasciari in linga sassaresa\"}]},{\"@type\":\"WebSite\",\"@id\":\"https:\\\/\\\/www.istituto-bellieni.it\\\/#website\",\"url\":\"https:\\\/\\\/www.istituto-bellieni.it\\\/\",\"name\":\"Istituto Camillo Bellieni Sassari\",\"description\":\"Il sito web dell&#039;Istituto di studi e ricerche Camillo Bellieni di Sassari\",\"publisher\":{\"@id\":\"https:\\\/\\\/www.istituto-bellieni.it\\\/#organization\"},\"potentialAction\":[{\"@type\":\"SearchAction\",\"target\":{\"@type\":\"EntryPoint\",\"urlTemplate\":\"https:\\\/\\\/www.istituto-bellieni.it\\\/?s={search_term_string}\"},\"query-input\":{\"@type\":\"PropertyValueSpecification\",\"valueRequired\":true,\"valueName\":\"search_term_string\"}}],\"inLanguage\":\"sc-SC\"},{\"@type\":\"Organization\",\"@id\":\"https:\\\/\\\/www.istituto-bellieni.it\\\/#organization\",\"name\":\"Istituto di Studi e Ricerce Camillo Bellieni Sassari\",\"url\":\"https:\\\/\\\/www.istituto-bellieni.it\\\/\",\"logo\":{\"@type\":\"ImageObject\",\"inLanguage\":\"sc-SC\",\"@id\":\"https:\\\/\\\/www.istituto-bellieni.it\\\/#\\\/schema\\\/logo\\\/image\\\/\",\"url\":\"https:\\\/\\\/www.istituto-bellieni.it\\\/wp-content\\\/uploads\\\/2022\\\/02\\\/logo-vect.svg\",\"contentUrl\":\"https:\\\/\\\/www.istituto-bellieni.it\\\/wp-content\\\/uploads\\\/2022\\\/02\\\/logo-vect.svg\",\"width\":305.021,\"height\":176.34,\"caption\":\"Istituto di Studi e Ricerce Camillo Bellieni Sassari\"},\"image\":{\"@id\":\"https:\\\/\\\/www.istituto-bellieni.it\\\/#\\\/schema\\\/logo\\\/image\\\/\"},\"sameAs\":[\"https:\\\/\\\/www.facebook.com\\\/IstitutoBellieni\"]},{\"@type\":\"Person\",\"@id\":\"https:\\\/\\\/www.istituto-bellieni.it\\\/#\\\/schema\\\/person\\\/ad5e2af9b2c2e2673c3d93d608b4dc7b\",\"name\":\"admin\",\"image\":{\"@type\":\"ImageObject\",\"inLanguage\":\"sc-SC\",\"@id\":\"https:\\\/\\\/secure.gravatar.com\\\/avatar\\\/6c3757f6686398e5a09f7b3113e4e325728a02ba358a49d250222878791cf4e7?s=96&d=mm&r=g\",\"url\":\"https:\\\/\\\/secure.gravatar.com\\\/avatar\\\/6c3757f6686398e5a09f7b3113e4e325728a02ba358a49d250222878791cf4e7?s=96&d=mm&r=g\",\"contentUrl\":\"https:\\\/\\\/secure.gravatar.com\\\/avatar\\\/6c3757f6686398e5a09f7b3113e4e325728a02ba358a49d250222878791cf4e7?s=96&d=mm&r=g\",\"caption\":\"admin\"},\"sameAs\":[\"https:\\\/\\\/www.istituto-bellieni.it\\\/\"],\"url\":\"https:\\\/\\\/www.istituto-bellieni.it\\\/sc\\\/author\\\/admin\\\/\"}]}<\/script>\n<!-- \/ Yoast SEO plugin. -->","yoast_head_json":{"title":"La Festha di la G\u00f3bbura: Lu Carrasciari in linga sassaresa - Istituto Camillo Bellieni Sassari","robots":{"index":"index","follow":"follow","max-snippet":"max-snippet:-1","max-image-preview":"max-image-preview:large","max-video-preview":"max-video-preview:-1"},"canonical":"https:\/\/www.istituto-bellieni.it\/sc\/la-festha-di-la-gobbura-lu-carrasciari-in-linga-sassaresa\/","og_locale":"en_US","og_type":"article","og_title":"La Festha di la G\u00f3bbura: Lu Carrasciari in linga sassaresa - Istituto Camillo Bellieni Sassari","og_description":"La Festa della Gobbula celebra il Carnevale sassarese con letture di Gobbule e filastrocche in lingua cittadina. Appuntamento il 17 febbraio alla Biblioteca di Sassari, con intermezzi musicali di Beppe Dettori. Ingresso gratuito.","og_url":"https:\/\/www.istituto-bellieni.it\/sc\/la-festha-di-la-gobbura-lu-carrasciari-in-linga-sassaresa\/","og_site_name":"Istituto Camillo Bellieni Sassari","article_publisher":"https:\/\/www.facebook.com\/IstitutoBellieni","article_published_time":"2026-02-11T18:26:38+00:00","article_modified_time":"2026-02-11T18:54:36+00:00","og_image":[{"width":820,"height":360,"url":"https:\/\/www.istituto-bellieni.it\/wp-content\/uploads\/2026\/02\/festadellagobbula-Sassarese.jpg","type":"image\/jpeg"}],"author":"admin","twitter_card":"summary_large_image","twitter_misc":{"Written by":"admin","Est. reading time":"2 minutes"},"schema":{"@context":"https:\/\/schema.org","@graph":[{"@type":"Article","@id":"https:\/\/www.istituto-bellieni.it\/sc\/la-festha-di-la-gobbura-lu-carrasciari-in-linga-sassaresa\/#article","isPartOf":{"@id":"https:\/\/www.istituto-bellieni.it\/sc\/la-festha-di-la-gobbura-lu-carrasciari-in-linga-sassaresa\/"},"author":{"name":"admin","@id":"https:\/\/www.istituto-bellieni.it\/#\/schema\/person\/ad5e2af9b2c2e2673c3d93d608b4dc7b"},"headline":"La Festha di la G\u00f3bbura: Lu Carrasciari in linga sassaresa","datePublished":"2026-02-11T18:26:38+00:00","dateModified":"2026-02-11T18:54:36+00:00","mainEntityOfPage":{"@id":"https:\/\/www.istituto-bellieni.it\/sc\/la-festha-di-la-gobbura-lu-carrasciari-in-linga-sassaresa\/"},"wordCount":270,"publisher":{"@id":"https:\/\/www.istituto-bellieni.it\/#organization"},"image":{"@id":"https:\/\/www.istituto-bellieni.it\/sc\/la-festha-di-la-gobbura-lu-carrasciari-in-linga-sassaresa\/#primaryimage"},"thumbnailUrl":"https:\/\/www.istituto-bellieni.it\/wp-content\/uploads\/2026\/02\/festadellagobbula-Sassarese.jpg","articleSection":["Noas e Eventos"],"inLanguage":"sc-SC"},{"@type":"WebPage","@id":"https:\/\/www.istituto-bellieni.it\/sc\/la-festha-di-la-gobbura-lu-carrasciari-in-linga-sassaresa\/","url":"https:\/\/www.istituto-bellieni.it\/sc\/la-festha-di-la-gobbura-lu-carrasciari-in-linga-sassaresa\/","name":"La Festha di la G\u00f3bbura: Lu Carrasciari in linga sassaresa - Istituto Camillo Bellieni Sassari","isPartOf":{"@id":"https:\/\/www.istituto-bellieni.it\/#website"},"primaryImageOfPage":{"@id":"https:\/\/www.istituto-bellieni.it\/sc\/la-festha-di-la-gobbura-lu-carrasciari-in-linga-sassaresa\/#primaryimage"},"image":{"@id":"https:\/\/www.istituto-bellieni.it\/sc\/la-festha-di-la-gobbura-lu-carrasciari-in-linga-sassaresa\/#primaryimage"},"thumbnailUrl":"https:\/\/www.istituto-bellieni.it\/wp-content\/uploads\/2026\/02\/festadellagobbula-Sassarese.jpg","datePublished":"2026-02-11T18:26:38+00:00","dateModified":"2026-02-11T18:54:36+00:00","breadcrumb":{"@id":"https:\/\/www.istituto-bellieni.it\/sc\/la-festha-di-la-gobbura-lu-carrasciari-in-linga-sassaresa\/#breadcrumb"},"inLanguage":"sc-SC","potentialAction":[{"@type":"ReadAction","target":["https:\/\/www.istituto-bellieni.it\/sc\/la-festha-di-la-gobbura-lu-carrasciari-in-linga-sassaresa\/"]}]},{"@type":"ImageObject","inLanguage":"sc-SC","@id":"https:\/\/www.istituto-bellieni.it\/sc\/la-festha-di-la-gobbura-lu-carrasciari-in-linga-sassaresa\/#primaryimage","url":"https:\/\/www.istituto-bellieni.it\/wp-content\/uploads\/2026\/02\/festadellagobbula-Sassarese.jpg","contentUrl":"https:\/\/www.istituto-bellieni.it\/wp-content\/uploads\/2026\/02\/festadellagobbula-Sassarese.jpg","width":820,"height":360,"caption":"Festa della Gobbula"},{"@type":"BreadcrumbList","@id":"https:\/\/www.istituto-bellieni.it\/sc\/la-festha-di-la-gobbura-lu-carrasciari-in-linga-sassaresa\/#breadcrumb","itemListElement":[{"@type":"ListItem","position":1,"name":"Home","item":"https:\/\/www.istituto-bellieni.it\/sc\/"},{"@type":"ListItem","position":2,"name":"La Festha di la G\u00f3bbura: Lu Carrasciari in linga sassaresa"}]},{"@type":"WebSite","@id":"https:\/\/www.istituto-bellieni.it\/#website","url":"https:\/\/www.istituto-bellieni.it\/","name":"Istituto Camillo Bellieni Sassari","description":"Il sito web dell&#039;Istituto di studi e ricerche Camillo Bellieni di Sassari","publisher":{"@id":"https:\/\/www.istituto-bellieni.it\/#organization"},"potentialAction":[{"@type":"SearchAction","target":{"@type":"EntryPoint","urlTemplate":"https:\/\/www.istituto-bellieni.it\/?s={search_term_string}"},"query-input":{"@type":"PropertyValueSpecification","valueRequired":true,"valueName":"search_term_string"}}],"inLanguage":"sc-SC"},{"@type":"Organization","@id":"https:\/\/www.istituto-bellieni.it\/#organization","name":"Istituto di Studi e Ricerce Camillo Bellieni Sassari","url":"https:\/\/www.istituto-bellieni.it\/","logo":{"@type":"ImageObject","inLanguage":"sc-SC","@id":"https:\/\/www.istituto-bellieni.it\/#\/schema\/logo\/image\/","url":"https:\/\/www.istituto-bellieni.it\/wp-content\/uploads\/2022\/02\/logo-vect.svg","contentUrl":"https:\/\/www.istituto-bellieni.it\/wp-content\/uploads\/2022\/02\/logo-vect.svg","width":305.021,"height":176.34,"caption":"Istituto di Studi e Ricerce Camillo Bellieni Sassari"},"image":{"@id":"https:\/\/www.istituto-bellieni.it\/#\/schema\/logo\/image\/"},"sameAs":["https:\/\/www.facebook.com\/IstitutoBellieni"]},{"@type":"Person","@id":"https:\/\/www.istituto-bellieni.it\/#\/schema\/person\/ad5e2af9b2c2e2673c3d93d608b4dc7b","name":"admin","image":{"@type":"ImageObject","inLanguage":"sc-SC","@id":"https:\/\/secure.gravatar.com\/avatar\/6c3757f6686398e5a09f7b3113e4e325728a02ba358a49d250222878791cf4e7?s=96&d=mm&r=g","url":"https:\/\/secure.gravatar.com\/avatar\/6c3757f6686398e5a09f7b3113e4e325728a02ba358a49d250222878791cf4e7?s=96&d=mm&r=g","contentUrl":"https:\/\/secure.gravatar.com\/avatar\/6c3757f6686398e5a09f7b3113e4e325728a02ba358a49d250222878791cf4e7?s=96&d=mm&r=g","caption":"admin"},"sameAs":["https:\/\/www.istituto-bellieni.it\/"],"url":"https:\/\/www.istituto-bellieni.it\/sc\/author\/admin\/"}]}},"_links":{"self":[{"href":"https:\/\/www.istituto-bellieni.it\/sc\/wp-json\/wp\/v2\/posts\/31161","targetHints":{"allow":["GET"]}}],"collection":[{"href":"https:\/\/www.istituto-bellieni.it\/sc\/wp-json\/wp\/v2\/posts"}],"about":[{"href":"https:\/\/www.istituto-bellieni.it\/sc\/wp-json\/wp\/v2\/types\/post"}],"author":[{"embeddable":true,"href":"https:\/\/www.istituto-bellieni.it\/sc\/wp-json\/wp\/v2\/users\/1"}],"replies":[{"embeddable":true,"href":"https:\/\/www.istituto-bellieni.it\/sc\/wp-json\/wp\/v2\/comments?post=31161"}],"version-history":[{"count":4,"href":"https:\/\/www.istituto-bellieni.it\/sc\/wp-json\/wp\/v2\/posts\/31161\/revisions"}],"predecessor-version":[{"id":31166,"href":"https:\/\/www.istituto-bellieni.it\/sc\/wp-json\/wp\/v2\/posts\/31161\/revisions\/31166"}],"wp:featuredmedia":[{"embeddable":true,"href":"https:\/\/www.istituto-bellieni.it\/sc\/wp-json\/wp\/v2\/media\/31162"}],"wp:attachment":[{"href":"https:\/\/www.istituto-bellieni.it\/sc\/wp-json\/wp\/v2\/media?parent=31161"}],"wp:term":[{"taxonomy":"category","embeddable":true,"href":"https:\/\/www.istituto-bellieni.it\/sc\/wp-json\/wp\/v2\/categories?post=31161"},{"taxonomy":"post_tag","embeddable":true,"href":"https:\/\/www.istituto-bellieni.it\/sc\/wp-json\/wp\/v2\/tags?post=31161"}],"curies":[{"name":"wp","href":"https:\/\/api.w.org\/{rel}","templated":true}]}}